{"id":563921,"date":"2025-11-09T22:54:15","date_gmt":"2025-11-09T22:54:15","guid":{"rendered":"https:\/\/www.europesays.com\/de\/563921\/"},"modified":"2025-11-09T22:54:15","modified_gmt":"2025-11-09T22:54:15","slug":"kommen-revolverheld-aus-der-band-pause-nie-zurueck","status":"publish","type":"post","link":"https:\/\/www.europesays.com\/de\/563921\/","title":{"rendered":"Kommen Revolverheld aus der Band-Pause nie zur\u00fcck?"},"content":{"rendered":"<p>Kehrt die Gruppe jemals auf die B\u00fchne zur\u00fcck?\u201eWird mir sehr schwerfallen\u201c \u2013 Revolverheld-S\u00e4nger begr\u00fcndet Band-Pause<img alt=\"Die Band Revolverheld.\" fetchpriority=\"high\" width=\"940\" height=\"529\" decoding=\"async\" data-nimg=\"1\" class=\"Image_image__SdgLQ Picture_image__vGN9W\" style=\"color:transparent\"   src=\"https:\/\/www.europesays.com\/de\/wp-content\/uploads\/2025\/11\/die-band-revolverheld.webp.webp\"\/><\/p>\n<p>Revolverheld verabschiedet sich am Ende des Jahres in eine Pause.<\/p>\n<p>Gerald Matzka\/dpa<\/p>\n<p>9. November 2025 um 14:07 Uhr<\/p>\n<p class=\"AnnotatedMarkup_paragraph__IUT9l\"><strong>Erst Jubil\u00e4umstour, dann Sendepause!<\/strong><br \/>Revolverheld verabschieden sich 2025 mit acht Konzerten vorerst von ihren Fans. Im Interview erz\u00e4hlt Frontmann Johannes Strate, wie er der Auszeit entgegenblickt \u2013 und warum ein endg\u00fcltiges Band-Aus zwar unwahrscheinlich, aber nicht ausgeschlossen ist.<\/p>\n<p>Revolverheld verabschiedet sich in Pause<\/p>\n<p class=\"AnnotatedMarkup_paragraph__IUT9l\">2025 ist f\u00fcr Revolverheld ein gro\u00dfes Jahr: Die Poprockband feiert ihr 20-j\u00e4hriges Jubil\u00e4um mit einer gro\u00dfen Tour. Mit dem letzten Konzert am 21. Dezember verabschiedet sie sich dann in eine Pause auf unbestimmte Zeit. Wie S\u00e4nger Johannes Strate (45) im Interview mit der Nachrichtenagentur spot on news erz\u00e4hlt, sei es \u201edie richtige Entscheidung\u201d f\u00fcr alle. Einstimmig h\u00e4tten sich seine Bandkollegen Kristoffer H\u00fcnecke, Niels Kristian Hansen und Jakob Sinn dazu entschlossen. \u201eDamit man einmal so eine Art Sabbatical hat, den Kopf frei bekommt und nicht von externen Terminen bestimmt wird\u201d, erkl\u00e4rt Strate.<\/p>\n<p class=\"AnnotatedMarkup_paragraph__IUT9l\"><strong>Lese-Tipp: <\/strong><a href=\"https:\/\/www.rtl.de\/unterhaltung\/stars\/revolverheld-kommen-sie-aus-der-pause-zurueck-id6624310.html\" target=\"_self\" rel=\"noopener\">Kommt Revolverheld aus der Pause zur\u00fcck?<\/a><\/p>\n<p><img alt=\"Johannes Strate spricht \u00fcber die anstehende Band-Pause.\" fetchpriority=\"auto\" loading=\"lazy\" width=\"940\" height=\"529\" decoding=\"async\" data-nimg=\"1\" class=\"Image_image__SdgLQ Picture_image__vGN9W\" style=\"color:transparent\"   src=\"https:\/\/www.europesays.com\/de\/wp-content\/uploads\/2025\/11\/imago816651306.webp.webp\"\/><\/p>\n<p>Johannes Strate spricht \u00fcber die anstehende Band-Pause.<\/p>\n<p>Imago<\/p>\n<p class=\"AnnotatedMarkup_paragraph__IUT9l\">Die Pause bedeutet allerdings auch, die Band-Routine loszulassen. \u201eDas wird mir sicher sehr schwerfallen. Im Moment kann ich mir das noch gar nicht so richtig vorstellen\u201d, gibt er zu. Vor allem zu Beginn des neuen Jahres w\u00fcrde es sich sicherlich merkw\u00fcrdig anf\u00fchlen. \u201eAber ich versuche es nat\u00fcrlich auch ein bisschen zu provozieren, den Leerlauf zuzulassen\u201d, erg\u00e4nzt er. Die freie Zeit wolle er vor allem mit seinem Sohn verbringen. \u201eManchmal war es ein solider Spagat und etwas stressig\u201d, erz\u00e4hlt er \u00fcber das Privat- und Berufsleben. \u201eMir hat ein bisschen Ruhe gefehlt, aber ich bin mir sicher, dass die n\u00e4chstes Jahr kommt.\u201d<\/p>\n<p class=\"AnnotatedMarkup_paragraph__IUT9l\">Wie lange diese Ruhe anhalten wird, wisse er nicht. Die Band habe das Ende bewusst offen gelassen, um den Druck herauszunehmen. Ob die Pause das Aus bedeuten k\u00f6nnte? \u201eDas glaube ich nicht. Daf\u00fcr m\u00f6gen wir alle zu gerne die Musik, aber ich kann nicht sagen, wann das n\u00e4chste Konzert sein wird\u201d, so Strate. Dennoch schr\u00e4nkt er ein: \u201eVielleicht sagt auch jemand nach einem Jahr: \u2018Mir hat das total gut gefallen. Ich wei\u00df nicht, ob es noch so wichtig ist, live zu spielen. Ich will lieber erst mal dauerhaft eine Pause machen.\u2019 Dann w\u00e4re das nat\u00fcrlich so.\u201d<\/p>\n<p>Video-Tipp: Max Mutzke spricht \u00fcber die Trennung von der Mutter seiner KinderAnzeige:<\/p>\n<p>Empfehlungen unserer Partner<\/p>\n<p>Stimmung bei Revolverheld sei vor der Tour \u201eeuphorisch\u201c<\/p>\n<p class=\"AnnotatedMarkup_paragraph__IUT9l\">Bevor sich Revolverheld zur\u00fcckziehen, stehen acht Konzerte an. Dazu verr\u00e4t der Frontmann: \u201eWir werden die kompletteste Tour spielen, die wir je gespielt haben, mit den gr\u00f6\u00dften Hits der letzten 20 Jahre.\u201c Strate erg\u00e4nzt: \u201eIch freue mich, wieder auf der B\u00fchne zu stehen und mit meinen Kumpels Musik zu machen.\u201c<\/p>\n<p class=\"AnnotatedMarkup_paragraph__IUT9l\"><strong>Lese-Tipp: <\/strong><a href=\"https:\/\/www.rtl.de\/unterhaltung\/stars\/revolverheld-johannes-strate-hier-schiebt-er-seinem-sohn-den-riegel-vor-id1959888.html\" target=\"_self\" rel=\"noopener\">Hier schiebt Revolverheld Johannes Strate seinem Sohn den Riegel vor<\/a><\/p>\n<p><img alt=\"Revolverheld zu Gast bei Giovanni Zarrella\" fetchpriority=\"auto\" loading=\"lazy\" width=\"940\" height=\"529\" decoding=\"async\" data-nimg=\"1\" class=\"Image_image__SdgLQ Picture_image__vGN9W\" style=\"color:transparent\"   src=\"https:\/\/www.europesays.com\/de\/wp-content\/uploads\/2025\/11\/reveolverheld.webp.webp\"\/><\/p>\n<p>Revolverheld zu Gast bei Giovanni Zarrella am 23. August 2025.<\/p>\n<p>picture alliance \/ Geisler-Fotopress | Thomas Schr\u00f6er\/Geisler-Fotopres<\/p>\n<p class=\"AnnotatedMarkup_paragraph__IUT9l\">Das treffe auch auf seine Bandkollegen zu. \u201eIm Moment ist die Stimmung euphorisch\u201c, berichtet er, f\u00fcgt angesichts der Pause aber an: \u201eNat\u00fcrlich auch ein bisschen wehm\u00fctig.\u201c Auch in dieser Zeit w\u00fcrden sie sich sicherlich nicht aus den Augen verlieren und einmal pro Woche zum Kaffee zusammenkommen. \u201eEinfach als Freunde, weil wir nach wie vor eng befreundet sind und alle gro\u00dfen privaten Ereignisse immer zusammen feiern\u201c, erkl\u00e4rt er.<\/p>\n<p>Band belegte zweiten Platz beim Bundesvision Song Contest <\/p>\n<p class=\"AnnotatedMarkup_paragraph__IUT9l\">Beruflich verbinden sie mittlerweile sechs Studioalben. 2005 erschien ihr selbstbetiteltes Deb\u00fctalbum, 2021 ver\u00f6ffentlichten sie ihre bislang letzte LP \u201eNeu erz\u00e4hlen\u201c. Dazwischen h\u00e4tten sie \u201eviele skurrile Momente\u201c erlebt, sagt Strate. Dazu z\u00e4hle etwa der Auftritt vor rund 500.000 Menschen am Brandenburger Tor. Damals performten sie den DFB-Fansong \u201eHelden 2008\u201c nach der 0:1-Finalniederlage der Deutschen gegen Spanien.<\/p>\n<p class=\"AnnotatedMarkup_paragraph__IUT9l\"><strong>Lese-Tipp: <\/strong><a href=\"https:\/\/www.rtl.de\/unterhaltung\/stars\/ex-bachelorette-nadine-klein-spricht-erstmals-ueber-gerissenes-aneurysma-id6878354.html\" target=\"_self\" rel=\"noopener\">Ex-Bachelorette Nadine Klein spricht erstmals \u00fcber gerissenes Aneurysma<\/a><\/p>\n<p class=\"AnnotatedMarkup_paragraph__IUT9l\">Aber auch, \u201edass wir mit \u2018Freunde bleiben\u2019 beim Bundesvision Song Contest 2006 \u00fcberraschend den zweiten Platz hinter Seeed belegen oder dass wir den Song so viele Jahre sp\u00e4ter immer noch spielen und 10.000 Leute zu einem Konzert kommen, h\u00e4tte er nie gedacht. \u201eWenn mir das jemand als 20-J\u00e4hriger erz\u00e4hlt h\u00e4tte, h\u00e4tte ich ihn f\u00fcr verr\u00fcckt erkl\u00e4rt.\u201c (fkl)<\/p>\n<p class=\"AnnotatedMarkup_paragraph__IUT9l\">Verwendete Quellen: spot on news<\/p>\n","protected":false},"excerpt":{"rendered":"Kehrt die Gruppe jemals auf die B\u00fchne zur\u00fcck?\u201eWird mir sehr schwerfallen\u201c \u2013 Revolverheld-S\u00e4nger begr\u00fcndet Band-Pause Revolverheld verabschiedet sich&hellip;\n","protected":false},"author":2,"featured_media":563922,"comment_status":"","ping_status":"","sticky":false,"template":"","format":"standard","meta":{"footnotes":""},"categories":[1772],"tags":[6329,29,214,30,77487,1779,810,32313,215],"class_list":{"0":"post-563921","1":"post","2":"type-post","3":"status-publish","4":"format-standard","5":"has-post-thumbnail","7":"category-musik","8":"tag-band","9":"tag-deutschland","10":"tag-entertainment","11":"tag-germany","12":"tag-johannes-strate","13":"tag-music","14":"tag-musik","15":"tag-revolverheld","16":"tag-unterhaltung"},"share_on_mastodon":{"url":"https:\/\/pubeurope.com\/@de\/115522206262917476","error":""},"_links":{"self":[{"href":"https:\/\/www.europesays.com\/de\/wp-json\/wp\/v2\/posts\/563921","targetHints":{"allow":["GET"]}}],"collection":[{"href":"https:\/\/www.europesays.com\/de\/wp-json\/wp\/v2\/posts"}],"about":[{"href":"https:\/\/www.europesays.com\/de\/wp-json\/wp\/v2\/types\/post"}],"author":[{"embeddable":true,"href":"https:\/\/www.europesays.com\/de\/wp-json\/wp\/v2\/users\/2"}],"replies":[{"embeddable":true,"href":"https:\/\/www.europesays.com\/de\/wp-json\/wp\/v2\/comments?post=563921"}],"version-history":[{"count":0,"href":"https:\/\/www.europesays.com\/de\/wp-json\/wp\/v2\/posts\/563921\/revisions"}],"wp:featuredmedia":[{"embeddable":true,"href":"https:\/\/www.europesays.com\/de\/wp-json\/wp\/v2\/media\/563922"}],"wp:attachment":[{"href":"https:\/\/www.europesays.com\/de\/wp-json\/wp\/v2\/media?parent=563921"}],"wp:term":[{"taxonomy":"category","embeddable":true,"href":"https:\/\/www.europesays.com\/de\/wp-json\/wp\/v2\/categories?post=563921"},{"taxonomy":"post_tag","embeddable":true,"href":"https:\/\/www.europesays.com\/de\/wp-json\/wp\/v2\/tags?post=563921"}],"curies":[{"name":"wp","href":"https:\/\/api.w.org\/{rel}","templated":true}]}}