{"id":564024,"date":"2025-11-09T23:51:42","date_gmt":"2025-11-09T23:51:42","guid":{"rendered":"https:\/\/www.europesays.com\/de\/564024\/"},"modified":"2025-11-09T23:51:42","modified_gmt":"2025-11-09T23:51:42","slug":"opfern-der-november-pogrome-gedacht-steinmeier-warnt-vor-rechtsextremer-bedrohung-%c2%b7-leipziger-zeitung","status":"publish","type":"post","link":"https:\/\/www.europesays.com\/de\/564024\/","title":{"rendered":"Opfern der November-Pogrome gedacht; Steinmeier warnt vor rechtsextremer Bedrohung \u00b7 Leipziger Zeitung"},"content":{"rendered":"<p>Der 9. November ist auf vielen Ebenen ein historisch bedeutender Tag. Vor allem haben aber die nationalsozialistischen Pogrome gegen die j\u00fcdische Bev\u00f6lkerung tiefe Wunden hinterlassen. Im ganzen Land wurde daher den Opfern gedacht. Bundespr\u00e4sident Steinmeier rief eindringlich dazu auf, die Demokratie aktiv gegen Rechtsextremisten zu verteidigen. Die LZ fasst zusammen, was am Wochenende, 8.\/9. November 2025, in Leipzig, Sachsen und dar\u00fcber hinaus wichtig war.<\/p>\n<p>Leipzig gedenkt Opfern der Novemberpogrome von 1938<\/p>\n<p>In den fr\u00fchen Morgenstunden des 10. November 1938 hatte das Grauen der nationalsozialistischen Novemberpogrome auch in Leipzig seinen Anfang genommen. Hunderte j\u00fcdische Einwohner der Stadt wurden angegriffen und verhaftet, ihre Wohnungen und Gesch\u00e4fte zerst\u00f6rt, Synagogen angez\u00fcndet. So fiel auch die \u00fcber 80 Jahre alte gro\u00dfe Synagoge den Flammen zum Opfer.<img decoding=\"async\" src=\"https:\/\/www.europesays.com\/de\/wp-content\/uploads\/2025\/11\/836b2d79ba52441a96c05d579b54f55d.gif\" alt=\"\" width=\"https:\/\/www.l-iz.de\/der-tag\/2025\/11\/1\" height=\"https:\/\/www.l-iz.de\/der-tag\/2025\/11\/1\"\/><\/p>\n<p>Hier, an der Ecke Gottsched-\/ Zentralstra\u00dfe, gedachten nun am Sonntagabend rund 200 Leipzigerinnen und Leipziger den Opfern dieser Gr\u00e4ueltaten. Oberb\u00fcrgermeister Burkhard Jung (SPD) und Katrin Ikhilman, Mitglied der Israelitischen Religionsgemeinde zu Leipzig, hielten Gedenkansprachen.<\/p>\n<p>Jung beschrieb dabei eindringlich Szenen der antisemitischem Gewalt vom November 1938 in Leipzig und mahnte Widerspruch und Wachsamkeit auch in der heutigen Zeit an. Nach einem Kaddisch-Gebet des Rabbiners Eli Dues wurden Kr\u00e4nze niedergelegt und eine Schweigeminute gehalten.<\/p>\n<p>Stolpersteine putzen<\/p>\n<p>Neben der offiziellen Gedenkveranstaltung wurde heute \u00fcber das gesamte Stadtgebiet die Erinnerung an die Opfer der Pogromnacht wachgehalten. Denn traditionell <a href=\"https:\/\/lok-leipzig.com\/news\/detail\/gegen-das-vergessen-2\" target=\"_blank\" rel=\"noopener\">putzen am 9. November die Leipzigerinnen und Leipziger die zahlreichen Stolpersteine<\/a>, die zur Mahnung und Vergegenw\u00e4rtigung der Schicksale Einzelner in den Boden eingelassen wurden. <a href=\"https:\/\/www.l-iz.de\/leben\/gesellschaft\/2025\/10\/neue-stolpersteine-verlegt-die-anne-frank-von-leipzig-637307\" target=\"_blank\" rel=\"noopener\">Inzwischen sind es 846 dieser Steine<\/a>, die in Leipzig zu finden sind.<\/p>\n<p>Bundespr\u00e4sident Steinmeier sieht die Demokratie in Gefahr<\/p>\n<p>In seiner <a href=\"https:\/\/www.bundespraesident.de\/SharedDocs\/Reden\/DE\/Frank-Walter-Steinmeier\/Reden\/2025\/11\/251109-9-November-Matinee.html\" target=\"_blank\" rel=\"noopener\">Rede zum 9. November rief Bundespr\u00e4sident Frank-Walter-Steinmeier<\/a> dazu auf, die Demokratie in Deutschland zu verteidigen. Denn Demokratie und Freiheit seien vor allem durch rechtsextreme Kr\u00e4fte so stark bedroht wie noch nie.<\/p>\n<p>\u201eWir d\u00fcrfen nicht gleichsam hineinrutschen erst in eine neue Faszination des Autorit\u00e4ren und dann in neue Unfreiheit, und hinterher sagen alle: \u201aDas haben wir nicht gewollt. Das haben wir nicht gewusst\u2018\u201c, sagte er im Schloss Bellevue.<\/p>\n<p>\u201eEinfach abzuwarten, dass der Sturm vorbeizieht und solange in sichere Deckung zu gehen, das reicht nach meiner \u00dcberzeugung nicht. Zeit zu verlieren haben wir nicht. Wir m\u00fcssen handeln. Wir k\u00f6nnen handeln! Unsere Demokratie ist nicht dazu verurteilt, sich auszuliefern! Die Demokratie kann sich wehren!\u201c<\/p>\n<p>Handball: SC DHfK-M\u00e4nner bleiben Letzter, HCL-Frauen weiter Tabellenf\u00fchrer<\/p>\n<p>Der Deutsche Handball-Meister war zu Gast in der Arena Leipzig. Zum 11. Spieltag empfingen die Bundesliga-M\u00e4nner des SC DHfK am Sonntag die F\u00fcchse Berlin. Die Rollen schienen dabei klar verteilt, denn den Leipzigern ist in dieser Saison noch kein einziger Liga-Sieg gelungen, was sie aktuell zum Tabellenschlusslicht macht.<\/p>\n<p>Doch vor 4.875 lautstarken Handballfans lie\u00dfen die Gr\u00fcn-Wei\u00dfen gegen den Favoriten aus Berlin ihr Herz auf der Platte. In der ersten Viertelstunde agierten sie voll auf Augenh\u00f6he. Dann gab es mit einer harten Rot-Entscheidung gegen William Bogojevic einen ersten D\u00e4mpfer. Torh\u00fcter Domenico Ebner hielt seine Leipziger aber mit starken Paraden im Spiel. Der Halbzeitstand von \u201enur\u201c 12:15 machte weiterhin Hoffnung auf Z\u00e4hlbares.<\/p>\n<p>Doch in der zweiten H\u00e4lfte bauten die Berliner ihren Vorsprung St\u00fcck f\u00fcr St\u00fcck aus. Superstar Mathias Gidsel, Welthandballer der Jahre 2023 und 2024, avancierte mit seinen acht Treffern zum erfolgreichsten Torsch\u00fctzen der Partie. Am Ende stand das Ergebnis von 26:34 auf dem Videow\u00fcrfel.<\/p>\n<p>DHfK-Coach Raul Alonso trauerte den 19 Fehlw\u00fcrfen seines Teams hinterher, sah aber auch Positives: \u201eMeine Mannschaft hat alles gegeben, trotz der Situation. Die Stimmung in der Halle war \u00fcberragend, daf\u00fcr ein gro\u00dfes Dankesch\u00f6n. Wir nehmen den Einsatz und die Energie mit in die n\u00e4chsten Spiele.\u201c<\/p>\n<ul class=\"swiper-wrapper kf-gallery-photos\">\n<li class=\"swiper-slide\"><img decoding=\"async\" width=\"698\" height=\"465\" src=\"https:\/\/www.europesays.com\/de\/wp-content\/uploads\/2025\/11\/BS-Jan_Kaefer-00009989-698x465.jpg\" class=\"attachment-large size-large\" alt=\"\" loading=\"lazy\"  \/>Tobias Groendahl (15, F\u00fcchse Berlin) kommt gegen Luka Rogan (33, SC DHfK Leipzig) zum Wurf. Foto: Jan Kaefer<\/li>\n<li class=\"swiper-slide\"><img decoding=\"async\" width=\"698\" height=\"465\" src=\"https:\/\/www.europesays.com\/de\/wp-content\/uploads\/2025\/11\/BS-Jan_Kaefer-00009979-698x465.jpg\" class=\"attachment-large size-large\" alt=\"\" loading=\"lazy\"  \/>Matthes Langhoff (25, F\u00fcchse Berlin) wirft gegen Torwart Domenico Ebner (1, SC DHfK Leipzig). Foto: Jan Kaefer<\/li>\n<li class=\"swiper-slide\"><img decoding=\"async\" width=\"698\" height=\"465\" src=\"https:\/\/www.europesays.com\/de\/wp-content\/uploads\/2025\/11\/BS-Jan_Kaefer-00009962-698x465.jpg\" class=\"attachment-large size-large\" alt=\"\" loading=\"lazy\"  \/>Mathias Gidsel (19, F\u00fcchse Berlin) wirft gegen Torwart Domenico Ebner (1, SC DHfK Leipzig). Foto: Jan Kaefer<\/li>\n<li class=\"swiper-slide\"><img decoding=\"async\" width=\"698\" height=\"465\" src=\"https:\/\/www.europesays.com\/de\/wp-content\/uploads\/2025\/11\/BS-Jan_Kaefer-00009928-698x465.jpg\" class=\"attachment-large size-large\" alt=\"\" loading=\"lazy\"  \/>Lucas Krzikalla (8, SC DHfK Leipzig) wirft einen Siebenmeter gegen Torwart Dejan Milosavljev (96, F\u00fcchse Berlin). Foto: Jan Kaefer<\/li>\n<li class=\"swiper-slide\"><img decoding=\"async\" width=\"698\" height=\"465\" src=\"https:\/\/www.europesays.com\/de\/wp-content\/uploads\/2025\/11\/BS-Jan_Kaefer-00009871-698x465.jpg\" class=\"attachment-large size-large\" alt=\"\" loading=\"lazy\"  \/>Mathias Gidsel (19, F\u00fcchse Berlin) wird von Marko Mamic (14, SC DHfK Leipzig) und Moritz Preuss (24, SC DHfK Leipzig) bearbeitet. Foto: Jan Kaefer<\/li>\n<li class=\"swiper-slide\"><img decoding=\"async\" width=\"698\" height=\"465\" src=\"https:\/\/www.europesays.com\/de\/wp-content\/uploads\/2025\/11\/BS-Jan_Kaefer-00009859-698x465.jpg\" class=\"attachment-large size-large\" alt=\"\" loading=\"lazy\"  \/>Caspar Gauer (25, SC DHfK Leipzig). Foto: Jan Kaefer<\/li>\n<li class=\"swiper-slide\"><img decoding=\"async\" width=\"698\" height=\"465\" src=\"https:\/\/www.europesays.com\/de\/wp-content\/uploads\/2025\/11\/BS-Jan_Kaefer-00009842-698x465.jpg\" class=\"attachment-large size-large\" alt=\"\" loading=\"lazy\"  \/>Torwart Domenico Ebner (1, SC DHfK Leipzig) erwartet einen Wurf von Mathias Gidsel (19, F\u00fcchse Berlin). Foto: Jan Kaefer<\/li>\n<li class=\"swiper-slide\"><img decoding=\"async\" width=\"698\" height=\"465\" src=\"https:\/\/www.europesays.com\/de\/wp-content\/uploads\/2025\/11\/BS-Jan_Kaefer-00009839-698x465.jpg\" class=\"attachment-large size-large\" alt=\"\" loading=\"lazy\"  \/>Cheftrainer Raul Alonso (SC DHfK Leipzig). Foto: Jan Kaefer<\/li>\n<li class=\"swiper-slide\"><img decoding=\"async\" width=\"698\" height=\"465\" src=\"https:\/\/www.europesays.com\/de\/wp-content\/uploads\/2025\/11\/BS-Jan_Kaefer-00009657-698x465.jpg\" class=\"attachment-large size-large\" alt=\"\" loading=\"lazy\"  \/>Adam L\u00f6nn (15, SC DHfK Leipzig), daneben Mijajlo Marsenic (93, F\u00fcchse Berlin). Foto: Jan Kaefer<\/li>\n<li class=\"swiper-slide\"><img decoding=\"async\" width=\"698\" height=\"465\" src=\"https:\/\/www.europesays.com\/de\/wp-content\/uploads\/2025\/11\/BS-Jan_Kaefer-00009582-698x465.jpg\" class=\"attachment-large size-large\" alt=\"\" loading=\"lazy\"  \/>Adam L\u00f6nn (15, SC DHfK Leipzig). Foto: Jan Kaefer<\/li>\n<li class=\"swiper-slide\"><img decoding=\"async\" width=\"698\" height=\"465\" src=\"https:\/\/www.europesays.com\/de\/wp-content\/uploads\/2025\/11\/BS-Jan_Kaefer-00009574-698x465.jpg\" class=\"attachment-large size-large\" alt=\"\" loading=\"lazy\"  \/>Blaer Hinriksson (44, SC DHfK Leipzig) beim Wurf, Matthes Langhoff (25, F\u00fcchse Berlin) kann nur hinterherschauen. Foto: Jan Kaefer<\/li>\n<\/ul>\n<p>Einen absoluten Lauf haben hingegen die Handball-Frauen vom HC Leipzig. Das Team von Trainer Erik T\u00f6pfer hat alle acht bisherigen Partien gewinnen k\u00f6nnen und f\u00fchrt somit verlustpunktfrei die Tabelle der 2. Bundesliga an. Am Samstag war den Blau-Gelben im Sachsen-Derby beim HC R\u00f6dertal dabei ein Prestige-Sieg gelungen. Bei einem der Aufstiegs-Mitfavoriten setzten sich die Leipzigerinnen mit 25:22 (14:9) durch.<\/p>\n<p><strong>Wor\u00fcber die LZ am Wochenende berichtet hat:<\/strong><\/p>\n<p><a href=\"https:\/\/www.l-iz.de\/politik\/leipzig\/2025\/11\/website-der-stadt-leipzig-mit-neuem-design-638489\" target=\"_blank\" rel=\"noopener\">Website der Stadt Leipzig mit neuem Design: Etwas fehlt immer<\/a><\/p>\n<p><a href=\"https:\/\/www.l-iz.de\/bildung\/leipzig-bildet\/2025\/11\/stadtrat-tagte-geld-fur-schulsozialarbeitzu-knapp-video-638503\" target=\"_blank\" rel=\"noopener\">Der Stadtrat tagte: Wenn das Geld f\u00fcr Schulsozialarbeit vorn und hinten zu knapp ist<\/a><\/p>\n<p><a href=\"https:\/\/www.l-iz.de\/leben\/gesellschaft\/2025\/11\/mit-lvb-strassenbahnfahrerin-kerstin-werner-durch-die-leipziger-nacht-kenne-meine-pappenheimer-638471\" target=\"_blank\" rel=\"noopener\">Mit LVB-Stra\u00dfenbahnfahrerin Kerstin Werner durch die Leipziger Nacht: \u201eIch kenne meine Pappenheimer\u201c<\/a><\/p>\n<p><a href=\"https:\/\/www.l-iz.de\/politik\/leipzig\/2025\/11\/stadtrat-tagte-mieterbeirat-der-lwb-video-638455\" target=\"_blank\" rel=\"noopener\">Der Stadtrat tagte: Zwei kleine Beschlussempfehlungen f\u00fcr den Mieterbeirat der LWB<\/a><\/p>\n<p><a href=\"https:\/\/www.l-iz.de\/bildung\/buecher\/2025\/11\/rezepte-aus-meiner-suppenkuche-regina-roehner-638465\" target=\"_blank\" rel=\"noopener\">Rezepte aus meiner Suppenk\u00fcche: Eine Einladung in die bunte Welt der Suppenkunst<\/a><\/p>\n<p><a href=\"https:\/\/www.l-iz.de\/politik\/leipzig\/2025\/11\/der-stadtrat-tagte-sozialausgaben-leipzig-ungedeckte-mehrausgaben-750-millionen-euro-638614\" target=\"_blank\" rel=\"noopener\">Der Stadtrat tagte: Allein bei Sozialausgaben drohen Leipzig ungedeckte Mehrausgaben von 750 Millionen Euro<\/a><\/p>\n<p><a href=\"https:\/\/www.l-iz.de\/sport\/weitere\/2025\/11\/pingpong-gegen-parkinson-viola-weltmeisterin-leipzig-video-638629\" target=\"_blank\" rel=\"noopener\">Pingpong gegen Parkinson: Viola, die Weltmeisterin aus Leipzig<\/a><\/p>\n<p><a href=\"https:\/\/www.l-iz.de\/leben\/familie-und-kinder\/2025\/11\/memoria-9-wurdevoller-abschied-sternenkinder-leipzig-638608\" target=\"_blank\" rel=\"noopener\">Memoria # 9: W\u00fcrdevoller Abschied f\u00fcr Sternenkinder in Leipzig<\/a><\/p>\n<p><strong>Was am Wochenende au\u00dferdem wichtig war:<\/strong><\/p>\n<p>Nachdem Russland mit Hunderten Drohnen und mehreren Raketen massiv Energieanlagen in der Ukraine angegriffen hatte, <a href=\"https:\/\/www.tagesschau.de\/ausland\/europa\/ukraine-russland-angriffe-energie-100.html\" target=\"_blank\" rel=\"noopener\">gab es in der Nacht zum Sonntag den Gegenschlag<\/a>. In der westrussischen Region Belgorod seien dadurch \u00fcber 20.000 Menschen vor\u00fcbergehend ohne Strom gewesen.<\/p>\n<p>Auf der spanischen Insel Teneriffa sind <a href=\"https:\/\/www.n-tv.de\/panorama\/Riesige-Wellen-toeten-mehrere-Menschen-article26149851.html\" target=\"_blank\" rel=\"noopener\">durch starken Wellengang drei Menschen ums Leben gekommen<\/a>, weitere wurden teils schwer verletzt. Wegen einer Unwetterwarnung hatten die Beh\u00f6rden dazu aufgerufen, Uferwege und Str\u00e4nde zu meiden.<\/p>\n<p>In K\u00f6ln haben am Samstag rund <a href=\"https:\/\/www.spiegel.de\/politik\/koeln-tausende-demonstrieren-in-koeln-fuer-freilassung-von-pkk-chef-abdullah-oecalan-a-f039e960-8a49-493f-9b2d-5e0db486c792\" target=\"_blank\" rel=\"noopener\">15.000 Menschen f\u00fcr die Freilassung des PKK-Gr\u00fcnders Abdullah \u00d6calan demonstriert<\/a>, der seit 26 Jahren in t\u00fcrkischer Haft sitzt. Die Polizei sprach \u2013 abgesehen von vereinzelter Pyrotechnik \u2013 von einem insgesamt friedlichen Demo-Verlauf.<\/p>\n","protected":false},"excerpt":{"rendered":"Der 9. November ist auf vielen Ebenen ein historisch bedeutender Tag. Vor allem haben aber die nationalsozialistischen Pogrome&hellip;\n","protected":false},"author":2,"featured_media":564025,"comment_status":"","ping_status":"","sticky":false,"template":"","format":"standard","meta":{"footnotes":""},"categories":[1832],"tags":[16427,3364,2409,29,30,21016,71,131518,859,9380,14732],"class_list":{"0":"post-564024","1":"post","2":"type-post","3":"status-publish","4":"format-standard","5":"has-post-thumbnail","7":"category-leipzig","8":"tag-das-wochenende","9":"tag-de","10":"tag-der-tag","11":"tag-deutschland","12":"tag-germany","13":"tag-hc-leipzig","14":"tag-leipzig","15":"tag-novemberpogrome","16":"tag-sachsen","17":"tag-sc-dhfk-leipzig","18":"tag-stolpersteine"},"share_on_mastodon":{"url":"https:\/\/pubeurope.com\/@de\/115522430190739942","error":""},"_links":{"self":[{"href":"https:\/\/www.europesays.com\/de\/wp-json\/wp\/v2\/posts\/564024","targetHints":{"allow":["GET"]}}],"collection":[{"href":"https:\/\/www.europesays.com\/de\/wp-json\/wp\/v2\/posts"}],"about":[{"href":"https:\/\/www.europesays.com\/de\/wp-json\/wp\/v2\/types\/post"}],"author":[{"embeddable":true,"href":"https:\/\/www.europesays.com\/de\/wp-json\/wp\/v2\/users\/2"}],"replies":[{"embeddable":true,"href":"https:\/\/www.europesays.com\/de\/wp-json\/wp\/v2\/comments?post=564024"}],"version-history":[{"count":0,"href":"https:\/\/www.europesays.com\/de\/wp-json\/wp\/v2\/posts\/564024\/revisions"}],"wp:featuredmedia":[{"embeddable":true,"href":"https:\/\/www.europesays.com\/de\/wp-json\/wp\/v2\/media\/564025"}],"wp:attachment":[{"href":"https:\/\/www.europesays.com\/de\/wp-json\/wp\/v2\/media?parent=564024"}],"wp:term":[{"taxonomy":"category","embeddable":true,"href":"https:\/\/www.europesays.com\/de\/wp-json\/wp\/v2\/categories?post=564024"},{"taxonomy":"post_tag","embeddable":true,"href":"https:\/\/www.europesays.com\/de\/wp-json\/wp\/v2\/tags?post=564024"}],"curies":[{"name":"wp","href":"https:\/\/api.w.org\/{rel}","templated":true}]}}