{"id":564026,"date":"2025-11-09T23:52:24","date_gmt":"2025-11-09T23:52:24","guid":{"rendered":"https:\/\/www.europesays.com\/de\/564026\/"},"modified":"2025-11-09T23:52:24","modified_gmt":"2025-11-09T23:52:24","slug":"betrunkener-faehrt-mit-auto-in-die-fussgaengerzone","status":"publish","type":"post","link":"https:\/\/www.europesays.com\/de\/564026\/","title":{"rendered":"Betrunkener f\u00e4hrt mit Auto in die Fu\u00dfg\u00e4ngerzone"},"content":{"rendered":"<p class=\"text_ohne_einzug richtext text-em-55 !leading-serif mx-6 desktop:mx-0\">(veke) In der Nacht zu Sonntag hat die <a href=\"https:\/\/rp-online.de\/thema\/polizei\/\" target=\"_blank\" rel=\"noopener\">Polizei<\/a> einen 25-J\u00e4hrigen gestoppt, der mit seinem Auto durch die Fu\u00dfg\u00e4ngerzone der D\u00fcsseldorfer Altstadt fuhr. Der junge Mann stand laut Polizei \u201edeutlich unter dem Einfluss von berauschenden Mitteln\u201c.<\/p>\n<p class=\"richtext text-em-55 !leading-serif mx-6 desktop:mx-0\">Gegen halb zwei hatten mehrere Notrufe die Polizei erreicht. Die Anrufer meldeten einen Wagen, der auf dem Grabbeplatz, dem Kay- und Lore-Lorentz-Platz und der Andreasstra\u00dfe in Schrittgeschwindigkeit durch die Fu\u00dfg\u00e4ngerzone fuhr und dabei immer wieder mit Laternen und Hausw\u00e4nden kollidierte. Vor einer Altstadt-Kneipe soll der Wagen schlie\u00dflich zum Halten bekommen sein, teilte die Polizei mit.<\/p>\n<p class=\"richtext text-em-55 !leading-serif mx-6 desktop:mx-0\">Dort setzten Einsatzteams der Polizei den 25-j\u00e4hrigen Fahrer und seine Beifahrer aus den Niederlanden fest. Der Fahrer stand laut Polizei offenbar unter dem deutlichen Einfluss von Alkohol und Bet\u00e4ubungsmitteln. Er sagte den Einsatzkr\u00e4ften, er habe \u201eseine Garage\u201c gesucht. Ob er eine Parkm\u00f6glichkeit in <a href=\"https:\/\/rp-online.de\/thema\/duesseldorf\/\" target=\"_blank\" rel=\"noopener\">D\u00fcsseldorf<\/a> meinte oder ob er noch vorhatte, in die <a href=\"https:\/\/rp-online.de\/thema\/niederlande\/\" target=\"_blank\" rel=\"noopener\">Niederlande<\/a> zur\u00fcckzufahren, sei unklar.<\/p>\n<p class=\"richtext text-em-55 !leading-serif mx-6 desktop:mx-0\">Die Polizei entnahm dem 25-J\u00e4hrigen zwei Blutproben. Da er v\u00f6llig hilflos gewesen sei, kam es f\u00fcr die Nacht in Polizeigewahrsam, hei\u00dft es. Sowohl sein Auto als auch sein F\u00fchrerschein wurden sichergestellt. Die Beifahrer wurden nach Abschluss der polizeilichen Ma\u00dfnahmen entlassen. Die Ermittlungen dauern an.<\/p>\n","protected":false},"excerpt":{"rendered":"(veke) In der Nacht zu Sonntag hat die Polizei einen 25-J\u00e4hrigen gestoppt, der mit seinem Auto durch die&hellip;\n","protected":false},"author":2,"featured_media":564027,"comment_status":"","ping_status":"","sticky":false,"template":"","format":"standard","meta":{"footnotes":""},"categories":[1831],"tags":[2922,513,23702,3364,29,3405,4731,3195,23828,30,15554,16262,1209,136117,24134],"class_list":{"0":"post-564026","1":"post","2":"type-post","3":"status-publish","4":"format-standard","5":"has-post-thumbnail","7":"category-duesseldorf","8":"tag-altstadt","9":"tag-auto","10":"tag-beifahrer","11":"tag-de","12":"tag-deutschland","13":"tag-duesseldorf","14":"tag-fahrer","15":"tag-fussgaengerzone","16":"tag-garage","17":"tag-germany","18":"tag-kneipe","19":"tag-laternen","20":"tag-nordrhein-westfalen","21":"tag-schrittgeschwindigkeit","22":"tag-wagen"},"share_on_mastodon":{"url":"https:\/\/pubeurope.com\/@de\/115522433651510732","error":""},"_links":{"self":[{"href":"https:\/\/www.europesays.com\/de\/wp-json\/wp\/v2\/posts\/564026","targetHints":{"allow":["GET"]}}],"collection":[{"href":"https:\/\/www.europesays.com\/de\/wp-json\/wp\/v2\/posts"}],"about":[{"href":"https:\/\/www.europesays.com\/de\/wp-json\/wp\/v2\/types\/post"}],"author":[{"embeddable":true,"href":"https:\/\/www.europesays.com\/de\/wp-json\/wp\/v2\/users\/2"}],"replies":[{"embeddable":true,"href":"https:\/\/www.europesays.com\/de\/wp-json\/wp\/v2\/comments?post=564026"}],"version-history":[{"count":0,"href":"https:\/\/www.europesays.com\/de\/wp-json\/wp\/v2\/posts\/564026\/revisions"}],"wp:featuredmedia":[{"embeddable":true,"href":"https:\/\/www.europesays.com\/de\/wp-json\/wp\/v2\/media\/564027"}],"wp:attachment":[{"href":"https:\/\/www.europesays.com\/de\/wp-json\/wp\/v2\/media?parent=564026"}],"wp:term":[{"taxonomy":"category","embeddable":true,"href":"https:\/\/www.europesays.com\/de\/wp-json\/wp\/v2\/categories?post=564026"},{"taxonomy":"post_tag","embeddable":true,"href":"https:\/\/www.europesays.com\/de\/wp-json\/wp\/v2\/tags?post=564026"}],"curies":[{"name":"wp","href":"https:\/\/api.w.org\/{rel}","templated":true}]}}