{"id":564030,"date":"2025-11-09T23:54:17","date_gmt":"2025-11-09T23:54:17","guid":{"rendered":"https:\/\/www.europesays.com\/de\/564030\/"},"modified":"2025-11-09T23:54:17","modified_gmt":"2025-11-09T23:54:17","slug":"einkaufen-in-esslingen-tausende-stroemen-zum-herbstmarkt-esslingen","status":"publish","type":"post","link":"https:\/\/www.europesays.com\/de\/564030\/","title":{"rendered":"Einkaufen in Esslingen: Tausende str\u00f6men zum Herbstmarkt &#8211; Esslingen"},"content":{"rendered":"<p>\t\t\t\t\t\t\t\t\t\t\t\t\t\t\t\t\t\t\t\t\t\t\t\t\t\t\t\t\t\t\t\t\t\t\t\t   \t\t\t\t\t \t\t\t\t   \t      \t\t\t\t   <img decoding=\"async\" id=\"article-image\" fetchpriority=\"high\" alt=\"Einkaufen in Esslingen: Tausende str\u00f6men zum Herbstmarkt\" onclick=\"var pA=document.createElement('a');pA.setAttribute('href','https:\/\/www.esslinger-zeitung.de\/gallery.einkaufen-in-esslingen-tausende-stroemen-zum-herbstmarkt.9927384c-d136-46d9-84ae-5f4a8f1712ef.html'),pA.click();\" title=\"Einkaufen in Esslingen: Tausende str\u00f6men zum Herbstmarkt\" src=\"https:\/\/www.europesays.com\/de\/wp-content\/uploads\/2025\/11\/media.media.affbba11-8874-474c-928d-2e9fbb7f7590.original700.jpg\" data-linkto=\"https:\/\/www.esslinger-zeitung.de\/gallery.einkaufen-in-esslingen-tausende-stroemen-zum-herbstmarkt.9927384c-d136-46d9-84ae-5f4a8f1712ef.html\"\/>\t\t\t\t\t\t\t\t\t\t\t\t\t\t\t\t\t\t\t\t\t\t\t\tSpiele konnten Klein und Gro\u00df auf dem Hafenmarkt ausprobieren.\u00a0Foto: Roberto Bulgrin\t\t\t<\/p>\n<p>Trotz des Regenwetters zog es Tausende zum verkaufsoffenen Sonntag. Der Esslinger Herbst lockte mit offenen L\u00e4den und vielen Marktst\u00e4nden Jung und Alt.<\/p>\n<p>Mit hei\u00dfem Gin und Maroni von der offenen Feuerstelle w\u00e4rmten sich die Besucherinnen und Besucher des Esslinger Herbsts auf. Trotz des Regenwetters und k\u00fchler Temperaturen war die Innenstadt am Sonntag belebt; selbst in den Stra\u00dfencaf\u00e9s waren manche Pl\u00e4tze belegt. Der verkaufsoffene Sonntag lockte Jung und Alt in die Innenstadt. Die Linienbusse waren am Nachmittag oft bis auf den letzten Platz besetzt. Rund um die Innenstadt bildeten sich Staus.<\/p>\n<p>Die Eing\u00e4nge zur Innenstadt und zur Inneren Br\u00fccke waren mit mobilen Barrieren gesichert. In den L\u00e4den und Lokalen herrschte reger Betrieb. Nach dem Bummel w\u00e4rmten sich viele mit Kaffee, Falafel oder Fast Food auf. Und warme Bekleidung war an der Schwelle zu den Wintermonaten gefragt. In den Gesch\u00e4ften hatten die Verk\u00e4ufer Zeit, die Kundschaft in aller Ruhe zu beraten. Kleider, Jacken und Hosen mal ohne Zeitdruck anzuprobieren, das kam bei dem regnerischen Wetter sehr gut an. Selbstbewusst zeigten die Einzelh\u00e4ndler beim verkaufsoffenen Sonntag, dass <a href=\"https:\/\/www.esslinger-zeitung.de\/thema\/Esslingen\" title=\"Esslingen\" class=\"art_thema\" target=\"_blank\" rel=\"noopener\">Esslingen<\/a> als Einkaufsstadt nach wie vor attraktiv ist. Auch bei den Leerst\u00e4nden bewegt sich etwas. Im ehemaligen Bekleidungsgesch\u00e4ft K\u00f6gel ist ein Verkauf auf Zeit eingezogen. <\/p>\n<p>Die Verk\u00e4ufer an den St\u00e4nden hatten sich manches einfallen lassen, um die Kundschaft anzusprechen. Auf dem Marktplatz gab es griechische Spezialit\u00e4ten und manches mehr mit Zahnstochern zum Probieren. Corndogs und hei\u00dfe Getr\u00e4nke waren ebenso gefragt wie Gegrilltes von der offenen Feuerstelle. Das weckte bei vielen schon Vorfreude auf den Mittelalter-Weihnachtsmarkt, der am 25. November in der historischen Innenstadt beginnt.<\/p>\n<p>Im Spieleparadies auf dem Hafenmarkt lie\u00dfen sich die Kleinen den Spa\u00df vom Dauerregen nicht verderben. Von Eltern und Gro\u00dfeltern beschirmt, probierten sie Brettspiele aus. Spielwaren Heiges, nur zwei Minuten vom Hafenmarkt entfernt, bot unter freiem Himmel Spiel und Spa\u00df zum Ausprobieren an. Dabei entdeckten Familien manches neue Spiel f\u00fcr kalte Winterabende, das gemeinsam ausprobiert werden kann.<\/p>\n<p>  <img decoding=\"async\" loading=\"lazy\" src=\"https:\/\/www.europesays.com\/de\/wp-content\/uploads\/2025\/11\/media.media.397f4c3b-cf19-4cd3-af11-cfb0c0e7f02d.original1024.media.jpeg\"\/>     Adventsdekorationen kamen bei den Besuchern sehr gut an.    Foto: Roberto Bulgrin    <\/p>\n<p>Antikes, Tr\u00f6del und Kunsthandwerk waren beim Markt in der Ritterstra\u00dfe zu entdecken. Dicht beieinander waren die St\u00e4nde dort aufgebaut. Da konnten die Besucher schon manches Weihnachtsgeschenk finden, wobei es immer wieder richtig eng wurde. Adventskr\u00e4nze und andere Dekorationen f\u00fcr die Adventszeit waren sehr gefragt. Der <a href=\"https:\/\/www.esslinger-zeitung.de\/thema\/Flohmarkt\" title=\"Flohmarkt\" class=\"art_thema\" target=\"_blank\" rel=\"noopener\">Flohmarkt<\/a> am Blarerplatz zog unterdessen Schn\u00e4ppchenj\u00e4ger an. Menschen mit Einkaufst\u00fcten schlenderten durch die Stra\u00dfen. Viele bunte Regenschirme zeigten, dass sie sich von den kalten Temperaturen nicht abschrecken lie\u00dfen.<\/p>\n","protected":false},"excerpt":{"rendered":"Spiele konnten Klein und Gro\u00df auf dem Hafenmarkt ausprobieren.\u00a0Foto: Roberto Bulgrin Trotz des Regenwetters zog es Tausende zum&hellip;\n","protected":false},"author":2,"featured_media":564031,"comment_status":"","ping_status":"","sticky":false,"template":"","format":"standard","meta":{"footnotes":""},"categories":[1830],"tags":[1634,3364,29,1072,3439,136118,8513,30,136119,1441],"class_list":{"0":"post-564030","1":"post","2":"type-post","3":"status-publish","4":"format-standard","5":"has-post-thumbnail","7":"category-stuttgart","8":"tag-baden-wuerttemberg","9":"tag-de","10":"tag-deutschland","11":"tag-einzelhandel","12":"tag-esslingen","13":"tag-esslinger-herbst","14":"tag-flohmarkt","15":"tag-germany","16":"tag-stadtmarketing-esslingen","17":"tag-stuttgart"},"share_on_mastodon":{"url":"https:\/\/pubeurope.com\/@de\/115522441952289870","error":""},"_links":{"self":[{"href":"https:\/\/www.europesays.com\/de\/wp-json\/wp\/v2\/posts\/564030","targetHints":{"allow":["GET"]}}],"collection":[{"href":"https:\/\/www.europesays.com\/de\/wp-json\/wp\/v2\/posts"}],"about":[{"href":"https:\/\/www.europesays.com\/de\/wp-json\/wp\/v2\/types\/post"}],"author":[{"embeddable":true,"href":"https:\/\/www.europesays.com\/de\/wp-json\/wp\/v2\/users\/2"}],"replies":[{"embeddable":true,"href":"https:\/\/www.europesays.com\/de\/wp-json\/wp\/v2\/comments?post=564030"}],"version-history":[{"count":0,"href":"https:\/\/www.europesays.com\/de\/wp-json\/wp\/v2\/posts\/564030\/revisions"}],"wp:featuredmedia":[{"embeddable":true,"href":"https:\/\/www.europesays.com\/de\/wp-json\/wp\/v2\/media\/564031"}],"wp:attachment":[{"href":"https:\/\/www.europesays.com\/de\/wp-json\/wp\/v2\/media?parent=564030"}],"wp:term":[{"taxonomy":"category","embeddable":true,"href":"https:\/\/www.europesays.com\/de\/wp-json\/wp\/v2\/categories?post=564030"},{"taxonomy":"post_tag","embeddable":true,"href":"https:\/\/www.europesays.com\/de\/wp-json\/wp\/v2\/tags?post=564030"}],"curies":[{"name":"wp","href":"https:\/\/api.w.org\/{rel}","templated":true}]}}