{"id":564043,"date":"2025-11-10T00:01:14","date_gmt":"2025-11-10T00:01:14","guid":{"rendered":"https:\/\/www.europesays.com\/de\/564043\/"},"modified":"2025-11-10T00:01:14","modified_gmt":"2025-11-10T00:01:14","slug":"brandgeruch-im-cockpit-flugzeug-wird-nach-muenchen-umgeleitet-muenchen","status":"publish","type":"post","link":"https:\/\/www.europesays.com\/de\/564043\/","title":{"rendered":"Brandgeruch im Cockpit \u2013 Flugzeug wird nach M\u00fcnchen umgeleitet &#8211; M\u00fcnchen"},"content":{"rendered":"<p data-manual=\"paragraph\" data-schema-org-speakable=\"true\" class=\"css-1eosz7k\">Eine Air-France-Maschine ist auf dem Weg von Paris nach S\u00fcdkorea wegen eines Notfalls nach <a href=\"https:\/\/www.sueddeutsche.de\/thema\/M%C3%BCnchen\" target=\"_blank\" rel=\"noopener\">M\u00fcnchen<\/a> umgeleitet worden. Nach Angaben des Airports landete das Flugzeug am fr\u00fchen Abend in M\u00fcnchen. Grund daf\u00fcr sei Brandgeruch im Cockpit gewesen, teilte die Airline auf Nachfrage der Deutschen Presse-Agentur mit. Vorsorglich habe sich die Crew zur Landung entschieden. Was den Brandgeruch verursacht hat, ist bislang ungekl\u00e4rt.<\/p>\n<p data-manual=\"paragraph\" data-schema-org-speakable=\"true\" class=\"css-1eosz7k\">Eine Flughafensprecherin sagte, die Maschine sei nach der Landung zur Halteposition geschleppt worden. Es gebe keine Verletzten. Die Passagiere seien in den Flughafen gebracht worden. Der Terminaldienst sowie Angestellte der Airline k\u00fcmmerten sich um die Reisenden.<\/p>\n<p data-manual=\"paragraph\" data-schema-org-speakable=\"true\" class=\"css-1eosz7k\">Der Airline zufolge ist am sp\u00e4ten Abend ein R\u00fcckflug nach Paris geplant. Bei Bedarf werde den Passagieren dort eine Unterkunft bereitgestellt. Wann ein Ersatzflug in die s\u00fcdkoreanische Hauptstadt Seoul folgt, konnte die Airline zun\u00e4chst nicht sagen.<\/p>\n","protected":false},"excerpt":{"rendered":"Eine Air-France-Maschine ist auf dem Weg von Paris nach S\u00fcdkorea wegen eines Notfalls nach M\u00fcnchen umgeleitet worden. Nach&hellip;\n","protected":false},"author":2,"featured_media":564044,"comment_status":"","ping_status":"","sticky":false,"template":"","format":"standard","meta":{"footnotes":""},"categories":[1827],"tags":[772,29,10647,30,1268,149,13708,3232],"class_list":{"0":"post-564043","1":"post","2":"type-post","3":"status-publish","4":"format-standard","5":"has-post-thumbnail","7":"category-muenchen","8":"tag-bayern","9":"tag-deutschland","10":"tag-flughafen-muenchen","11":"tag-germany","12":"tag-muenchen","13":"tag-sueddeutsche-zeitung","14":"tag-verkehr-in-bayern","15":"tag-verkehr-in-muenchen"},"share_on_mastodon":{"url":"https:\/\/pubeurope.com\/@de\/115522468850428026","error":""},"_links":{"self":[{"href":"https:\/\/www.europesays.com\/de\/wp-json\/wp\/v2\/posts\/564043","targetHints":{"allow":["GET"]}}],"collection":[{"href":"https:\/\/www.europesays.com\/de\/wp-json\/wp\/v2\/posts"}],"about":[{"href":"https:\/\/www.europesays.com\/de\/wp-json\/wp\/v2\/types\/post"}],"author":[{"embeddable":true,"href":"https:\/\/www.europesays.com\/de\/wp-json\/wp\/v2\/users\/2"}],"replies":[{"embeddable":true,"href":"https:\/\/www.europesays.com\/de\/wp-json\/wp\/v2\/comments?post=564043"}],"version-history":[{"count":0,"href":"https:\/\/www.europesays.com\/de\/wp-json\/wp\/v2\/posts\/564043\/revisions"}],"wp:featuredmedia":[{"embeddable":true,"href":"https:\/\/www.europesays.com\/de\/wp-json\/wp\/v2\/media\/564044"}],"wp:attachment":[{"href":"https:\/\/www.europesays.com\/de\/wp-json\/wp\/v2\/media?parent=564043"}],"wp:term":[{"taxonomy":"category","embeddable":true,"href":"https:\/\/www.europesays.com\/de\/wp-json\/wp\/v2\/categories?post=564043"},{"taxonomy":"post_tag","embeddable":true,"href":"https:\/\/www.europesays.com\/de\/wp-json\/wp\/v2\/tags?post=564043"}],"curies":[{"name":"wp","href":"https:\/\/api.w.org\/{rel}","templated":true}]}}