{"id":564072,"date":"2025-11-10T00:18:14","date_gmt":"2025-11-10T00:18:14","guid":{"rendered":"https:\/\/www.europesays.com\/de\/564072\/"},"modified":"2025-11-10T00:18:14","modified_gmt":"2025-11-10T00:18:14","slug":"eintracht-frankfurt-toppmoeller-straft-2-eintracht-stars-komplett-ab-sport","status":"publish","type":"post","link":"https:\/\/www.europesays.com\/de\/564072\/","title":{"rendered":"Eintracht Frankfurt: Toppm\u00f6ller straft 2 Eintracht-Stars komplett ab! | Sport"},"content":{"rendered":"<p><b>Lange Fu\u00dfball zum Weglaufen und trotzdem ein Sieg!<\/b><\/p>\n<p>Eintracht Frankfurt legt im Heimspiel gegen Mainz \u00fcber weite Strecken ein Katastrophen-Auftritt hin. Lange sieht es nach 0:0 aus. Doch dann sorgt Ritsu Doan (27) mit einem Wunder-Tor f\u00fcr den 1:0-Sieg. F\u00fcr den Rest gilt: Kein Tempo, keine Chancen, daf\u00fcr umso mehr Fehlp\u00e4sse. V\u00f6llig zu Recht hagelt es Pfiffe beim Kabinengang.<\/p>\n<p><b>Und vom Trainer danach die Abstrafung f\u00fcr 2 Stars \u2013 die Noten und Einzelkritik lesen Sie mit BILDplus.<\/b><\/p>\n","protected":false},"excerpt":{"rendered":"Lange Fu\u00dfball zum Weglaufen und trotzdem ein Sieg! Eintracht Frankfurt legt im Heimspiel gegen Mainz \u00fcber weite Strecken&hellip;\n","protected":false},"author":2,"featured_media":564073,"comment_status":"","ping_status":"","sticky":false,"template":"","format":"standard","meta":{"footnotes":""},"categories":[136],"tags":[45910,299,73611,136153,29,460,538,347,30,461,467,466,136154,265,469,45,48761],"class_list":{"0":"post-564072","1":"post","2":"type-post","3":"status-publish","4":"format-standard","5":"has-post-thumbnail","7":"category-sport","8":"tag-brown-nathaniel","9":"tag-bundesliga","10":"tag-burkardt-jonathan","11":"tag-dahoud-mahmoud","12":"tag-deutschland","13":"tag-eintracht-frankfurt","14":"tag-erste-bundesliga","15":"tag-fussball","16":"tag-germany","17":"tag-goetze-mario","18":"tag-knauff-ansgar","19":"tag-koch-robin","20":"tag-skhiri-ellyes","21":"tag-sport","22":"tag-sport-leuchtturm-zentral","23":"tag-texttospeech","24":"tag-zetterer-michael"},"share_on_mastodon":{"url":"https:\/\/pubeurope.com\/@de\/115522535752872303","error":""},"_links":{"self":[{"href":"https:\/\/www.europesays.com\/de\/wp-json\/wp\/v2\/posts\/564072","targetHints":{"allow":["GET"]}}],"collection":[{"href":"https:\/\/www.europesays.com\/de\/wp-json\/wp\/v2\/posts"}],"about":[{"href":"https:\/\/www.europesays.com\/de\/wp-json\/wp\/v2\/types\/post"}],"author":[{"embeddable":true,"href":"https:\/\/www.europesays.com\/de\/wp-json\/wp\/v2\/users\/2"}],"replies":[{"embeddable":true,"href":"https:\/\/www.europesays.com\/de\/wp-json\/wp\/v2\/comments?post=564072"}],"version-history":[{"count":0,"href":"https:\/\/www.europesays.com\/de\/wp-json\/wp\/v2\/posts\/564072\/revisions"}],"wp:featuredmedia":[{"embeddable":true,"href":"https:\/\/www.europesays.com\/de\/wp-json\/wp\/v2\/media\/564073"}],"wp:attachment":[{"href":"https:\/\/www.europesays.com\/de\/wp-json\/wp\/v2\/media?parent=564072"}],"wp:term":[{"taxonomy":"category","embeddable":true,"href":"https:\/\/www.europesays.com\/de\/wp-json\/wp\/v2\/categories?post=564072"},{"taxonomy":"post_tag","embeddable":true,"href":"https:\/\/www.europesays.com\/de\/wp-json\/wp\/v2\/tags?post=564072"}],"curies":[{"name":"wp","href":"https:\/\/api.w.org\/{rel}","templated":true}]}}