{"id":564074,"date":"2025-11-10T00:19:14","date_gmt":"2025-11-10T00:19:14","guid":{"rendered":"https:\/\/www.europesays.com\/de\/564074\/"},"modified":"2025-11-10T00:19:14","modified_gmt":"2025-11-10T00:19:14","slug":"promiauflauf-in-beverly-hills-polizei-rueckt-zweimal-zu-kris-jenners-geburtstagsparty-aus","status":"publish","type":"post","link":"https:\/\/www.europesays.com\/de\/564074\/","title":{"rendered":"Promiauflauf in Beverly Hills: Polizei r\u00fcckt zweimal zu Kris Jenners Geburtstagsparty aus"},"content":{"rendered":"<p>Promiauflauf in Beverly HillsPolizei r\u00fcckt zweimal zu Kris Jenners Geburtstagsparty aus<\/p>\n<p>09.11.2025, 21:44 Uhr <\/p>\n<p>Artikel anh\u00f6ren(02:26 min)<\/p>\n<p><img decoding=\"async\" class=\"Image_img__fQCi0 Image_Img_16_9__4BLfH widget-picture-inline_maximizable__t_E7h\" loading=\"eager\" fetchpriority=\"high\" src=\"https:\/\/www.europesays.com\/de\/wp-content\/uploads\/2025\/11\/AP24127843498462.webp.webp\" alt=\"AP24127843498462\"\/>Kris Jenner erlangte mit ihrer TV-Show &#8222;Keeping Up with the Kardashians&#8220; nicht nur in den USA Ber\u00fchmtheit. (Foto: Evan Agostini\/Invision\/AP)TeilenFolgen auf:<a href=\"https:\/\/www.whatsapp.com\/channel\/0029Va5cdVJD8SDp5YZgYF01\" title=\"Auf WhatsApp folgen\" target=\"_blank\" rel=\"noopener\"><img decoding=\"async\" src=\"https:\/\/www.n-tv.de\/socialIcons\/whatsapp.svg\" alt=\"whatsapp\" class=\"ArticleShare_icon__FsrC2\"\/><\/a><a href=\"https:\/\/news.google.com\/publications\/CAAiEPMdif5mpRNxiLOeUpHCwwsqFAgKIhDzHYn-ZqUTcYiznlKRwsML?hl=de&amp;gl=DE&amp;ceid=DE%3Ade\" title=\"Auf Google News folgen\" target=\"_blank\" rel=\"noopener\"><img decoding=\"async\" src=\"https:\/\/www.n-tv.de\/socialIcons\/google.svg\" alt=\"whatsapp\" class=\"ArticleShare_icon__FsrC2\"\/><\/a><\/p>\n<p class=\"Typography_text-m__XI0da Typography_weight-bold__uT6mq storyline_lead_text_leadtext__q_wg8\">TV-Star Kris Jenner feiert am Wochenende ihren 70. Geburtstag in einem Nobelvorort von Los Angeles richtig gro\u00df. Als ein bekannter Musiker das Mikrofon ergreift, kennt die Partygesellschaft kein Halten mehr. Nachbarn f\u00fchlen sich hingegen bel\u00e4stigt.<\/p>\n<p class=\"Typography_text-default__P3otY Typography_weight-normal__pqUbH storyline_paragraph_p__qSR5N\">Die Polizei ist zu einem Einsatz bei der Feier von US-Fernsehstar Kris Jenner anl\u00e4sslich ihres 70. Geburtstags alarmiert worden. Die Beamten r\u00fcckten wegen einer Ruhest\u00f6rungsanzeige aus, stellten am Ende aber noch ein weiteres Problem fest, wie TMZ berichtete. Gefeiert wurde demnach in Beverly Hills, einem noblen Vorort von Los Angeles, auf dem Anwesen von Amazon-Gr\u00fcnder Jeff Bezos.<\/p>\n<p class=\"Typography_text-default__P3otY Typography_weight-normal__pqUbH storyline_paragraph_p__qSR5N\">Laut dem Bericht sorgte R&amp;B-S\u00e4nger Bruno Mars am sp\u00e4ten Samstagabend f\u00fcr die zu hohe Lautst\u00e4rke, als er ein Konzert im Garten spielte. TMZ berief sich auf eine anonyme Quelle, die sagte, dass &#8222;Bruno Mars live auftrat und die Menge v\u00f6llig ausrastete&#8220;. Die Polizisten sprachen schlie\u00dflich mit dem Sicherheitspersonal der Bezos-Villa und konnten den Vorfall l\u00f6sen. Es blieb den Informationen des US-Boulevardportals zufolge bei einer Verwarnung. Dann fuhren die Einsatzkr\u00e4fte wieder zur\u00fcck aufs Revier.<\/p>\n<p class=\"Typography_text-default__P3otY Typography_weight-normal__pqUbH storyline_paragraph_p__qSR5N\">Doch nach einiger Zeit kamen die Uniformierten erneut zur Jenner-Feier, diesmal mit weiteren Kr\u00e4ften. Denn die Polizisten stellten bei ihrem ersten Einsatz fest, dass k\u00fcnstliche Hecken die Stra\u00dfe vor dem Grundst\u00fcck blockiert hatten. Offenbar stellte Bezos oder Jenner sie auf, um die Sicht auf das Grundst\u00fcck einzuschr\u00e4nken. Angemeldet war die &#8222;Stra\u00dfenblockade&#8220; nicht, wie die Beamten bei ihrem Stopp auf dem Polizeirevier herausfanden.<\/p>\n<p class=\"Typography_text-default__P3otY Typography_weight-normal__pqUbH storyline_paragraph_p__qSR5N\">Die falschen Hecken mussten deshalb entfernt werden. Laut TMZ h\u00e4tten sich zu diesem Zeitpunkt die ersten Promis bereits auf den Heimweg gemacht. Auf Kris Jenners James-Bond-Mottoparty wurden unter anderem Paris Hilton, Prinz Harry mit Meghan Markle, Moderatorenlegende Oprah Winfrey, Rapper Snoop Dogg sowie Schauspieler Vin Diesel, Facebook-Gr\u00fcnder Mark Zuckerberg sowie die Musiker Stevie Wonder und Adele gesehen. <\/p>\n<p class=\"Typography_text-default__P3otY Typography_weight-normal__pqUbH storyline_paragraph_p__qSR5N\">Nat\u00fcrlich waren auch die T\u00f6chter Kylie und Kendall Jenner sowie Kourtney und Kim Kardashian anwesend. Die ganze Familie erlangte mit ihrer TV-Show &#8222;Keeping Up with the Kardashians&#8220; nicht nur in den USA Ber\u00fchmtheit. Zuvor hie\u00df es, auf der Geburtstagssause k\u00f6nnte auch die Hochzeit Kris Jenners mit ihrem Langzeitpartner Corey Gamble anstehen. Doch laut TMZ-Bericht kam es letztlich nicht dazu.<\/p>\n<p class=\"Typography_text-s__wu_cm Typography_weight-normal__pqUbH Typography_color-darkgrey__sZEnP article-detail-footer_source__KslPc\">Quelle: ntv.de, mpa<\/p>\n","protected":false},"excerpt":{"rendered":"Promiauflauf in Beverly HillsPolizei r\u00fcckt zweimal zu Kris Jenners Geburtstagsparty aus 09.11.2025, 21:44 Uhr Artikel anh\u00f6ren(02:26 min) Kris&hellip;\n","protected":false},"author":2,"featured_media":564075,"comment_status":"","ping_status":"","sticky":false,"template":"","format":"standard","meta":{"footnotes":""},"categories":[155],"tags":[29,214,30,683,2484,7893,215],"class_list":{"0":"post-564074","1":"post","2":"type-post","3":"status-publish","4":"format-standard","5":"has-post-thumbnail","7":"category-unterhaltung","8":"tag-deutschland","9":"tag-entertainment","10":"tag-germany","11":"tag-hollywood","12":"tag-jeff-bezos","13":"tag-los-angeles","14":"tag-unterhaltung"},"share_on_mastodon":{"url":"https:\/\/pubeurope.com\/@de\/115522540323510068","error":""},"_links":{"self":[{"href":"https:\/\/www.europesays.com\/de\/wp-json\/wp\/v2\/posts\/564074","targetHints":{"allow":["GET"]}}],"collection":[{"href":"https:\/\/www.europesays.com\/de\/wp-json\/wp\/v2\/posts"}],"about":[{"href":"https:\/\/www.europesays.com\/de\/wp-json\/wp\/v2\/types\/post"}],"author":[{"embeddable":true,"href":"https:\/\/www.europesays.com\/de\/wp-json\/wp\/v2\/users\/2"}],"replies":[{"embeddable":true,"href":"https:\/\/www.europesays.com\/de\/wp-json\/wp\/v2\/comments?post=564074"}],"version-history":[{"count":0,"href":"https:\/\/www.europesays.com\/de\/wp-json\/wp\/v2\/posts\/564074\/revisions"}],"wp:featuredmedia":[{"embeddable":true,"href":"https:\/\/www.europesays.com\/de\/wp-json\/wp\/v2\/media\/564075"}],"wp:attachment":[{"href":"https:\/\/www.europesays.com\/de\/wp-json\/wp\/v2\/media?parent=564074"}],"wp:term":[{"taxonomy":"category","embeddable":true,"href":"https:\/\/www.europesays.com\/de\/wp-json\/wp\/v2\/categories?post=564074"},{"taxonomy":"post_tag","embeddable":true,"href":"https:\/\/www.europesays.com\/de\/wp-json\/wp\/v2\/tags?post=564074"}],"curies":[{"name":"wp","href":"https:\/\/api.w.org\/{rel}","templated":true}]}}