{"id":564093,"date":"2025-11-10T00:30:16","date_gmt":"2025-11-10T00:30:16","guid":{"rendered":"https:\/\/www.europesays.com\/de\/564093\/"},"modified":"2025-11-10T00:30:16","modified_gmt":"2025-11-10T00:30:16","slug":"kirchenkonzert-ein-voller-erfolg-in-venn","status":"publish","type":"post","link":"https:\/\/www.europesays.com\/de\/564093\/","title":{"rendered":"Kirchenkonzert ein voller Erfolg in Venn"},"content":{"rendered":"<p class=\"text_ohne_einzug richtext text-em-55 !leading-serif mx-6 desktop:mx-0\">Im ged\u00e4mpften roten Licht empfing die Venner Kirche St. Maria Empf\u00e4ngnis die Besucherinnen und Besucher, die sich sehr zeitig zum Kirchenkonzert einfanden. Die Erwartungen an das unkonventionelle Kirchenkonzert mit elektronischen Beats zur Lichtershow waren offensichtlich hoch. Beim Glas Wein oder anderen Getr\u00e4nken lie\u00dfen die fr\u00fchen G\u00e4ste den Raum auf sich wirken \u2013 die meisten im Gespr\u00e4ch, andere aber auch einfach versonnen abwartend.<\/p>\n","protected":false},"excerpt":{"rendered":"Im ged\u00e4mpften roten Licht empfing die Venner Kirche St. Maria Empf\u00e4ngnis die Besucherinnen und Besucher, die sich sehr&hellip;\n","protected":false},"author":2,"featured_media":564094,"comment_status":"","ping_status":"","sticky":false,"template":"","format":"standard","meta":{"footnotes":""},"categories":[1849],"tags":[3274,18455,136156,3364,29,19776,548,663,3934,30,14337,13,38693,51982,43790,136157,95887,42144,1310,129929,4455,26433,14,15,1209,136155,10897,12,42698,19016],"class_list":{"0":"post-564093","1":"post","2":"type-post","3":"status-publish","4":"format-standard","5":"has-post-thumbnail","7":"category-moenchengladbach","8":"tag-kirche","9":"tag-beats","10":"tag-bejubelte","11":"tag-de","12":"tag-deutschland","13":"tag-elektronischen","14":"tag-eu","15":"tag-europa","16":"tag-europe","17":"tag-germany","18":"tag-gladbach","19":"tag-headlines","20":"tag-hein","21":"tag-heinrichs","22":"tag-jubel","23":"tag-kirchenferne","24":"tag-kirchenkonzert","25":"tag-kirchenraum","26":"tag-konzert","27":"tag-konzertanten","28":"tag-moenchengladbach","29":"tag-moenchengladbacher","30":"tag-nachrichten","31":"tag-news","32":"tag-nordrhein-westfalen","33":"tag-oktogon","34":"tag-schein","35":"tag-schlagzeilen","36":"tag-trat","37":"tag-venn"},"share_on_mastodon":{"url":"https:\/\/pubeurope.com\/@de\/115522582932512939","error":""},"_links":{"self":[{"href":"https:\/\/www.europesays.com\/de\/wp-json\/wp\/v2\/posts\/564093","targetHints":{"allow":["GET"]}}],"collection":[{"href":"https:\/\/www.europesays.com\/de\/wp-json\/wp\/v2\/posts"}],"about":[{"href":"https:\/\/www.europesays.com\/de\/wp-json\/wp\/v2\/types\/post"}],"author":[{"embeddable":true,"href":"https:\/\/www.europesays.com\/de\/wp-json\/wp\/v2\/users\/2"}],"replies":[{"embeddable":true,"href":"https:\/\/www.europesays.com\/de\/wp-json\/wp\/v2\/comments?post=564093"}],"version-history":[{"count":0,"href":"https:\/\/www.europesays.com\/de\/wp-json\/wp\/v2\/posts\/564093\/revisions"}],"wp:featuredmedia":[{"embeddable":true,"href":"https:\/\/www.europesays.com\/de\/wp-json\/wp\/v2\/media\/564094"}],"wp:attachment":[{"href":"https:\/\/www.europesays.com\/de\/wp-json\/wp\/v2\/media?parent=564093"}],"wp:term":[{"taxonomy":"category","embeddable":true,"href":"https:\/\/www.europesays.com\/de\/wp-json\/wp\/v2\/categories?post=564093"},{"taxonomy":"post_tag","embeddable":true,"href":"https:\/\/www.europesays.com\/de\/wp-json\/wp\/v2\/tags?post=564093"}],"curies":[{"name":"wp","href":"https:\/\/api.w.org\/{rel}","templated":true}]}}