{"id":564163,"date":"2025-11-10T01:09:41","date_gmt":"2025-11-10T01:09:41","guid":{"rendered":"https:\/\/www.europesays.com\/de\/564163\/"},"modified":"2025-11-10T01:09:41","modified_gmt":"2025-11-10T01:09:41","slug":"warum-gruender-im-silicon-valley-jetzt-lernen-kaviar-richtig-zu-essen","status":"publish","type":"post","link":"https:\/\/www.europesays.com\/de\/564163\/","title":{"rendered":"Warum Gr\u00fcnder im Silicon Valley jetzt lernen, Kaviar richtig zu essen"},"content":{"rendered":"<p>Ein VC will die Tech-Elite kultivieren \u2013 mit Stilberatung, Champagner und Gespr\u00e4chstraining. Silicon Valley wird pl\u00f6tzlich charmant.<\/p>\n<p>\t\t\t\t\t<img loading=\"lazy\" decoding=\"async\" width=\"2056\" height=\"1332\" src=\"https:\/\/www.europesays.com\/de\/wp-content\/uploads\/2025\/11\/Screenshot-2025-11-09-at-15.05.45.png\" class=\"attachment-original size-original\" alt=\"Junge Tech-Gr\u00fcnder schauen zu, wie ein Model von Wilkes Bashford \u00fcber den Laufsteg geht und ein Outfit pr\u00e4sentiert, das sich laut den Organisatoren f\u00fcr eine Investorenpr\u00e4sentation eignet.\"  data-portal-copyright=\" Slow Ventures\" \/><\/p>\n<p>\n\t\t\t\t\t\t\t\t\tJunge Tech-Gr\u00fcnder schauen zu, wie ein Model von Wilkes Bashford \u00fcber den Laufsteg geht und ein Outfit pr\u00e4sentiert, das sich laut den Organisatoren f\u00fcr eine Investorenpr\u00e4sentation eignet.<\/p>\n<p>\t\t\t\t\t\t\t\t\t Slow Ventures\n\t\t\t\t\t\t\t<\/p>\n<p>Das Image der Tech-Gr\u00fcnder aus dem Silicon Valley ver\u00e4ndert sich. Das sagt Sam Lessin, Gr\u00fcnder von Slow Ventures, einem Venture-Capital-Unternehmen, der eine \u201eEtikette- und Benimmschule\u201c f\u00fcr junge Gr\u00fcnder von Y Combinator und Tech-Unternehmer veranstaltete \u2013 mit Lektionen \u00fcber Stil, Smalltalk und der \u00dcberwindung der Angst vor Kaviar.<\/p>\n<p>\u201eDas Bild des Silicon Valley wandelt sich \u2013 weg von dem, das \u201aThe Social Network\u2018 zeigte\u201c, sagte Lessin in seiner Er\u00f6ffnungsrede am Mittwoch und bezog sich auf den Film \u00fcber Facebook-Gr\u00fcnder Mark Zuckerberg, der darin als unbeholfener Student im grauen Hoodie erscheint.<\/p>\n<p>Das Event fand in einem privaten Raum eines Restaurants im Four Seasons Hotel San Francisco statt, nur wenige Stra\u00dfen von vielen neuen KI-Startups entfernt. Lessin erkl\u00e4rte, Technologie setze sich nicht von selbst durch \u2013 man m\u00fcsse sie \u201ein die Welt hinausschieben\u201c. Und wenn man ein neues, disruptives Produkt habe, das nicht jeder begr\u00fc\u00dfe, sei Charisma die geheime Zutat, die T\u00fcren \u00f6ffne.<\/p>\n<p>An vier runden Tischen mit Rote-Bete-T\u00f6rtchen, Wassermelonen-Poke und Tr\u00fcffelk\u00e4seb\u00e4llchen erhielten rund drei Dutzend Teilnehmer eine Goodie-Bag mit Mundwasser, B\u00fcrste, Fusselroller und einer 100-Dollar-Geschenkkarte f\u00fcr Wilkes Bashford, eine Luxus-Boutique in San Francisco.<\/p>\n<p>Stil-Tipps f\u00fcr Gr\u00fcnder<\/p>\n<p>Der Workshop begann mit einer Modenschau. Chris Deehan, Stilberater beim Fashion-Unternehmen Wilkes Bashford, trug Gr\u00fcn von Kopf bis Fu\u00df und erkl\u00e4rte: In lockeren Settings wie dem B\u00fcro oder beim Brunch k\u00f6nne man sich vieles erlauben \u2013 au\u00dfer knalligen Farben und aufdringlichen Logos.<\/p>\n<p>Bei formellen Anl\u00e4ssen \u2013 etwa einer Pr\u00e4sentation vor Investoren \u2013 empfahl er Kaschmiranz\u00fcge, im Winter auch Rollkragenpullover statt Hemd, aber nur zwischen November und Februar. Wichtig: Krawatte oder Einstecktuch seien laut ihm Pflicht.<\/p>\n<p>\u201eJeder Anzug hat seine eigenen Knopfregeln\u201c, sagte Deehan zu einigen verwirrten Gesichtern. \u201eWenn ihr unsicher seid, schickt mir ein Foto.\u201c<\/p>\n<p>Wie man gute Gespr\u00e4che f\u00fchrt<\/p>\n<p>Sunil Rajaraman, Gr\u00fcnder des KI-Unternehmens Hamlet, erinnerte die jungen Gr\u00fcnder daran, dass sie \u201enicht \u00fcberall beliebt\u201c seien \u2013 das Silicon Valley sei \u201enicht das Zentrum des Universums\u201c.<\/p>\n<p>\t\t\t\t\t<img loading=\"lazy\" decoding=\"async\" width=\"1800\" height=\"1178\" src=\"https:\/\/www.europesays.com\/de\/wp-content\/uploads\/2025\/11\/Screenshot-2025-11-09-at-15.17.50.png\" class=\"attachment-original size-original\" alt=\"Sam Lessin und Sunil Rajaraman sprechen \u00fcber das richtige Verhalten von Gr\u00fcndern in gesellschaftlichen Situationen.\"  data-portal-copyright=\"Slow Ventures\" \/><\/p>\n<p>\n\t\t\t\t\t\t\t\t\tSam Lessin und Sunil Rajaraman sprechen \u00fcber das richtige Verhalten von Gr\u00fcndern in gesellschaftlichen Situationen.<\/p>\n<p>\t\t\t\t\t\t\t\t\tSlow Ventures\n\t\t\t\t\t\t\t<\/p>\n<p>\u201eIhr m\u00fcsst euch auch au\u00dferhalb von Arbeit, Tech und KI engagieren\u201c, sagte Rajaraman. \u201eLest mehr Belletristik \u2013 das erweitert eure Vorstellungskraft und macht euch zu spannenderen Gespr\u00e4chspartnern. Viele von euch entwickeln Technologien, die andere Menschen ersetzen.\u201c<\/p>\n<p>Lessin erg\u00e4nzte: Etikette bedeute, zu wissen, wie man sich in verschiedenen R\u00e4umen bewegt \u2013 ohne \u00fcberall im Mittelpunkt stehen zu wollen. \u201eSeid interessant \u2013 nicht nur durch euer Unternehmen\u201c, sagte er. \u201eKommt mit einem niedrigen Puls in Gespr\u00e4che und \u00fcberlegt, was ihr geben k\u00f6nnt statt zu nehmen. Aufrichtiges Auftreten \u00f6ffnet mehr T\u00fcren als Arroganz.\u201c<\/p>\n<p>Das Kaviar-Tasting<\/p>\n<p>Als der letzte Gang serviert wurde, bekamen die Teilnehmer kleine Dosen Kaviar auf silbernen Platten mit Perlmuttl\u00f6ffeln. \u201eWie viel soll man davon eigentlich kauen?\u201c fragte jemand.<\/p>\n<p>Geoffrey Chen von der Caviar House &amp; Prunier Group erkl\u00e4rte, Kaviar sei \u201efast so teuer wie Kokain\u201c \u2013 und eher Symbol als Genussmittel. \u201eKaviar ist ein Essen f\u00fcr festliche Anl\u00e4sse\u201c, sagte Chen. \u201eAm besten kombiniert man ihn mit Champagner; zu Austern passen Sake oder Chardonnay.\u201c Sein letzter Tipp: Wenn du die Weinkarte nicht verstehst \u2013 bestell alles, nur keinen Ros\u00e9.<\/p>\n<p>Zum Abschluss erhielten die Teilnehmenden Zertifikate. Ein Designer am Tisch sagte beim Hinausgehen lachend: \u201eDas war lustig \u2013 aber wer ein richtig laufendes Startup hat, hat keine Zeit f\u00fcr Etikettekurse an einem Mittwoch im Four Seasons.\u201c<\/p>\n<p class=\"has-text-align-right\"><a href=\"https:\/\/www.businessinsider.com\/inside-silicon-valley-etiquette-school-for-young-tech-founders-2025-11\" target=\"_blank\" rel=\"noopener\">Lest den Originalartikel auf Business Insider US.<\/a><\/p>\n","protected":false},"excerpt":{"rendered":"Ein VC will die Tech-Elite kultivieren \u2013 mit Stilberatung, Champagner und Gespr\u00e4chstraining. Silicon Valley wird pl\u00f6tzlich charmant. Junge&hellip;\n","protected":false},"author":2,"featured_media":564164,"comment_status":"","ping_status":"","sticky":false,"template":"","format":"standard","meta":{"footnotes":""},"categories":[1834],"tags":[3364,29,3688,30,17679,1209,173],"class_list":{"0":"post-564163","1":"post","2":"type-post","3":"status-publish","4":"format-standard","5":"has-post-thumbnail","7":"category-essen","8":"tag-de","9":"tag-deutschland","10":"tag-essen","11":"tag-germany","12":"tag-gruender","13":"tag-nordrhein-westfalen","14":"tag-unternehmen"},"share_on_mastodon":{"url":"https:\/\/pubeurope.com\/@de\/115522736543097645","error":""},"_links":{"self":[{"href":"https:\/\/www.europesays.com\/de\/wp-json\/wp\/v2\/posts\/564163","targetHints":{"allow":["GET"]}}],"collection":[{"href":"https:\/\/www.europesays.com\/de\/wp-json\/wp\/v2\/posts"}],"about":[{"href":"https:\/\/www.europesays.com\/de\/wp-json\/wp\/v2\/types\/post"}],"author":[{"embeddable":true,"href":"https:\/\/www.europesays.com\/de\/wp-json\/wp\/v2\/users\/2"}],"replies":[{"embeddable":true,"href":"https:\/\/www.europesays.com\/de\/wp-json\/wp\/v2\/comments?post=564163"}],"version-history":[{"count":0,"href":"https:\/\/www.europesays.com\/de\/wp-json\/wp\/v2\/posts\/564163\/revisions"}],"wp:featuredmedia":[{"embeddable":true,"href":"https:\/\/www.europesays.com\/de\/wp-json\/wp\/v2\/media\/564164"}],"wp:attachment":[{"href":"https:\/\/www.europesays.com\/de\/wp-json\/wp\/v2\/media?parent=564163"}],"wp:term":[{"taxonomy":"category","embeddable":true,"href":"https:\/\/www.europesays.com\/de\/wp-json\/wp\/v2\/categories?post=564163"},{"taxonomy":"post_tag","embeddable":true,"href":"https:\/\/www.europesays.com\/de\/wp-json\/wp\/v2\/tags?post=564163"}],"curies":[{"name":"wp","href":"https:\/\/api.w.org\/{rel}","templated":true}]}}