{"id":564619,"date":"2025-11-10T05:39:12","date_gmt":"2025-11-10T05:39:12","guid":{"rendered":"https:\/\/www.europesays.com\/de\/564619\/"},"modified":"2025-11-10T05:39:12","modified_gmt":"2025-11-10T05:39:12","slug":"kommunalpolitischer-stadtspaziergang-wochenanzeiger","status":"publish","type":"post","link":"https:\/\/www.europesays.com\/de\/564619\/","title":{"rendered":"Kommunalpolitischer Stadtspaziergang | Wochenanzeiger"},"content":{"rendered":"<p class=\"article-text\">Am Samstag, 15. November, l\u00e4dt die SPD Pasing alle interessierten B\u00fcrgerinnen und B\u00fcrger zu einem kommunalpolitischen Stadtspaziergang unter dem Motto \u201eAlles in Butter in Pasing?\u201c ein. Treffpunkt ist um 15 Uhr am B\u00fccherschrank vor dem Pasinger Rathaus. Gemeinsam mit den Bezirksausschussmitgliedern R\u00fcdiger Schaar, Franziska Messerschmidt und Raoul Koether werden auf einem Rundgang durch das Viertel aktuelle Themen und Herausforderungen vor Ort diskutiert. Stationen des Spaziergangs sind unter anderem das Pasinger Rathaus, wo die Situation rund um \u00f6ffentliche Toiletten und Veranstaltungsr\u00e4ume angesprochen wird, der Pasinger Viktualienmarkt mit Informationen zur geplanten Sanierung sowie die Br\u00fccke an der Offenbachstra\u00dfe, wo es um das Kulturb\u00fcrgerhaus, die Investorenruine hinter dem Sozialb\u00fcrgerhaus und den U-Bahn-Bau geht. Au\u00dferdem werden am Bahnhof Pasing Nord Vorschl\u00e4ge zur Neukonzeption und zum geplanten neuen Gleis vorgestellt. Zum Abschluss steht die Kaflerstra\u00dfe mit der Diskussion um die Umgestaltung und die Buden vor dem Bahnhof auf dem Programm. Der Stadtspaziergang bietet allen Teilnehmenden die M\u00f6glichkeit, ihre Anliegen einzubringen und direkt mit der Kommunalpolitik ins Gespr\u00e4ch zu kommen. Eine Anmeldung ist nicht erforderlich.<\/p>\n","protected":false},"excerpt":{"rendered":"Am Samstag, 15. November, l\u00e4dt die SPD Pasing alle interessierten B\u00fcrgerinnen und B\u00fcrger zu einem kommunalpolitischen Stadtspaziergang unter&hellip;\n","protected":false},"author":2,"featured_media":564620,"comment_status":"","ping_status":"","sticky":false,"template":"","format":"standard","meta":{"footnotes":""},"categories":[1827],"tags":[772,29,30,57747,1268,9063,136238],"class_list":{"0":"post-564619","1":"post","2":"type-post","3":"status-publish","4":"format-standard","5":"has-post-thumbnail","7":"category-muenchen","8":"tag-bayern","9":"tag-deutschland","10":"tag-germany","11":"tag-kommunalwahl-2026","12":"tag-muenchen","13":"tag-pasing-muenchen","14":"tag-politische-veranstaltungen"},"share_on_mastodon":{"url":"https:\/\/pubeurope.com\/@de\/115523798004126862","error":""},"_links":{"self":[{"href":"https:\/\/www.europesays.com\/de\/wp-json\/wp\/v2\/posts\/564619","targetHints":{"allow":["GET"]}}],"collection":[{"href":"https:\/\/www.europesays.com\/de\/wp-json\/wp\/v2\/posts"}],"about":[{"href":"https:\/\/www.europesays.com\/de\/wp-json\/wp\/v2\/types\/post"}],"author":[{"embeddable":true,"href":"https:\/\/www.europesays.com\/de\/wp-json\/wp\/v2\/users\/2"}],"replies":[{"embeddable":true,"href":"https:\/\/www.europesays.com\/de\/wp-json\/wp\/v2\/comments?post=564619"}],"version-history":[{"count":0,"href":"https:\/\/www.europesays.com\/de\/wp-json\/wp\/v2\/posts\/564619\/revisions"}],"wp:featuredmedia":[{"embeddable":true,"href":"https:\/\/www.europesays.com\/de\/wp-json\/wp\/v2\/media\/564620"}],"wp:attachment":[{"href":"https:\/\/www.europesays.com\/de\/wp-json\/wp\/v2\/media?parent=564619"}],"wp:term":[{"taxonomy":"category","embeddable":true,"href":"https:\/\/www.europesays.com\/de\/wp-json\/wp\/v2\/categories?post=564619"},{"taxonomy":"post_tag","embeddable":true,"href":"https:\/\/www.europesays.com\/de\/wp-json\/wp\/v2\/tags?post=564619"}],"curies":[{"name":"wp","href":"https:\/\/api.w.org\/{rel}","templated":true}]}}