{"id":564851,"date":"2025-11-10T07:54:14","date_gmt":"2025-11-10T07:54:14","guid":{"rendered":"https:\/\/www.europesays.com\/de\/564851\/"},"modified":"2025-11-10T07:54:14","modified_gmt":"2025-11-10T07:54:14","slug":"umweltminister-schneider-erwartet-konflikt-mit-usa-wegen-eu-klimazoll","status":"publish","type":"post","link":"https:\/\/www.europesays.com\/de\/564851\/","title":{"rendered":"Umweltminister Schneider erwartet Konflikt mit USA wegen EU-Klimazoll"},"content":{"rendered":"<p>Berlin (Reuters) &#8211;     Bundesumweltminister Carsten Schneider rechnet wegen der geplanten EU-Klimaz\u00f6lle mit einem Konflikt mit den USA.<\/p>\n<p>\n              &#8222;Ja, das wird eine Auseinandersetzung mit den USA geben, gar keine Frage&#8220;, sagte der SPD-Politiker am Sonntag in der ARD-Sendung &#8222;Bericht aus Berlin&#8220;. Diesen Kampf m\u00fcsse Europa jedoch suchen, da sonst eine Dekarbonisierung der heimischen Industrie nicht m\u00f6glich sei. Man k\u00f6nne sich nicht Klimaziele ins Grundgesetz schreiben und international Vereinbarungen treffen, ohne dann auch zu liefern. <\/p>\n<p>\n              Hintergrund ist das europ\u00e4ische CO2-Grenzausgleichssystem (CBAM), das ab 2027 Abgaben auf Importe aus L\u00e4ndern mit geringeren Klimaschutz-Standards vorsieht. Dies w\u00fcrde auch die USA treffen. Damit soll die europ\u00e4ische Industrie vor Wettbewerbsnachteilen gesch\u00fctzt werden. Schneider verwies auf einen von ihm angesto\u00dfenen Beschluss des EU-Umweltministerrats in der vergangenen Woche. Demzufolge soll es f\u00fcr die Industrie in Europa \u00dcbergangsregeln geben. Solange das Grenzausgleichssystem nicht vollst\u00e4ndig greife, w\u00fcrden weiterhin kostenlose Emissions-Zertifikate an Unternehmen ausgegeben. Dieser Zeitraum sei nun bis nach 2039 verl\u00e4ngert worden. Dies sei n\u00f6tig, um Industrie, Wirtschaft und Umwelt zusammenzudenken.<\/p>\n<p> (Bericht von: Markus Wacket; redigiert von Ralf Bode.        Bei R\u00fcckfragen wenden Sie sich an unsere Redaktion unter berlin.newsroom@thomsonreuters.com  (f\u00fcr Politik und Konjunktur) oder frankfurt.newsroom@thomsonreuters.com  (f\u00fcr Unternehmen und M\u00e4rkte).)<\/p>\n","protected":false},"excerpt":{"rendered":"Berlin (Reuters) &#8211; Bundesumweltminister Carsten Schneider rechnet wegen der geplanten EU-Klimaz\u00f6lle mit einem Konflikt mit den USA. &#8222;Ja,&hellip;\n","protected":false},"author":2,"featured_media":564852,"comment_status":"","ping_status":"","sticky":false,"template":"","format":"standard","meta":{"footnotes":""},"categories":[3933],"tags":[331,332,665,548,663,158,3934,3935,13,14,15,12],"class_list":{"0":"post-564851","1":"post","2":"type-post","3":"status-publish","4":"format-standard","5":"has-post-thumbnail","7":"category-eu","8":"tag-aktuelle-nachrichten","9":"tag-aktuelle-news","10":"tag-boerse","11":"tag-eu","12":"tag-europa","13":"tag-europaeische-union","14":"tag-europe","15":"tag-european-union","16":"tag-headlines","17":"tag-nachrichten","18":"tag-news","19":"tag-schlagzeilen"},"share_on_mastodon":{"url":"https:\/\/pubeurope.com\/@de\/115524328824749095","error":""},"_links":{"self":[{"href":"https:\/\/www.europesays.com\/de\/wp-json\/wp\/v2\/posts\/564851","targetHints":{"allow":["GET"]}}],"collection":[{"href":"https:\/\/www.europesays.com\/de\/wp-json\/wp\/v2\/posts"}],"about":[{"href":"https:\/\/www.europesays.com\/de\/wp-json\/wp\/v2\/types\/post"}],"author":[{"embeddable":true,"href":"https:\/\/www.europesays.com\/de\/wp-json\/wp\/v2\/users\/2"}],"replies":[{"embeddable":true,"href":"https:\/\/www.europesays.com\/de\/wp-json\/wp\/v2\/comments?post=564851"}],"version-history":[{"count":0,"href":"https:\/\/www.europesays.com\/de\/wp-json\/wp\/v2\/posts\/564851\/revisions"}],"wp:featuredmedia":[{"embeddable":true,"href":"https:\/\/www.europesays.com\/de\/wp-json\/wp\/v2\/media\/564852"}],"wp:attachment":[{"href":"https:\/\/www.europesays.com\/de\/wp-json\/wp\/v2\/media?parent=564851"}],"wp:term":[{"taxonomy":"category","embeddable":true,"href":"https:\/\/www.europesays.com\/de\/wp-json\/wp\/v2\/categories?post=564851"},{"taxonomy":"post_tag","embeddable":true,"href":"https:\/\/www.europesays.com\/de\/wp-json\/wp\/v2\/tags?post=564851"}],"curies":[{"name":"wp","href":"https:\/\/api.w.org\/{rel}","templated":true}]}}