{"id":566088,"date":"2025-11-10T19:59:21","date_gmt":"2025-11-10T19:59:21","guid":{"rendered":"https:\/\/www.europesays.com\/de\/566088\/"},"modified":"2025-11-10T19:59:21","modified_gmt":"2025-11-10T19:59:21","slug":"fotografin-begeistert-mit-ganz-besonderen-aufnahmen","status":"publish","type":"post","link":"https:\/\/www.europesays.com\/de\/566088\/","title":{"rendered":"Fotografin begeistert mit ganz besonderen Aufnahmen"},"content":{"rendered":"<p class=\"paragraph tw-mx-auto tw-mb-6\">Die \u201eKinder von Albstadt\u201c, die in der Technologiewerkstatt auf stilvollen Schwarz-Wei\u00df-Portr\u00e4ts die W\u00e4nde schm\u00fccken, stammen beispielsweise aus Tailfingen, Lautlingen oder Ebingen. Sie sind genauso alt wie der Zusammenschluss, der einst bei der Gemeindereform neun St\u00e4dte und Gemeinden zu \u201eAlbstadt\u201c machte. Die erwachsenen Kinder, Jahrgang 1975 und damit 50 Jahre alt, lieben ihre Herzensorte auf der Zollernalb. Sie gehen spannenden Hobbys nach, die sie mit der Stadt und ihren unz\u00e4hligen Vereinen verbinden.<\/p>\n<p class=\"paragraph tw-mx-auto tw-mb-6\">Oder sie stehen Pate f\u00fcr erfolgreiche Familienunternehmen, traditionsreiche Handwerksfirmen und landwirtschaftliche Betriebe. Tal-Gang-Art hat ihnen allen ein fotografisches Denkmal gesetzt: beim Arbeiten hoch \u00fcber den D\u00e4chern der Stadt. Beim Wandern oder Biken in der Natur. Mit dem Hund oder auf dem Sportplatz. Erfolgsgarant f\u00fcr dieses einzigartige Projekt: der geschulte, pr\u00e4zise Blick der Fotografin Gabriele Hepp. Die geb\u00fcrtige K\u00f6lnerin lebt seit 25 Jahren auf der Schw\u00e4bischen Alb. Sie ist aufgrund ihrer unaufgeregten und sympathischen Art f\u00fcr besondere Aktionen bekannt.<\/p>\n<p><img decoding=\"async\" src=\"https:\/\/www.europesays.com\/de\/wp-content\/uploads\/2025\/11\/419f12a7-c91c-4ff2-923a-9188c8379d6f.jpg\" loading=\"lazy\" alt=\"Dreimal Nina Setzepfand-Clavijo: als Besucherin der Ausstellung, im Portr\u00e4t von Gabriele Hepp und als Albst\u00e4dter Kind.\"\/><img decoding=\"async\" alt=\"Bild vergr\u00f6\u00dfern\" class=\"sm:tw-w-9 sm:tw-h-9\" src=\"https:\/\/www.schwaebische.de\/_next\/static\/media\/imageExpand.10dba927.svg\"\/><\/p>\n<p>Dreimal Nina Setzepfand-Clavijo: als Besucherin der Ausstellung, im Portr\u00e4t von Gabriele Hepp und als Albst\u00e4dter Kind. (Foto: Katja Weiger-Schick)<\/p>\n<p class=\"paragraph tw-mx-auto tw-mb-6\">Keine \u00dcberraschung: Die langen, lichtdurchfluteten Flure und das Foyer der Technologiewerkstatt mochten die vielen Besucher bei der Vernissage am Freitag kaum fassen. Die ausgelassene Atmosph\u00e4re erinnerte an eine gem\u00fctliche Jahrgangsfeier oder ein fr\u00f6hliches Klassentreffen. Denn nicht nur die portr\u00e4tierten \u201eKinder\u201c waren da, sondern auch deren Partner, Eltern, Kinder, Freunde, Jahrg\u00e4nger, dazu viele interessierte Kunstfreunde aus der gesamten Stadt. Menschen trafen sich mit gro\u00dfem \u201eHallo\u201c, man nahm sich in die Arme, freute sich \u00fcber das Wiedersehen. Schnell war klar: Manche Besucher hatten sich seit Jahrzehnten nicht mehr getroffen.<\/p>\n<p class=\"paragraph tw-mx-auto tw-mb-6\">Zu jedem erwachsenen Albst\u00e4dter \u201eKind\u201c pr\u00e4sentierte die Ausstellung neben einer pr\u00e4gnanten Biografie ein Jugendbild. Jungs mit ordentlichem Hemd, in Sonntagshosen und mit akkuratem Pony. Oder M\u00e4dchen in der Bluse und mit sorgf\u00e4ltig geflochtenen Z\u00f6pfen. \u201eZur Sicherheit\u201c, merkte Stadtrat Lambert Maute mit leisem L\u00e4cheln an, \u201ef\u00fcr den Wiedererkennungseffekt.\u201c Maute, der f\u00fcr den verhinderten Oberb\u00fcrgermeister Roland Tralmer sprach, strahlte \u00fcbers ganze Gesicht: \u201eSie haben mit diesem St\u00fcck Stadtgeschichte den richtigen Nerv getroffen.\u201c<\/p>\n<p class=\"paragraph tw-mx-auto tw-mb-6\">Im Namen des Vorstands begr\u00fc\u00dfte Anette Ganter die G\u00e4ste. Eindr\u00fccklich beschrieb sie die intensive Arbeit an dem von der Stadt gef\u00f6rderten Kulturprojekt. Die Tal-Gang-Art-Mitglieder hatten die Idee von Susanne Goebel weiterentwickelt und mit den portr\u00e4tierten 40 \u201eKindern\u201c Interviews gef\u00fchrt. Sp\u00fcrbare Authentizit\u00e4t und emotionale Tiefe machten diese Ausstellung so besonders, schw\u00e4rmte Anette Ganter. Die Besucher teilten diese Freude.<\/p>\n<\/p>\n<p class=\"paragraph tw-mx-auto tw-mb-6\">Der Verein, daran waren sich die G\u00e4ste einig, hat eindringlich und detailreich das gesellschaftliche Leben der Stadt greifbar gemacht. Er dokumentiert das Zusammenleben in ihren Teilorten und mit all seinen Facetten \u2013 die Vielfalt einer gesamten Generation. Gabriele Hepp, verantwortlich f\u00fcr die k\u00fcnstlerische Konzeption, habe weder M\u00fchen noch Aufwand gescheut, berichtete indes Anette Ganter fasziniert.<\/p>\n<p class=\"paragraph tw-mx-auto tw-mb-6\">Die Fotografin, derartig innig gelobt, dankte den erwachsenen Kindern f\u00fcr eines: ihr Vertrauen. Hepp, spezialisiert auf pointierte, sensible Portr\u00e4ts und bekannt f\u00fcr ihr feines Gesp\u00fcr, brachte es auf einen einfachen Nenner. \u201eIch brauche das Gef\u00fchl f\u00fcr die Menschen vor meiner Kamera\u201c, berichtete sie. Ihr pers\u00f6nlicher Anspruch ist ihr in Tailfingen gelungen. Sie macht nicht nur die Gesichter der Albst\u00e4dter Kinder von einst sichtbar, sondern auch deren Lebenslinien und Biografien.<\/p>\n<p class=\"paragraph tw-mx-auto tw-mb-6\">Die Ausstellung in der Technologiewerkstatt ist noch bis Sonntag, 21. Dezember, zu sehen. Sie kann montags bis donnerstags von 8 bis 17 Uhr sowie freitags von 8 bis 14 Uhr besichtigt werden. Am Samstag, 13. Dezember, ist die Technologiewerkstatt von 14 bis 17 Uhr ge\u00f6ffnet.<\/p>\n","protected":false},"excerpt":{"rendered":"Die \u201eKinder von Albstadt\u201c, die in der Technologiewerkstatt auf stilvollen Schwarz-Wei\u00df-Portr\u00e4ts die W\u00e4nde schm\u00fccken, stammen beispielsweise aus Tailfingen,&hellip;\n","protected":false},"author":2,"featured_media":566089,"comment_status":"","ping_status":"","sticky":false,"template":"","format":"standard","meta":{"footnotes":""},"categories":[1775],"tags":[136560,976,1793,2076,136557,29,70832,214,1885,136561,30,3009,136277,1794,5883,136558,136554,136556,136553,10794,116938,136559,136555,215],"class_list":{"0":"post-566088","1":"post","2":"type-post","3":"status-publish","4":"format-standard","5":"has-post-thumbnail","7":"category-kunst-und-design","8":"tag-50-jahre-albstadt","9":"tag-albstadt","10":"tag-art-and-design","11":"tag-ausstellung","12":"tag-burgfelden","13":"tag-deutschland","14":"tag-ebingen","15":"tag-entertainment","16":"tag-fotografie","17":"tag-gabriele-hepp","18":"tag-germany","19":"tag-jubilaeum","20":"tag-kinder-von-albstadt","21":"tag-kunst-und-design","22":"tag-laufen","23":"tag-lautlingen","24":"tag-margrethausen","25":"tag-onstmettingen","26":"tag-pfeffingen","27":"tag-portraets","28":"tag-tailfingen","29":"tag-technologiewerkstatt","30":"tag-truchtelfingen","31":"tag-unterhaltung"},"share_on_mastodon":{"url":"https:\/\/pubeurope.com\/@de\/115527179592471453","error":""},"_links":{"self":[{"href":"https:\/\/www.europesays.com\/de\/wp-json\/wp\/v2\/posts\/566088","targetHints":{"allow":["GET"]}}],"collection":[{"href":"https:\/\/www.europesays.com\/de\/wp-json\/wp\/v2\/posts"}],"about":[{"href":"https:\/\/www.europesays.com\/de\/wp-json\/wp\/v2\/types\/post"}],"author":[{"embeddable":true,"href":"https:\/\/www.europesays.com\/de\/wp-json\/wp\/v2\/users\/2"}],"replies":[{"embeddable":true,"href":"https:\/\/www.europesays.com\/de\/wp-json\/wp\/v2\/comments?post=566088"}],"version-history":[{"count":0,"href":"https:\/\/www.europesays.com\/de\/wp-json\/wp\/v2\/posts\/566088\/revisions"}],"wp:featuredmedia":[{"embeddable":true,"href":"https:\/\/www.europesays.com\/de\/wp-json\/wp\/v2\/media\/566089"}],"wp:attachment":[{"href":"https:\/\/www.europesays.com\/de\/wp-json\/wp\/v2\/media?parent=566088"}],"wp:term":[{"taxonomy":"category","embeddable":true,"href":"https:\/\/www.europesays.com\/de\/wp-json\/wp\/v2\/categories?post=566088"},{"taxonomy":"post_tag","embeddable":true,"href":"https:\/\/www.europesays.com\/de\/wp-json\/wp\/v2\/tags?post=566088"}],"curies":[{"name":"wp","href":"https:\/\/api.w.org\/{rel}","templated":true}]}}