{"id":566122,"date":"2025-11-10T20:19:21","date_gmt":"2025-11-10T20:19:21","guid":{"rendered":"https:\/\/www.europesays.com\/de\/566122\/"},"modified":"2025-11-10T20:19:21","modified_gmt":"2025-11-10T20:19:21","slug":"schwerer-unfall-auf-der-a3-bei-wiesbaden-13-verletzte-nach-massencrash","status":"publish","type":"post","link":"https:\/\/www.europesays.com\/de\/566122\/","title":{"rendered":"Schwerer Unfall auf der A3 bei Wiesbaden: 13 Verletzte nach Massencrash"},"content":{"rendered":"<p>Autobahn gesperrtMassen-Crash auf A3! Viele Verletzte nach Unfall<img alt=\"Vollsperrung der A3 nach schwerem Unfall\" fetchpriority=\"high\" width=\"940\" height=\"529\" decoding=\"async\" data-nimg=\"1\" class=\"Image_image__SdgLQ Picture_image__vGN9W\" style=\"color:transparent\"   src=\"https:\/\/www.europesays.com\/de\/wp-content\/uploads\/2025\/11\/vollsperrung-der-a3-nach-schwerem-unfall.webp.webp\"\/><\/p>\n<p>Mehrere Fahrzeuge stehen ineinander verkeilt an der Unfallstelle auf der Autobahn 3 zwischen Niedernhausen und dem Wiesbadener Kreuz. <\/p>\n<p>Fritz Demel\/dpa<\/p>\n<p>10. November 2025 um 21:12 Uhr<\/p>\n<p class=\"AnnotatedMarkup_paragraph__IUT9l\"><strong>Die Fahrbahn ist ein einziges Tr\u00fcmmerfeld! <\/strong><br \/>Auf der Autobahn 3 bei Wiesbaden-Medenbach kommt es zu einem schweren Unfall mit acht Fahrzeugen. Ein Auto ger\u00e4t ins Schleudern und l\u00f6st eine verheerende Kettenreaktion aus. 13 Menschen werden verletzt, drei von ihnen schwer. Die Autobahn ist in Richtung S\u00fcden f\u00fcr mehrere Stunden voll gesperrt.<\/p>\n<p>Autofahrer (55) ger\u00e4t vor Lkw auf der rechten Spur <\/p>\n<p class=\"AnnotatedMarkup_paragraph__IUT9l\">Ein 55-j\u00e4hriger Autofahrer ger\u00e4t nach ersten Erkenntnissen mit seinem Wagen auf dem linken Fahrstreifen ins Schleudern. Sein Auto ger\u00e4t auf dem rechten Fahrstreifen vor einen Sattelzug. Der Lkw-Fahrer bremst zwar stark, kann einen Zusammensto\u00df aber nicht mehr verhindern.<\/p>\n<p class=\"AnnotatedMarkup_paragraph__IUT9l\"><strong>Lese-Tipp:<\/strong><a href=\"https:\/\/www.rtl.de\/news\/luedenscheid-nrw-massencrash-auf-der-autobahn-45-sieben-verletzte-id6836959.html\" target=\"_self\" rel=\"noopener\"> Massencrash auf der A45 \u2013 sieben Verletzte<\/a><\/p>\n<p class=\"AnnotatedMarkup_paragraph__IUT9l\">Daraufhin fahren sechs weitere Fahrzeuge \u2013 ein Sattelzug und f\u00fcnf Autos \u2013 in die Unfallstelle. Die Autos und Lastwagen blockieren die komplette Fahrbahn in Richtung S\u00fcden. Die Polizei sperrt die Autobahn an der Unfallstelle f\u00fcr mehrere Stunden. Drei Menschen erlitten schwere Verletzungen, weitere zehn Personen wurden leicht verletzt.<\/p>\n<p>Video-Tipp: Massenkarambolage auf der A2! 33 Autos schleudern ineinander Anzeige:<\/p>\n<p>Empfehlungen unserer Partner<\/p>\n<p>Polizei sucht nach Unfall auf A3 Zeugen<\/p>\n<p class=\"AnnotatedMarkup_paragraph__IUT9l\">Ein Gutachter untersucht den Unfallort. Am Abend gibt die Polizei den Seitenstreifen wieder frei, damit der Verkehr langsam an der Unfallstelle vorbeifahren kann. Auf der A3 bildet sich ein zehn Kilometer langer Stau, auch die umliegenden Stra\u00dfen sind stark \u00fcberlastet. Die Polizei bittet Zeugen, sich bei der Autobahnpolizei in Wiesbaden zu melden. (jgr, mit dpa) <\/p>\n<p class=\"AnnotatedMarkup_paragraph__IUT9l\">Verwendete Quellen: dpa <\/p>\n","protected":false},"excerpt":{"rendered":"Autobahn gesperrtMassen-Crash auf A3! Viele Verletzte nach Unfall Mehrere Fahrzeuge stehen ineinander verkeilt an der Unfallstelle auf der&hellip;\n","protected":false},"author":2,"featured_media":566123,"comment_status":"","ping_status":"","sticky":false,"template":"","format":"standard","meta":{"footnotes":""},"categories":[1847],"tags":[81810,331,338,332,339,4904,3364,29,344,342,343,548,663,3934,30,13,2052,14,335,329,336,334,341,15,330,337,333,121,328,327,12,634,2624,340,601,4544],"class_list":{"0":"post-566122","1":"post","2":"type-post","3":"status-publish","4":"format-standard","5":"has-post-thumbnail","7":"category-wiesbaden","8":"tag-autobahn-3","9":"tag-aktuelle-nachrichten","10":"tag-aktuelle-nachrichten-auf-einen-blick","11":"tag-aktuelle-news","12":"tag-aktuelle-themen-in-der-welt","13":"tag-autounfall","14":"tag-de","15":"tag-deutschland","16":"tag-ems_-news","17":"tag-ems_news_newsausland","18":"tag-ems_news_newsinland","19":"tag-eu","20":"tag-europa","21":"tag-europe","22":"tag-germany","23":"tag-headlines","24":"tag-hessen","25":"tag-nachrichten","26":"tag-nachrichten-aus-aller-welt","27":"tag-nachrichten-deutschland","28":"tag-nachrichten-heute","29":"tag-nachrichten-international","30":"tag-nachrichten-usa","31":"tag-news","32":"tag-news-deutschland","33":"tag-news-heute","34":"tag-news-international","35":"tag-polizei","36":"tag-rtl-nachrichten","37":"tag-rtl-news","38":"tag-schlagzeilen","39":"tag-strassenverkehr","40":"tag-unfaelle","41":"tag-usa-news","42":"tag-verkehr","43":"tag-wiesbaden"},"share_on_mastodon":{"url":"","error":"Validation failed: Text character limit of 500 exceeded"},"_links":{"self":[{"href":"https:\/\/www.europesays.com\/de\/wp-json\/wp\/v2\/posts\/566122","targetHints":{"allow":["GET"]}}],"collection":[{"href":"https:\/\/www.europesays.com\/de\/wp-json\/wp\/v2\/posts"}],"about":[{"href":"https:\/\/www.europesays.com\/de\/wp-json\/wp\/v2\/types\/post"}],"author":[{"embeddable":true,"href":"https:\/\/www.europesays.com\/de\/wp-json\/wp\/v2\/users\/2"}],"replies":[{"embeddable":true,"href":"https:\/\/www.europesays.com\/de\/wp-json\/wp\/v2\/comments?post=566122"}],"version-history":[{"count":0,"href":"https:\/\/www.europesays.com\/de\/wp-json\/wp\/v2\/posts\/566122\/revisions"}],"wp:featuredmedia":[{"embeddable":true,"href":"https:\/\/www.europesays.com\/de\/wp-json\/wp\/v2\/media\/566123"}],"wp:attachment":[{"href":"https:\/\/www.europesays.com\/de\/wp-json\/wp\/v2\/media?parent=566122"}],"wp:term":[{"taxonomy":"category","embeddable":true,"href":"https:\/\/www.europesays.com\/de\/wp-json\/wp\/v2\/categories?post=566122"},{"taxonomy":"post_tag","embeddable":true,"href":"https:\/\/www.europesays.com\/de\/wp-json\/wp\/v2\/tags?post=566122"}],"curies":[{"name":"wp","href":"https:\/\/api.w.org\/{rel}","templated":true}]}}