{"id":566194,"date":"2025-11-10T20:58:21","date_gmt":"2025-11-10T20:58:21","guid":{"rendered":"https:\/\/www.europesays.com\/de\/566194\/"},"modified":"2025-11-10T20:58:21","modified_gmt":"2025-11-10T20:58:21","slug":"prozessauftakt-zum-anschlag-auf-magdeburger-weihnachtsmarkt-und-ermittlungen-nach-lkw-braenden-in-leipzig-%c2%b7-leipziger-zeitung","status":"publish","type":"post","link":"https:\/\/www.europesays.com\/de\/566194\/","title":{"rendered":"Prozessauftakt zum Anschlag auf Magdeburger Weihnachtsmarkt und Ermittlungen nach Lkw-Br\u00e4nden in Leipzig \u00b7 Leipziger Zeitung"},"content":{"rendered":"<p>In Magdeburg begann heute der Prozess gegen den Mann, welcher im Dezember 2024 mit einem Auto in die Menschenmenge am Magdeburger Weihnachtsmarkt fuhr und sechs Menschen t\u00f6tete. Mehr als 300 Personen waren verletzt worden. Au\u00dferdem: Das Landeskriminalamt ermittelt nach Brandanschl\u00e4gen auf Lkws der Leipziger Baufirma Rothkegel. Die LZ fasst zusammen, was am Montag, dem 10. November 2025, in Leipzig, Sachsen und dar\u00fcber hinaus wichtig war.<\/p>\n<p>Prozessauftakt zum Anschlag auf Magdeburger Weihnachtsmarkt<\/p>\n<p>Am heutigen Montag begann am Landgericht Magdeburg der Prozess gegen Taleb al-Abdulmohsen. Der 51-J\u00e4hrige war am Abend des 20. Dezember 2024 mit einem gemieteten Auto in die Menschenmenge auf dem Magdeburger Weihnachtsmann gerast.<br \/><img decoding=\"async\" src=\"https:\/\/www.europesays.com\/de\/wp-content\/uploads\/2025\/11\/c031c5337a2e42ef969a89453a916aa5.gif\" width=\"https:\/\/www.l-iz.de\/der-tag\/2025\/11\/1\" height=\"https:\/\/www.l-iz.de\/der-tag\/2025\/11\/1\" alt=\"\"\/><br \/>Sechs Menschen kamen bei dem Anschlag ums Leben, mehr als 300 Personen wurden verletzt. Dem Angeklagten werden unter anderem vollendeter Mord in sechs F\u00e4llen und versuchter Mord in 338 F\u00e4llen vorgeworfen.<\/p>\n<p>F\u00fcr den Prozess sind bis zum 12. M\u00e4rz knapp 50 Verhandlungstage angesetzt.<\/p>\n<p>Stolpersteine besch\u00e4digt<\/p>\n<p>Wie die Leipziger Polizeidirektion am Montagvormittag mitteilte, <a href=\"https:\/\/medienservice.sachsen.de\/medien\/news\/1092214\" target=\"_blank\" rel=\"noopener\">wurden an der Stra\u00dfe \u201eAm Hirtenhaus\u201c in Leipzig-Wahren zwei Stolpersteine besch\u00e4digt.<\/a> Wann genau das passierte, ist bisher nicht klar \u2013 in der Mitteilung wird ein Zeitraum zwischen dem 3. September und dem gestrige 9. November angegeben.<\/p>\n<p>Die Gedenksteine waren vermutlich mit einem Werkzeug \u201ebis zur Unkenntlichkeit\u201c besch\u00e4digt worden, so die Polizei. Eine Joggerin hatte den Schaden bemerkt und gemeldet. Wie hoch der entstandene Schaden ausf\u00e4llt, konnte noch nicht beziffert werden. Die Ermittlungen laufen.<\/p>\n<p>Am gestrigen Sonntag fanden sowohl in Leipzig, sowie bundesweit, Putzaktionen im Rahmen des Gedenktages der Novemberprogrome statt. In jedem Jahr sind B\u00fcrger*innen dazu aufgerufen, die Stolpersteine, welche an Einzelschicksale der im Nazi-Regime ermordeten Menschen erinnern, zu s\u00e4ubern.<\/p>\n<p><a href=\"https:\/\/www.l-iz.de\/der-tag\/2025\/11\/das-wochenende-8-9-november-2025-opfern-der-november-pogrome-gedacht-steinmeier-warnt-vor-rechtsextremer-bedrohung-638704\" target=\"_blank\" rel=\"noopener\">Am ehemaligen Standort der Synagoge in der Gottschedstra\u00dfe fand am Sonntagabend eine Gedenkveranstaltung statt.<\/a><\/p>\n<p>LKA ermittelt nach Brandanschlag auf Lkws von Rothkegel<\/p>\n<p>Am vergangenen Freitag, dem 7. November wurden in den fr\u00fchen Morgenstunden zwei Lkw angez\u00fcndet, welche auf einer Freifl\u00e4che neben einer Tankstelle in der Dieskaustra\u00dfe abgestellt worden waren.<a href=\"https:\/\/medienservice.sachsen.de\/medien\/news\/1092239\" target=\"_blank\" rel=\"noopener\"> Wie die Polizei am heutigen Montag mitteilte<\/a>, ermittelt nun das Landeskriminalamt in dem Fall. Man gehe von einer politisch motivierten Tat aus.<\/p>\n<p><a href=\"https:\/\/de.indymedia.org\/node\/550506\" target=\"_blank\" rel=\"noopener\">Auf der Plattform indymedia tauchte zudem am Freitag ein Bekennerschreiben auf.<\/a> Darin hie\u00df es: \u201eBei unserem n\u00e4chtlichen Ausflug erblickten wir 2 LKW der Firma Rothkegel. Zuf\u00e4llig hatten wir gerade Brands\u00e4tze im Gep\u00e4ck, die wir\u00a0bei den LKW abstellten.\u201c Der Besitzer der Firma, Claus-Uwe-Rothkegel, ist in Leipzig kein Unbekannter: \u00dcber mehrere Wahlperioden sa\u00df er in der CDU-Fraktion im Leipziger Stadtrat.<\/p>\n<p>Als Grund f\u00fcr die Tat wurde in dem Schreiben die Austragung der \u201eSin City Fight Night\u201c in der Lagerhalle Rothkegels in der Salzstra\u00dfe angegeben. Man k\u00f6nne sagen, \u201edass sich bei diesem Event unteranderem organisierte Neonazis, Rocker und andere eklige Gestalten die Klinke in die Hand gaben. Die FightNight wurde organisiert vom \u201aSin City Boxgym\u2018, welches schon lange f\u00fcr eine feste Verankerung in der Leipziger Naziszene bekannt ist. Auch der aktuelle Gesch\u00e4ftsf\u00fchrer vom Baufachhandel, Richard Rothkegel, ist nachweislich mit Neonazis vernetzt und trat bei der Veranstaltung im Ring auf.\u201c<\/p>\n<p>Die Staatsanwaltschaft Leipzig hat nun ein Ermittlungsverfahren wegen des Tatverdachts der vors\u00e4tzlichen Brandstiftung eingeleitet.<\/p>\n<p>Jahrtausendfeld, Benefiz-Lesung und ein AAA f\u00fcr den Finanzminister<\/p>\n<p><strong>Wor\u00fcber die LZ heute berichtet hat:<\/strong><\/p>\n<p><a href=\"https:\/\/www.l-iz.de\/politik\/sachsen\/2025\/11\/kommentar-sachsischer-finanzminister-aaa-wichtiger-zahlungsfahigkeit-kommunen-638671\" target=\"_blank\" rel=\"noopener\">Kommentar: Wenn einem s\u00e4chsischen Finanzminister ein AAA wichtiger ist als die Zahlungsf\u00e4higkeit der Kommunen<\/a><\/p>\n<p><a href=\"https:\/\/www.l-iz.de\/politik\/brennpunkt\/2025\/11\/jahrtausendfeld-stadt-kein-geld-unsanierte-gesa-flache-kauf-638667\" target=\"_blank\" rel=\"noopener\">Jahrtausendfeld: Die Stadt hat gar kein Geld, um die unsanierte GESA-Fl\u00e4che zu kaufen<\/a><\/p>\n<p><a href=\"https:\/\/www.l-iz.de\/kultur\/lesungen\/2025\/11\/am-21-november-im-felsenkeller-benefiz-lesung-hollywood-star-sandra-huller-638654\" target=\"_blank\" rel=\"noopener\">Am 21. November im Felsenkeller: Benefiz-Lesung mit Hollywood-Star Sandra H\u00fcller<\/a><\/p>\n<p><a href=\"https:\/\/www.l-iz.de\/politik\/kassensturz\/2025\/11\/trotz-wohngeldreform-halfte-aller-antragsberechtigten-haushalte-leipzig-verzicht-638675?lrm_loggedout=true#\" target=\"_blank\" rel=\"noopener\">Trotz Wohngeldreform: Die H\u00e4lfte aller antragsberechtigten Haushalte in Leipzig verzichtet<\/a><\/p>\n<p><a href=\"https:\/\/www.l-iz.de\/bildung\/buecher\/2025\/11\/zwenkau-ansichtskartenflut-stadtchen-leipziger-suden-638660\" target=\"_blank\" rel=\"noopener\">Zwenkau: Eine Ansichtskartenflut f\u00fcr das St\u00e4dtchen im Leipziger S\u00fcden<\/a><\/p>\n<p><a href=\"https:\/\/www.l-iz.de\/en\/unkategorisiert-en\/2025\/11\/a-world-champion-in-leipzig-when-yusuke-matsumura-whistles-he-enchants-people-638742\" target=\"_blank\" rel=\"noopener\">A World Champion in Leipzig: When Yusuke Matsumura Whistles, He Captivates People<\/a><\/p>\n<p>Ver\u00e4nderungen bei BBC und BSW<\/p>\n<p><strong>Was heute au\u00dferdem wichtig war:<\/strong> Der<a href=\"https:\/\/www.tagesschau.de\/ausland\/europa\/bbc-ruecktritte-100.html\" target=\"_blank\" rel=\"noopener\"> Direktor und die Nachrichtenchefin der britischen Rundfunkanstalt BBC, Tim Davie und Deborah Turness, haben ihren R\u00fccktritt verk\u00fcndet.<\/a> Hintergrund dieses Schrittes sind Vorw\u00fcrfe im Zusammenhang mit einer Dokumentation \u00fcber Donald Trump. Dem Sender wurde vorgeworfen, er habe Aussagen des US-Pr\u00e4sidenten verf\u00e4lscht.<\/p>\n<p><a href=\"https:\/\/www.tagesschau.de\/inland\/innenpolitik\/bsw-sahra-wagenknecht-parteivorsitz-100.html\" target=\"_blank\" rel=\"noopener\">Sahra Wagenknecht will nicht weiter Vorsitzende ihrer Partei BSW sein.<\/a> Die Parteispitze sollen k\u00fcnftig die bisherige Co-Vorsitzende Amira Mohamed Ali und der Europaabgeordnete Fabio de Masi bilden. Wagenknecht wolle sich anderen Aufgaben in der Partei widmen und dennoch auch weiterhin eine f\u00fchrende Rolle \u00fcbernehmen.<\/p>\n<p>Die Landestalsperrenverwaltung des Freistaates Sachsen f\u00fchrt von Montag, 10. November bis Freitag, 14. November 2025 <a href=\"https:\/\/www.leipzig.de\/newsarchiv\/news\/palmgartenwehr-funktionsprobe-vom-10-bis-14-november-2025\" target=\"_blank\" rel=\"noopener\">die j\u00e4hrliche Funktionsprobe am Palmengartenwehr in Leipzig durch<\/a>. Durch die Wehrsteuerung kommt es zu einer Absenkung des Wasserspiegels in der\u00a0Wei\u00dfen Elster, im\u00a0Elsterflutbett,\u00a0Plei\u00dfeflutbett,\u00a0Elsterm\u00fchlgraben\u00a0und\u00a0Karl-Heine-Kanal\u00a0sowie zu einer vor\u00fcbergehenden Unterbrechung des Zuflusses der\u00a0Kleinen Luppe.<\/p>\n","protected":false},"excerpt":{"rendered":"In Magdeburg begann heute der Prozess gegen den Mann, welcher im Dezember 2024 mit einem Auto in die&hellip;\n","protected":false},"author":2,"featured_media":321329,"comment_status":"","ping_status":"","sticky":false,"template":"","format":"standard","meta":{"footnotes":""},"categories":[1832],"tags":[12941,3364,2409,29,30,71,3824,121,859,14732],"class_list":{"0":"post-566194","1":"post","2":"type-post","3":"status-publish","4":"format-standard","5":"has-post-thumbnail","7":"category-leipzig","8":"tag-brandanschlag","9":"tag-de","10":"tag-der-tag","11":"tag-deutschland","12":"tag-germany","13":"tag-leipzig","14":"tag-lka","15":"tag-polizei","16":"tag-sachsen","17":"tag-stolpersteine"},"share_on_mastodon":{"url":"https:\/\/pubeurope.com\/@de\/115527412983268597","error":""},"_links":{"self":[{"href":"https:\/\/www.europesays.com\/de\/wp-json\/wp\/v2\/posts\/566194","targetHints":{"allow":["GET"]}}],"collection":[{"href":"https:\/\/www.europesays.com\/de\/wp-json\/wp\/v2\/posts"}],"about":[{"href":"https:\/\/www.europesays.com\/de\/wp-json\/wp\/v2\/types\/post"}],"author":[{"embeddable":true,"href":"https:\/\/www.europesays.com\/de\/wp-json\/wp\/v2\/users\/2"}],"replies":[{"embeddable":true,"href":"https:\/\/www.europesays.com\/de\/wp-json\/wp\/v2\/comments?post=566194"}],"version-history":[{"count":0,"href":"https:\/\/www.europesays.com\/de\/wp-json\/wp\/v2\/posts\/566194\/revisions"}],"wp:featuredmedia":[{"embeddable":true,"href":"https:\/\/www.europesays.com\/de\/wp-json\/wp\/v2\/media\/321329"}],"wp:attachment":[{"href":"https:\/\/www.europesays.com\/de\/wp-json\/wp\/v2\/media?parent=566194"}],"wp:term":[{"taxonomy":"category","embeddable":true,"href":"https:\/\/www.europesays.com\/de\/wp-json\/wp\/v2\/categories?post=566194"},{"taxonomy":"post_tag","embeddable":true,"href":"https:\/\/www.europesays.com\/de\/wp-json\/wp\/v2\/tags?post=566194"}],"curies":[{"name":"wp","href":"https:\/\/api.w.org\/{rel}","templated":true}]}}