{"id":566200,"date":"2025-11-10T21:02:13","date_gmt":"2025-11-10T21:02:13","guid":{"rendered":"https:\/\/www.europesays.com\/de\/566200\/"},"modified":"2025-11-10T21:02:13","modified_gmt":"2025-11-10T21:02:13","slug":"laternenlauf-in-bad-cannstatt-tausende-bei-stuttgarts-groesstem-laternenumzug-stuttgart","status":"publish","type":"post","link":"https:\/\/www.europesays.com\/de\/566200\/","title":{"rendered":"Laternenlauf in Bad Cannstatt: Tausende bei Stuttgarts gr\u00f6\u00dftem Laternenumzug &#8211; Stuttgart"},"content":{"rendered":"<p>\t\t\t\t\t\t\t\t\t\t\t\t\t\t\t\t\t\t\t\t\t\t\t\t\t\t\t\t\t\t\t\t\t\t\t\t   \t\t\t\t\t \t\t\t\t   \t      \t\t\t\t   <img decoding=\"async\" id=\"article-image\" fetchpriority=\"high\" alt=\"Laternenlauf in Bad Cannstatt: Tausende bei Stuttgarts gr\u00f6\u00dftem Laternenumzug\" onclick=\"var pA=document.createElement('a');pA.setAttribute('href','https:\/\/www.esslinger-zeitung.de\/gallery.laternenlauf-in-bad-cannstatt-tausende-bei-stuttgarts-groesstem-laternenumzug.4e00525a-0799-43ca-8322-fc9e89575dd6.html'),pA.click();\" title=\"Laternenlauf in Bad Cannstatt: Tausende bei Stuttgarts gr\u00f6\u00dftem Laternenumzug\" src=\"https:\/\/www.europesays.com\/de\/wp-content\/uploads\/2025\/11\/media.media.9162533f-0497-4ad5-b28a-4507c25d1a88.original700.jpg\" data-linkto=\"https:\/\/www.esslinger-zeitung.de\/gallery.laternenlauf-in-bad-cannstatt-tausende-bei-stuttgarts-groesstem-laternenumzug.4e00525a-0799-43ca-8322-fc9e89575dd6.html\"\/>\t\t\t\t\t\t\t\t\t\t\t\t\t\t\t\t\t\t\t\t\t\t\t\tTausende Menschen zogen mit ihren Laternen vom Mercedes-Benz-Museum zur MHP-Arena.\u00a0Foto: LICHTGUT\t\t\t<\/p>\n<p>Ein Lichtermeer zog am Montagabend durch den Neckarpark: Tausende Teilnehmer liefen mit ihren Laternen vom Mercedes-Benz-Museum in die MHP-Arena.<\/p>\n<p>Am Montagabend verwandelte sich der <a href=\"https:\/\/www.esslinger-zeitung.de\/thema\/Neckarpark\" title=\"Neckarpark\" class=\"art_thema\" target=\"_blank\" rel=\"noopener\">Neckarpark<\/a> in ein buntes Lichtermeer: Tausende Menschen nahmen am gro\u00dfen Laternenumzug rund um das <a href=\"https:\/\/www.esslinger-zeitung.de\/thema\/Mercedes-Benz_Museum\" title=\"Mercedes-Benz-Museum\" class=\"art_thema\" target=\"_blank\" rel=\"noopener\">Mercedes-Benz-Museum<\/a> teil. Zum Finale brachte ein Fu\u00dfballstar in der <a href=\"https:\/\/www.esslinger-zeitung.de\/thema\/MHP_Arena\" title=\"MHP-Arena\" class=\"art_thema\" target=\"_blank\" rel=\"noopener\">MHP-Arena<\/a> nicht nur Kinderaugen zum Leuchten.<\/p>\n<p>Zum mittlerweile dritten Mal tauchten tausende Lichter den Neckarpark in ein funkelndes Meer aus Laternen. Seit der Premiere 2023 laden das Mercedes-Benz-Museum, der VfB <a href=\"https:\/\/www.esslinger-zeitung.de\/thema\/Stuttgart\" title=\"Stuttgart\" class=\"art_thema\" target=\"_blank\" rel=\"noopener\">Stuttgart<\/a>, der Fritzle-Club, die Familienzeitung Luftballon und der Radiosender Die Neue 107.7 dazu ein, den Martinsumzug mit Laternenlicht in Bad <a href=\"https:\/\/www.esslinger-zeitung.de\/thema\/Stuttgart-Bad_Cannstatt\" title=\"Cannstatt\" class=\"art_thema\" target=\"_blank\" rel=\"noopener\">Cannstatt<\/a> zu feiern. Auch in diesem Jahr zog die Veranstaltung rund 6000 Besucherinnen und Besucher an, die gemeinsam vom Museum in die MHP-Arena einliefen.<\/p>\n<p>Die MHP-Arena erstrahlt in Rot <\/p>\n<p>Der Auftakt vor dem Museum h\u00e4tte stimmungsvoller kaum sein k\u00f6nnen: Ab 16.30 Uhr f\u00fcllte sich der Platz mit erwartungsvollen Familien, Kindern und bunten Laternen. Schon von weitem war das Lied \u201eLaterne, Laterne\u201c zu h\u00f6ren \u2013 angestimmt von der Enternainment-Gruppe Donikkl-Crew. Eine Stunde sp\u00e4ter setzte sich der leuchtende Zug in Bewegung. Entlang des Neckarparks ging es hinein in die MHP-Arena, wo in rotem Licht alles erstrahlte. Der Rasen war zum Greifen nah, die Menge zog einmal rund ums Spielfeld bis in die Cannstatter Kurve.<\/p>\n<p>Cacau setzt sich knapp durch <\/p>\n<p>Auf der B\u00fchne empfing Maskottchen Fritzle die Besucher mit gro\u00dfem Hallo, Gesang und Tanz \u2013 und sogar einem rockigen \u201eWhatever You Want\u201c von Status Quo. Der klare Novemberabend sorgte f\u00fcr die perfekte Atmosph\u00e4re: k\u00fchl, frisch und wunderbar leuchtend.<\/p>\n<p>  <img decoding=\"async\" loading=\"lazy\" src=\"https:\/\/www.europesays.com\/de\/wp-content\/uploads\/2025\/11\/media.media.19f247f1-85f8-4574-b10c-801df61ea28b.original1024.media.jpeg\"\/>     Leuchtende Laternen in der MHP-Arena.    Foto: LICHTGUT    <\/p>\n<p>Danach brachte die Donikkl-Crew mit fr\u00f6hlichen Mitmachliedern die Menge in Bewegung, La-Ola-Wellen rollten durch die R\u00e4nge. F\u00fcr Begeisterung sorgte dann der Auftritt der 20-j\u00e4hrigen VfB-Nachwuchsspielerin Dafina Redzepi. Doch der H\u00f6hepunkt folgte mit Stargast Cacau (44), der sich in der Fu\u00dfball-Challenge \u201eFu\u00dfball-Kegeln\u201c gegen Redzepi duellierte. Nach drei Sch\u00fcssen stand es unentschieden \u2013 erst im Entscheidungsschuss setzte sich Cacau knapp durch.<\/p>\n<p>Zum Abschluss erleuchteten noch einmal alle Laternen die Arena, w\u00e4hrend gemeinsam \u201eLaterne, Laterne, Sonne, Mond und Sterne\u201c gesungen wurde. Ein stimmungsvoller Abend f\u00fcr Kleine und Gro\u00dfe \u2013 so strahlend wie die sch\u00f6nste Laterne selbst.<\/p>\n","protected":false},"excerpt":{"rendered":"Tausende Menschen zogen mit ihren Laternen vom Mercedes-Benz-Museum zur MHP-Arena.\u00a0Foto: LICHTGUT Ein Lichtermeer zog am Montagabend durch den&hellip;\n","protected":false},"author":2,"featured_media":566201,"comment_status":"","ping_status":"","sticky":false,"template":"","format":"standard","meta":{"footnotes":""},"categories":[1830],"tags":[1634,3364,29,30,16262,129210,15808,5170,90897,1441,5251,5329],"class_list":{"0":"post-566200","1":"post","2":"type-post","3":"status-publish","4":"format-standard","5":"has-post-thumbnail","7":"category-stuttgart","8":"tag-baden-wuerttemberg","9":"tag-de","10":"tag-deutschland","11":"tag-germany","12":"tag-laternen","13":"tag-laternenumzug","14":"tag-mercedes-benz-museum","15":"tag-mhp-arena","16":"tag-neckarpark","17":"tag-stuttgart","18":"tag-stuttgart-bad-cannstatt","19":"tag-video"},"share_on_mastodon":{"url":"https:\/\/pubeurope.com\/@de\/115527428226755986","error":""},"_links":{"self":[{"href":"https:\/\/www.europesays.com\/de\/wp-json\/wp\/v2\/posts\/566200","targetHints":{"allow":["GET"]}}],"collection":[{"href":"https:\/\/www.europesays.com\/de\/wp-json\/wp\/v2\/posts"}],"about":[{"href":"https:\/\/www.europesays.com\/de\/wp-json\/wp\/v2\/types\/post"}],"author":[{"embeddable":true,"href":"https:\/\/www.europesays.com\/de\/wp-json\/wp\/v2\/users\/2"}],"replies":[{"embeddable":true,"href":"https:\/\/www.europesays.com\/de\/wp-json\/wp\/v2\/comments?post=566200"}],"version-history":[{"count":0,"href":"https:\/\/www.europesays.com\/de\/wp-json\/wp\/v2\/posts\/566200\/revisions"}],"wp:featuredmedia":[{"embeddable":true,"href":"https:\/\/www.europesays.com\/de\/wp-json\/wp\/v2\/media\/566201"}],"wp:attachment":[{"href":"https:\/\/www.europesays.com\/de\/wp-json\/wp\/v2\/media?parent=566200"}],"wp:term":[{"taxonomy":"category","embeddable":true,"href":"https:\/\/www.europesays.com\/de\/wp-json\/wp\/v2\/categories?post=566200"},{"taxonomy":"post_tag","embeddable":true,"href":"https:\/\/www.europesays.com\/de\/wp-json\/wp\/v2\/tags?post=566200"}],"curies":[{"name":"wp","href":"https:\/\/api.w.org\/{rel}","templated":true}]}}