{"id":566282,"date":"2025-11-10T21:50:13","date_gmt":"2025-11-10T21:50:13","guid":{"rendered":"https:\/\/www.europesays.com\/de\/566282\/"},"modified":"2025-11-10T21:50:13","modified_gmt":"2025-11-10T21:50:13","slug":"ein-grobes-foul-vor-dem-wuppertaler-amtsgericht","status":"publish","type":"post","link":"https:\/\/www.europesays.com\/de\/566282\/","title":{"rendered":"Ein grobes Foul vor dem Wuppertaler Amtsgericht"},"content":{"rendered":"<p class=\"text_ohne_einzug richtext text-em-55 !leading-serif mx-6 desktop:mx-0\">Tatort Fu\u00dfballplatz? Gut drei Stunden dauerte am Montag der erste Verhandlungstag im Prozess um den Vorwurf der gef\u00e4hrlichen K\u00f6rperverletzung und der Anstiftung zur K\u00f6rperverletzung im Rahmen des Kreispokalspiels Gr\u00fcn-Wei\u00df Wuppertal gegen Breite Burschen Barmen am 16.\u00a0Oktober 2024. Danach setzte Richterin Carmen Schlosser im Einverst\u00e4ndnis mit Staatsanwalt Ulrich Handle und den Anw\u00e4lten von Kl\u00e4ger und Beklagten, darunter mit Klaus Sewald (Gr\u00fcn-Wei\u00df) und Jochen Thielmann (Breite Burschen) die Vorsitzenden beider Vereine, den 1. Dezember als weiteren Verhandlungstag an. Dann n\u00e4mlich sollen weitere Zeugen geh\u00f6rt werden. Die Frage stellt sich weiterhin: Hat der erst kurz zuvor eingewechselte 23 Jahre alte Angeklagte den als bester Torj\u00e4ger aller 9. Ligen in Deutschland zu einer gewissen Ber\u00fchmtheit gekommenen Unterschiedsspieler der Breiten Burschen und in Wuppertal bekannten Tim Domann absichtlich schwer verletzt? Wurde er vom Spielfeldrand \u2013 namentlich vom Angeklagten Sascha G. \u2013 sogar dazu angestiftet? Fakt ist: Domann hatte nach einem Foul des Beschuldigten einen Bruch von Kn\u00f6chel- und Wadenbein plus Riss des Syndesmosebandes erlitten, musste zweimal operiert werden und konnte sechs Monate lang kein Fu\u00dfball mehr spielen.<\/p>\n","protected":false},"excerpt":{"rendered":"Tatort Fu\u00dfballplatz? Gut drei Stunden dauerte am Montag der erste Verhandlungstag im Prozess um den Vorwurf der gef\u00e4hrlichen&hellip;\n","protected":false},"author":2,"featured_media":566283,"comment_status":"","ping_status":"","sticky":false,"template":"","format":"standard","meta":{"footnotes":"","_share_on_mastodon":"0"},"categories":[1840],"tags":[17463,100372,44526,3364,29,50429,40800,136593,30,20282,10139,682,1209,1269,13205,2066,2944,4418],"class_list":["post-566282","post","type-post","status-publish","format-standard","has-post-thumbnail","category-wuppertal","tag-barmen","tag-breite","tag-burschen","tag-de","tag-deutschland","tag-domann","tag-foul","tag-foulszene","tag-germany","tag-gruen","tag-karte","tag-koerperverletzung","tag-nordrhein-westfalen","tag-prozess","tag-szene","tag-verhandlung","tag-verhandlungstag","tag-wuppertal"],"share_on_mastodon":{"url":"https:\/\/pubeurope.com\/@de\/115527616056101815","error":""},"_links":{"self":[{"href":"https:\/\/www.europesays.com\/de\/wp-json\/wp\/v2\/posts\/566282","targetHints":{"allow":["GET"]}}],"collection":[{"href":"https:\/\/www.europesays.com\/de\/wp-json\/wp\/v2\/posts"}],"about":[{"href":"https:\/\/www.europesays.com\/de\/wp-json\/wp\/v2\/types\/post"}],"author":[{"embeddable":true,"href":"https:\/\/www.europesays.com\/de\/wp-json\/wp\/v2\/users\/2"}],"replies":[{"embeddable":true,"href":"https:\/\/www.europesays.com\/de\/wp-json\/wp\/v2\/comments?post=566282"}],"version-history":[{"count":0,"href":"https:\/\/www.europesays.com\/de\/wp-json\/wp\/v2\/posts\/566282\/revisions"}],"wp:featuredmedia":[{"embeddable":true,"href":"https:\/\/www.europesays.com\/de\/wp-json\/wp\/v2\/media\/566283"}],"wp:attachment":[{"href":"https:\/\/www.europesays.com\/de\/wp-json\/wp\/v2\/media?parent=566282"}],"wp:term":[{"taxonomy":"category","embeddable":true,"href":"https:\/\/www.europesays.com\/de\/wp-json\/wp\/v2\/categories?post=566282"},{"taxonomy":"post_tag","embeddable":true,"href":"https:\/\/www.europesays.com\/de\/wp-json\/wp\/v2\/tags?post=566282"}],"curies":[{"name":"wp","href":"https:\/\/api.w.org\/{rel}","templated":true}]}}