{"id":566379,"date":"2025-11-10T22:58:17","date_gmt":"2025-11-10T22:58:17","guid":{"rendered":"https:\/\/www.europesays.com\/de\/566379\/"},"modified":"2025-11-10T22:58:17","modified_gmt":"2025-11-10T22:58:17","slug":"erstmals-seit-ueber-10-jahren-hilary-duff-feiert-besonderes-comeback-aber-deutsche-fans-gehen-leer-aus","status":"publish","type":"post","link":"https:\/\/www.europesays.com\/de\/566379\/","title":{"rendered":"Erstmals seit \u00fcber 10 Jahren: Hilary Duff feiert besonderes Comeback \u2013 aber deutsche Fans gehen leer aus"},"content":{"rendered":"<p>Deutsche Fans gehen leer aus<\/p>\n<p>Erstmals seit \u00fcber zehn Jahren: Hilary Duff feiert besonderes Comeback<\/p>\n<p>von spot on news<\/p>\n<p>10.11.2025, 20:44 Uhr<\/p>\n<p>10. November 2025 um 20:44 Uhr<\/p>\n<p>Erschien in Kooperation mit<\/p>\n<p><a href=\"https:\/\/public.spot-on-news.de\/\" target=\"_blank\" rel=\"sponsored nofollow noopener\" data-qa-partner-block-logo-link=\"\"><img decoding=\"async\" data-hk=\"00932120a1410210010\" loading=\"lazy\" src=\"https:\/\/www.europesays.com\/de\/wp-content\/uploads\/2025\/11\/1762815497_262_dc5a1d89-de98-4020-9390-be44e6ef5c3e.a36fcdf3-493b-48ef-b839-58d541b4260c.png\" alt=\"spot on news\" width=\"61\" height=\"40\"\/><\/a><\/p>\n<p>Die S\u00e4ngerin und Schauspielerin Hilary Duff wird erstmals nach mehr als einem Jahrzehnt wieder mehrere Konzerte geben. Bisher sind allerdings nur vier Auftritte im Rahmen einer Mini-Tour geplant.<\/p>\n<p><a href=\"https:\/\/www.bunte.de\/starprofile\/hilary-duff\/page-1.html\" rel=\"follow noopener\" target=\"_self\">Hilary Duff<\/a> (38) wird schon bald ein besonderes Comeback feiern. Die S\u00e4ngerin und Schauspielerin hat angek\u00fcndigt, dass sie Anfang kommenden Jahres auf eine kleine Tour gehen wird. Im Rahmen dieser sind bisher nur vier Konzerte geplant. Laut eines Berichts des Musikmagazins &#8222;Rolling Stone&#8220; sind es die ersten Live-Auftritte dieser Art seit mehr als einem Jahrzehnt.<\/p>\n<p>Hilary Duff: &#8222;Kleine R\u00e4ume, gro\u00dfes Lampenfieber&#8220;<\/p>\n<p>Erst k\u00fcrzlich hat <a href=\"https:\/\/www.bunte.de\/stars\/stars-im-babyglueck\/hilary-duff-ist-schwanger-mit-baby-nummer-4.html\" rel=\"follow noopener\" target=\"_self\">Hilary Duff, die 2023 zum vierten Mal schwanger war<\/a>, ihre Comeback-Single &#8222;Mature&#8220; ver\u00f6ffentlicht. &#8222;Eine Single? Bitte&#8220;, schreibt sie jetzt auf Instagram und verk\u00fcndet die Tour. &#8222;Dieses M\u00e4dchen macht sich auf den Weg zu ganz besonderen Shows. London, Toronto, Brooklyn, L.A. &#8211; staubt die Tanzschuhe ab.&#8220; Die S\u00e4ngerin sei &#8222;so bereit&#8220;, aber auch &#8222;ein kleines bisschen nerv\u00f6s&#8220;. Passend dazu tr\u00e4gt die Mini-Tour den Titel &#8222;Small Rooms, Big Nerves&#8220;, also in etwa &#8222;Kleine R\u00e4ume, gro\u00dfes Lampenfieber&#8220;.<\/p>\n<p>ANZEIGEHilary Duff gibt nur ein Konzert in Europa<\/p>\n<p>Deutsche Fans m\u00fcssen nach aktuellem Stand leider eine etwas l\u00e4ngere Anreise einplanen. Das demnach einzige Konzert in Europa spielt Duff am 19. Januar 2026 in London. Am 24. Januar geht es ins kanadische Toronto, am 27. Januar nach Brooklyn und am 29. Januar nach Los Angeles. Der Vorverkauf startet am 14. November. N\u00e4here Infos dazu finden Fans ebenfalls auf Instagram.<\/p>\n<p>ANZEIGE<\/p>\n<p>Die Shows liegen Duff laut eines Statements sehr am Herzen. Die Wartezeit sei lang gewesen, und sie wisse, &#8222;dass diese Abende voller Freude und Verbindung sein werden &#8211; f\u00fcr alte Freunde und neue Gesichter&#8220;. Sie k\u00f6nne es kaum erwarten, f\u00fcr und mit den Fans zu singen sowie diese endlich wieder zu treffen. Die S\u00e4ngerin habe &#8222;ein paar neue Songs [&#8230;] und nat\u00fcrlich ein paar alte Favoriten&#8220; im Gep\u00e4ck, zitiert au\u00dferdem der &#8222;Rolling Stone&#8220;.<\/p>\n","protected":false},"excerpt":{"rendered":"Deutsche Fans gehen leer aus Erstmals seit \u00fcber zehn Jahren: Hilary Duff feiert besonderes Comeback von spot on&hellip;\n","protected":false},"author":2,"featured_media":566380,"comment_status":"","ping_status":"","sticky":false,"template":"","format":"standard","meta":{"footnotes":""},"categories":[1772],"tags":[29,214,30,1779,810,215],"class_list":{"0":"post-566379","1":"post","2":"type-post","3":"status-publish","4":"format-standard","5":"has-post-thumbnail","7":"category-musik","8":"tag-deutschland","9":"tag-entertainment","10":"tag-germany","11":"tag-music","12":"tag-musik","13":"tag-unterhaltung"},"share_on_mastodon":{"url":"https:\/\/pubeurope.com\/@de\/115527883578446138","error":""},"_links":{"self":[{"href":"https:\/\/www.europesays.com\/de\/wp-json\/wp\/v2\/posts\/566379","targetHints":{"allow":["GET"]}}],"collection":[{"href":"https:\/\/www.europesays.com\/de\/wp-json\/wp\/v2\/posts"}],"about":[{"href":"https:\/\/www.europesays.com\/de\/wp-json\/wp\/v2\/types\/post"}],"author":[{"embeddable":true,"href":"https:\/\/www.europesays.com\/de\/wp-json\/wp\/v2\/users\/2"}],"replies":[{"embeddable":true,"href":"https:\/\/www.europesays.com\/de\/wp-json\/wp\/v2\/comments?post=566379"}],"version-history":[{"count":0,"href":"https:\/\/www.europesays.com\/de\/wp-json\/wp\/v2\/posts\/566379\/revisions"}],"wp:featuredmedia":[{"embeddable":true,"href":"https:\/\/www.europesays.com\/de\/wp-json\/wp\/v2\/media\/566380"}],"wp:attachment":[{"href":"https:\/\/www.europesays.com\/de\/wp-json\/wp\/v2\/media?parent=566379"}],"wp:term":[{"taxonomy":"category","embeddable":true,"href":"https:\/\/www.europesays.com\/de\/wp-json\/wp\/v2\/categories?post=566379"},{"taxonomy":"post_tag","embeddable":true,"href":"https:\/\/www.europesays.com\/de\/wp-json\/wp\/v2\/tags?post=566379"}],"curies":[{"name":"wp","href":"https:\/\/api.w.org\/{rel}","templated":true}]}}