{"id":566556,"date":"2025-11-11T00:40:19","date_gmt":"2025-11-11T00:40:19","guid":{"rendered":"https:\/\/www.europesays.com\/de\/566556\/"},"modified":"2025-11-11T00:40:19","modified_gmt":"2025-11-11T00:40:19","slug":"ein-festival-in-augsburg-ehrt-den-musikliebhaber-jakob-fugger","status":"publish","type":"post","link":"https:\/\/www.europesays.com\/de\/566556\/","title":{"rendered":"Ein Festival in Augsburg ehrt den Musikliebhaber Jakob Fugger"},"content":{"rendered":"<p class=\"mb-6 text-xs md:text-m lg:text-l font-serif group-[.font-sans]:font-sans \">\n    Die Renaissance bereitete der Weg in die Neuzeit &#8211; und einer, der ihn miterlebt und auch mitgepr\u00e4gt hat ist Jakob Fugger (1459 &#8211; 1525), dessen 500. Todestag sich am 30. Dezember j\u00e4hrt. Dass man den ber\u00fchmten Augsburger nicht nur im Lichte seiner sozialen Gro\u00dftat, der Fuggerei, oder als cleveren und global vernetzten Gesch\u00e4ftsmann sehen kann, zeigt das Festival \u201eJacobus Fugger Civis Augustae\u201c, das das Forum Alte Musik Augsburg (FAMA) am Samstag, 15. November veranstaltet. Einen ganzen Tag soll dabei die Klangwelt, die Jakob Fugger umgeben hat, die Anna-Kirche erf\u00fcllen.\n  <\/p>\n<p>            Die Familie Jakob Fuggers stiftete viel Geld f\u00fcr die Musik<\/p>\n<p class=\"mb-6 text-xs md:text-m lg:text-l font-serif group-[.font-sans]:font-sans \">\n    \u201eEs gibt viele Indizien, dass in den Fuggerh\u00e4usern reichlich Musik erklang, dass von der Familie Fugger auch viel Geld gestiftet wurde, damit Musik erklingt\u201c, erz\u00e4hlt Sabine Lutzenberger, Mitglied im Vorstand von FAMA. Die Klangwelt sei pr\u00e4sent gewesen im privaten wie auch \u00f6ffentlichen Raum, aber nat\u00fcrlich auch in der geistlichen Musik, f\u00fchrt sie weiter aus. \u201eEs gibt viele Belege, wie die Musik geklungen hat, \u00fcber Drucke, aber auch Instrumente aus dieser Zeit\u201c, erg\u00e4nzt ihr FAMA-Vorstandskollege Michael Eberth.\n  <\/p>\n<p class=\"mb-6 text-xs md:text-m lg:text-l font-serif group-[.font-sans]:font-sans \">\n    Die Lebenszeit Jakob Fuggers, so erkl\u00e4ren Lutzenberger und Eberth, falle in eine Zeit, in der sich in der Musik wie auch in der Kunst \u00fcberhaupt gro\u00dfe Ver\u00e4nderungen ereignet h\u00e4tten. Durch die Einf\u00fchrung des Notendrucks 1501 durch Ottaviano Petrucci sei die Vervielf\u00e4ltigung von Musik m\u00f6glich gewesen, was zu einer st\u00e4rkeren Verbreitung f\u00fchrte. Auch die Instrumente in dieser Zeit ver\u00e4nderten sich, wie im ersten Konzerte des Tages zu Ehren Jakob Fuggers zu erleben sein wird. Denn darin erklingt der Nachbau einer gotischen Orgel, wie sie der junge Jakob Fugger einst geh\u00f6rt hat. Gut 60 Jahre sp\u00e4ter, als er starb, habe es diese Orgeln nicht mehr gegeben, erl\u00e4utert Organist Eberth und Kompositionen, die zu jener Zeit entstanden, h\u00e4tten auf diesen Orgeln auch gar nicht mehr gespielt werden k\u00f6nnen.\n  <\/p>\n<p>    <img decoding=\"async\" src=\"https:\/\/www.europesays.com\/de\/wp-content\/uploads\/2025\/11\/1762821619_110_blob.jpg\" alt=\"Der Nachbau einer gotischen Orgel, eine sogenannte &quot;Taubenei-Orgel&quot;, wird in St. Anna zu h\u00f6ren sein.\" title=\"Der Nachbau einer gotischen Orgel, eine sogenannte &quot;Taubenei-Orgel&quot;, wird in St. Anna zu h\u00f6ren sein.\" class=\"h-full w-full object-cover\"\/><\/p>\n<p>      Icon vergr\u00f6\u00dfern<\/p>\n<p>    Der Nachbau einer gotischen Orgel, eine sogenannte &#8222;Taubenei-Orgel&#8220;, wird in St. Anna zu h\u00f6ren sein.<br \/>\n    Foto: Michael Eberth<\/p>\n<p>        Schlie\u00dfen <\/p>\n<p>      Icon Schlie\u00dfen<\/p>\n<p>        Icon vergr\u00f6\u00dfern<\/p>\n<p>        Icon verkleinern<\/p>\n<p>      Icon Pfeil bewegen<\/p>\n<p>    Der Nachbau einer gotischen Orgel, eine sogenannte &#8222;Taubenei-Orgel&#8220;, wird in St. Anna zu h\u00f6ren sein.<br \/>\n    Foto: Michael Eberth<\/p>\n<p class=\"mb-6 text-xs md:text-m lg:text-l font-serif group-[.font-sans]:font-sans \">\n    Aus \u00d6sterreich wird nun extra die Nachbildung einer Taubenei-Orgel nach Augsburg in die Anna-Kirche gebracht. Der Name geht darauf zur\u00fcck, dass ihre Pfeifen von der Bass- bis zur Diskant-Pfeife den Durchmesser eines Taubeneis haben. \u201eDas f\u00fchrt dazu, dass die Basspfeifen etwas rau, rauschig, streicherartig klingen und die hohen Pfeifen einen grundt\u00f6nig fl\u00f6tigen Klang haben. Im Gesamtergebnis wirkt es, als ob man mit zwei Manualen spielt\u201c, stellt Eberth dar.\n  <\/p>\n<p>            Von der Dreistimmigkeit zur Vierstimmigkeit<\/p>\n<p class=\"mb-6 text-xs md:text-m lg:text-l font-serif group-[.font-sans]:font-sans \">\n    Auch im Hinblick auf die Kompositionen habe sich etwas ge\u00e4ndert in der Lebenszeit Jakob Fuggers. Im 15. Jahrhundert, als Fugger geboren wurde, habe noch die dreistimmige Musik vorgeherrscht, zu seinem Lebensende sei dann die Vierstimmigkeit etabliert gewesen. \u201eDas ist eine der gr\u00f6\u00dften Ver\u00e4nderungen, die sich damals ereigneten\u201c, erkl\u00e4rt Michael Eberth. Die offizielle Musik war sehr pr\u00e4chtig, mit vielen Mitwirkenden, erg\u00e4nzt Sabine Lutzenberger im privaten Bereich waren es dann die verschiedenen Tabulaturen, die zu jener Zeit bei Orgeln und Lauten hinzukamen, die die Vielstimmigkeit auf einem Instrument erzeugten.\n  <\/p>\n<p class=\"mb-6 text-xs md:text-m lg:text-l font-serif group-[.font-sans]:font-sans \">\n    Als Zuh\u00f6rer und M\u00e4zen f\u00f6rderte Jakob Fugger die Musik seiner Zeit in hohem Ma\u00dfe und gab auch Kompositionen in Auftrag. Besonders sch\u00e4tzte er die Musik Paul Hofhaimers. Der war nicht nur als Komponist anerkannt, sondern auch als Lehrerpers\u00f6nlichkeit, als \u201eOrganistenmacher\u201c, wie Michael Eberth es ausdr\u00fcckt. Und auch die Hofkapelle Kaiser Maximilians war h\u00e4ufig zu Gast in den H\u00e4usern Jakob Fuggers. \u201eDadurch, dass Fugger in Venedig erzogen wurde, kannte er die italienische Musik sehr gut und lud immer wieder Musiker und Komponisten aus Italien nach Augsburg ein\u201c, sagt Sabine Lutzenberger. Auch dieser Aspekt wird in einem Konzert des Festivals zu h\u00f6ren sein.\n  <\/p>\n<p>    Das Fugger-Festival <\/p>\n<ul rel=\"\" class=\"[&amp;&gt;li]:relative list-none  [&amp;&gt;li]:pl-[1.2em] [&amp;&gt;li]:marker:text-[0] [&amp;&gt;li]:relative [&amp;&gt;li]:before:absolute [&amp;&gt;li]:before:w-3 [&amp;&gt;li]:before:h-3 [&amp;&gt;li]:before:bg-brand [&amp;&gt;li]:before:left-0 [&amp;&gt;li]:before:top-[8px] [&amp;&gt;li]:before:rounded-full  my-5\">\n<li class=\" mb-3 text-xs md:text-m lg:text-l\">Das Festival \u201eJacobus Fugger Civis Augustae\u201c findet am Samstag, 15. November von 11.30 bis 21 Uhr in St. Anna statt<\/li>\n<li class=\" mb-3 text-xs md:text-m lg:text-l\">\u201ePfeifen und Saiten im Dialog\u201c: Italienische und s\u00fcddeutsche Tastenmusik zur Zeit Jakob Fuggers (11.30 bis 12.15, Fuggerkapelle, Eintritt frei)<\/li>\n<li class=\" mb-3 text-xs md:text-m lg:text-l\">F\u00fchrung zur von Jakob Fugger gestifteten Orgel mit Gregor Nagler und Hans Ganser (Fuggerkapelle 12.30 bis 14 Uhr)<\/li>\n<li class=\" mb-3 text-xs md:text-m lg:text-l\">\u201ePiccola Venezia\u201c: Italienische Liebeslyrik im Hause Fugger (im Innenhof, bei schlechtem Wetter im Ostchor, 16 bis 17 Uhr)<\/li>\n<li class=\" mb-3 text-xs md:text-m lg:text-l\">\u201eDas Augsburger Liederbuch, der Codex Pernner und die Fugger-Handschrift\u201c: Musiksch\u00e4tze im Umkreis Jakob Fuggers (19 bis 20 Uhr in der Kirche)<\/li>\n<li class=\" mb-3 text-xs md:text-m lg:text-l\">Es gibt Karten zu den einzelnen Konzerten und der F\u00fchrung oder einen Festivalpass f\u00fcr alle Veranstalten an der Konzertkasse in St. Anna am Veranstaltungstag sowie im Vorverkauf in der Tourist Information am Rathausplatz<\/li>\n<\/ul>\n<ul data-module-id=\"DragDropModule\" class=\"flex flex-wrap justify-start group-[.no-bookmarks]:hidden\">\n<li class=\"mb-3 mr-3\">\n    Birgit M\u00fcller-Bardorff<\/p>\n<p>      Icon Haken im Kreis gesetzt<\/p>\n<p>      Icon Plus im Kreis<\/p>\n<\/li>\n<li class=\"mb-3 mr-3\">\n    Augsburg Stadt<\/p>\n<p>      Icon Haken im Kreis gesetzt<\/p>\n<p>      Icon Plus im Kreis<\/p>\n<\/li>\n<li class=\"mb-3 mr-3\">\n    Jakob Fugger<\/p>\n<p>      Icon Haken im Kreis gesetzt<\/p>\n<p>      Icon Plus im Kreis<\/p>\n<\/li>\n<\/ul>\n","protected":false},"excerpt":{"rendered":"Die Renaissance bereitete der Weg in die Neuzeit &#8211; und einer, der ihn miterlebt und auch mitgepr\u00e4gt hat&hellip;\n","protected":false},"author":2,"featured_media":566557,"comment_status":"","ping_status":"","sticky":false,"template":"","format":"standard","meta":{"footnotes":""},"categories":[1846],"tags":[680,772,3364,29,548,663,3934,30,13,136630,136626,136627,136628,14,15,1433,136631,136632,136629,12,13239],"class_list":{"0":"post-566556","1":"post","2":"type-post","3":"status-publish","4":"format-standard","5":"has-post-thumbnail","7":"category-augsburg","8":"tag-augsburg","9":"tag-bayern","10":"tag-de","11":"tag-deutschland","12":"tag-eu","13":"tag-europa","14":"tag-europe","15":"tag-germany","16":"tag-headlines","17":"tag-jacobus-fugger","18":"tag-jakob-fugger","19":"tag-klangwelt","20":"tag-michael-eberth","21":"tag-nachrichten","22":"tag-news","23":"tag-oesterreich","24":"tag-ottaviano-petrucci","25":"tag-paul-hofhaimer","26":"tag-sabine-lutzenberger","27":"tag-schlagzeilen","28":"tag-venedig"},"share_on_mastodon":{"url":"https:\/\/pubeurope.com\/@de\/115528284952127172","error":""},"_links":{"self":[{"href":"https:\/\/www.europesays.com\/de\/wp-json\/wp\/v2\/posts\/566556","targetHints":{"allow":["GET"]}}],"collection":[{"href":"https:\/\/www.europesays.com\/de\/wp-json\/wp\/v2\/posts"}],"about":[{"href":"https:\/\/www.europesays.com\/de\/wp-json\/wp\/v2\/types\/post"}],"author":[{"embeddable":true,"href":"https:\/\/www.europesays.com\/de\/wp-json\/wp\/v2\/users\/2"}],"replies":[{"embeddable":true,"href":"https:\/\/www.europesays.com\/de\/wp-json\/wp\/v2\/comments?post=566556"}],"version-history":[{"count":0,"href":"https:\/\/www.europesays.com\/de\/wp-json\/wp\/v2\/posts\/566556\/revisions"}],"wp:featuredmedia":[{"embeddable":true,"href":"https:\/\/www.europesays.com\/de\/wp-json\/wp\/v2\/media\/566557"}],"wp:attachment":[{"href":"https:\/\/www.europesays.com\/de\/wp-json\/wp\/v2\/media?parent=566556"}],"wp:term":[{"taxonomy":"category","embeddable":true,"href":"https:\/\/www.europesays.com\/de\/wp-json\/wp\/v2\/categories?post=566556"},{"taxonomy":"post_tag","embeddable":true,"href":"https:\/\/www.europesays.com\/de\/wp-json\/wp\/v2\/tags?post=566556"}],"curies":[{"name":"wp","href":"https:\/\/api.w.org\/{rel}","templated":true}]}}