{"id":566666,"date":"2025-11-11T01:42:14","date_gmt":"2025-11-11T01:42:14","guid":{"rendered":"https:\/\/www.europesays.com\/de\/566666\/"},"modified":"2025-11-11T01:42:14","modified_gmt":"2025-11-11T01:42:14","slug":"simone-thomalla-teilt-frischen-schnappschuss-mit-ihrem-freund","status":"publish","type":"post","link":"https:\/\/www.europesays.com\/de\/566666\/","title":{"rendered":"Simone Thomalla teilt frischen Schnappschuss mit ihrem Freund"},"content":{"rendered":"<p>Bei &#8222;Let&#8217;s Dance on Tour&#8220;<\/p>\n<p>Simone Thomalla teilt neuen Schnappschuss mit ihrem Freund <\/p>\n<p><img decoding=\"async\" data-hk=\"00932120a13011002010\" loading=\"lazy\" src=\"https:\/\/www.europesays.com\/de\/wp-content\/uploads\/2025\/11\/1762825332_282_fd899030-629d-4874-82bb-31ff0b3ba977.27823993-186f-45f7-a2ec-b6e084cf4845.jpg\" alt=\"Lisanne Krill\" width=\"48\" height=\"48\"\/>Autorenprofilbild Lisanne Krillvon <a href=\"https:\/\/www.bunte.de\/autoren\/lisanne-krill_9a66c42c-2660-4d05-9c24-1c13c489b84c.html\" target=\"_blank\" rel=\"noopener\">Lisanne Krill<\/a><\/p>\n<p>10.11.2025, 19:16 Uhr<\/p>\n<p>10. November 2025 um 19:16 Uhr<\/p>\n<p>Seit der Best\u00e4tigung ihrer Beziehung im Februar 2025 treten Simone Thomalla und ihr Partner immer \u00f6fter gemeinsam in der \u00d6ffentlichkeit auf. Nun zeigte sich das Paar erneut bei einem Event.<\/p>\n<p>Nach ihrem ersten \u00f6ffentlichen Auftritt im August bei der Premiere des Theaterst\u00fccks Vanya am Kurf\u00fcrstendamm sind <a href=\"https:\/\/www.bunte.de\/starprofile\/simone-thomalla\/page-1.html\" rel=\"follow noopener\" target=\"_self\">Simone Thomalla<\/a> (60) und ihr Freund Ren\u00e9 M. nun ein weiteres Mal gemeinsam aufgetreten. Diesmal bei einem der Termine von &#8222;Let&#8217;s Dance on Tour&#8220;.<\/p>\n<p>Simone Thomalla zeigt sich mit Ren\u00e9 M. bei &#8222;Let&#8217;s Dance on Tour&#8220;<\/p>\n<p>Das Paar posierte nicht nur f\u00fcr Fotografen, sondern auch mit weiteren G\u00e4sten des Abends, darunter T\u00e4nzer <a href=\"https:\/\/www.bunte.de\/stars\/let-s-dance-star-spricht-ehrlich-ueber-seine-suizid-gedanken_5cefa5ec-83c9-4f52-a828-0ec39db1890e.html\" rel=\"follow noopener\" target=\"_self\">Evgeny Vinokurov<\/a>. Dieser hatte Simone zuvor w\u00e4hrend der RTL-Show<a href=\"https:\/\/www.bunte.de\/entertainment\/reality-shows\/lets-dance\/\" rel=\"follow noopener\" target=\"_self\"> &#8222;Let&#8217;s Dance&#8220;<\/a> begleitet, musste aber verletzungsbedingt pausieren. Unter Simones neuem Instagram-Foto kommentierte der Profit\u00e4nzer &#8222;Ich freue mich sehr, dass ihr heute da seid&#8220;.<\/p>\n<p>ANZEIGE<\/p>\n<p>Simone Thomalla entschied sich f\u00fcr ein schlichtes schwarzes Outfit, w\u00e4hrend Partner Ren\u00e9 eine braune Jacke mit einem Rollkragenpullover kombinierte.<\/p>\n<p>Simone Thomalla: So lernte sie Ren\u00e9 M. kennen<\/p>\n<p>Simone Thomalla und der f\u00fcnf Jahre j\u00fcngere Ren\u00e9 M. hatten ihr Deb\u00fct als Paar auf dem roten Teppich am 23. Juli bei einem Sommerfest in Berlin. Die Liebe zu dem Vater von Reality-TV-Star Denise Merten (35) begann schon Ende 2024, wie Simone <a href=\"https:\/\/www.bunte.de\/stars\/stars-die-liebe\/lets-dance-star-simone-thomalla-ich-bin-gerade-sehr-verliebt.html\" rel=\"follow noopener\" target=\"_self\">Thomalla im Mai dem BUNTE Magazin verriet<\/a>: &#8222;Wir haben uns \u00fcber gemeinsame Bekannte kennengelernt. Es ist ein bisschen einfacher, wenn jemand wie ich jemanden kennenlernt, der schon einmal bei anderen Leuten durch eine kleine Pr\u00fcfung gegangen ist. Das erleichtert die Sache ungemein&#8220;, erz\u00e4hlte sie im Interview.<\/p>\n<p>ANZEIGE<\/p>\n<p><img decoding=\"async\" data-hk=\"00932120a20170302010\" loading=\"lazy\"  src=\"https:\/\/www.europesays.com\/de\/wp-content\/uploads\/2025\/11\/1cff7932-eba7-40b8-9e14-ae010de63f94.a75cc5ad-14de-4ed8-b436-6005b7b2442d.jpeg\"  alt=\"Rene Merten und Simone Thomalla auf dem Oktoberfest 2025\" width=\"480\" height=\"720\"\/> Simone Thomalla und ihr Freund Ren\u00e9 Merten legen einen zuckers\u00fc\u00dfen P\u00e4rchenauftritt hin \u2013 auf der &#8222;Bild&#8220;-Wiesn sind sie einfach wie ein Herz und eine Seele!  Gisela Schober\/Getty Images <\/p>\n<p>Ren\u00e9 M. sei der \u00d6ffentlichkeit gegen\u00fcber gelassen: Schon bei einer &#8222;Let&#8217;s Dance&#8220;-Aufzeichnung war er im Publikum zu sehen, und auch jetzt scheint ihm die mediale Aufmerksamkeit nichts auszumachen. Thomalla betonte im Interview: &#8222;Er hat mit Film und Fernsehen nichts zu tun und legt da keinen Wert drauf. Er ist ein erwachsener Mann.&#8220;<\/p>\n","protected":false},"excerpt":{"rendered":"Bei &#8222;Let&#8217;s Dance on Tour&#8220; Simone Thomalla teilt neuen Schnappschuss mit ihrem Freund Autorenprofilbild Lisanne Krillvon Lisanne Krill&hellip;\n","protected":false},"author":2,"featured_media":566667,"comment_status":"","ping_status":"","sticky":false,"template":"","format":"standard","meta":{"footnotes":""},"categories":[1776],"tags":[1801,29,214,30,1802,215],"class_list":{"0":"post-566666","1":"post","2":"type-post","3":"status-publish","4":"format-standard","5":"has-post-thumbnail","7":"category-prominente","8":"tag-celebrities","9":"tag-deutschland","10":"tag-entertainment","11":"tag-germany","12":"tag-prominente","13":"tag-unterhaltung"},"share_on_mastodon":{"url":"https:\/\/pubeurope.com\/@de\/115528529346689209","error":""},"_links":{"self":[{"href":"https:\/\/www.europesays.com\/de\/wp-json\/wp\/v2\/posts\/566666","targetHints":{"allow":["GET"]}}],"collection":[{"href":"https:\/\/www.europesays.com\/de\/wp-json\/wp\/v2\/posts"}],"about":[{"href":"https:\/\/www.europesays.com\/de\/wp-json\/wp\/v2\/types\/post"}],"author":[{"embeddable":true,"href":"https:\/\/www.europesays.com\/de\/wp-json\/wp\/v2\/users\/2"}],"replies":[{"embeddable":true,"href":"https:\/\/www.europesays.com\/de\/wp-json\/wp\/v2\/comments?post=566666"}],"version-history":[{"count":0,"href":"https:\/\/www.europesays.com\/de\/wp-json\/wp\/v2\/posts\/566666\/revisions"}],"wp:featuredmedia":[{"embeddable":true,"href":"https:\/\/www.europesays.com\/de\/wp-json\/wp\/v2\/media\/566667"}],"wp:attachment":[{"href":"https:\/\/www.europesays.com\/de\/wp-json\/wp\/v2\/media?parent=566666"}],"wp:term":[{"taxonomy":"category","embeddable":true,"href":"https:\/\/www.europesays.com\/de\/wp-json\/wp\/v2\/categories?post=566666"},{"taxonomy":"post_tag","embeddable":true,"href":"https:\/\/www.europesays.com\/de\/wp-json\/wp\/v2\/tags?post=566666"}],"curies":[{"name":"wp","href":"https:\/\/api.w.org\/{rel}","templated":true}]}}