{"id":566721,"date":"2025-11-11T02:12:16","date_gmt":"2025-11-11T02:12:16","guid":{"rendered":"https:\/\/www.europesays.com\/de\/566721\/"},"modified":"2025-11-11T02:12:16","modified_gmt":"2025-11-11T02:12:16","slug":"stadt-solingen-sagt-gratis-parkern-an-sparkasse-den-kampf-an","status":"publish","type":"post","link":"https:\/\/www.europesays.com\/de\/566721\/","title":{"rendered":"Stadt Solingen sagt Gratis-Parkern an Sparkasse den Kampf an"},"content":{"rendered":"<p class=\"text_ohne_einzug richtext text-em-55 !leading-serif mx-6 desktop:mx-0\">Parken ist in der Solinger Innenstadt ein kostspieliges Gesch\u00e4ft. Zumal die Stadt selbst die Geb\u00fchren im Sommer dieses Jahres deutlich erh\u00f6ht hat. Eine Stunde kostet seitdem 1,50 Euro \u2013 in der Tiefgarage des Einkaufscenters Hofgarten ist man hingegen mit lediglich 1,20 Euro je angefangene Stunde dabei. Und in der Max-Leven-Gasse entlang des Neubaus der Stadt-Sparkasse Solingen haben sich \u201ekostenbewusste\u201c Autofahrer in den vergangenen Wochen mitten der City sogar Parkpl\u00e4tze gesichert, f\u00fcr die man keinen Cent hat bezahlen m\u00fcssen.<\/p>\n","protected":false},"excerpt":{"rendered":"Parken ist in der Solinger Innenstadt ein kostspieliges Gesch\u00e4ft. Zumal die Stadt selbst die Geb\u00fchren im Sommer dieses&hellip;\n","protected":false},"author":2,"featured_media":566722,"comment_status":"","ping_status":"","sticky":false,"template":"","format":"standard","meta":{"footnotes":""},"categories":[1840],"tags":[36237,3364,29,30,1209,136655,7223,4787,136654,6441,42376,4418],"class_list":{"0":"post-566721","1":"post","2":"type-post","3":"status-publish","4":"format-standard","5":"has-post-thumbnail","7":"category-wuppertal","8":"tag-beenden","9":"tag-de","10":"tag-deutschland","11":"tag-germany","12":"tag-nordrhein-westfalen","13":"tag-parkchaos","14":"tag-solingen","15":"tag-sparkasse","16":"tag-sxxxxx","17":"tag-uwe","18":"tag-vetter","19":"tag-wuppertal"},"share_on_mastodon":{"url":"https:\/\/pubeurope.com\/@de\/115528646273740356","error":""},"_links":{"self":[{"href":"https:\/\/www.europesays.com\/de\/wp-json\/wp\/v2\/posts\/566721","targetHints":{"allow":["GET"]}}],"collection":[{"href":"https:\/\/www.europesays.com\/de\/wp-json\/wp\/v2\/posts"}],"about":[{"href":"https:\/\/www.europesays.com\/de\/wp-json\/wp\/v2\/types\/post"}],"author":[{"embeddable":true,"href":"https:\/\/www.europesays.com\/de\/wp-json\/wp\/v2\/users\/2"}],"replies":[{"embeddable":true,"href":"https:\/\/www.europesays.com\/de\/wp-json\/wp\/v2\/comments?post=566721"}],"version-history":[{"count":0,"href":"https:\/\/www.europesays.com\/de\/wp-json\/wp\/v2\/posts\/566721\/revisions"}],"wp:featuredmedia":[{"embeddable":true,"href":"https:\/\/www.europesays.com\/de\/wp-json\/wp\/v2\/media\/566722"}],"wp:attachment":[{"href":"https:\/\/www.europesays.com\/de\/wp-json\/wp\/v2\/media?parent=566721"}],"wp:term":[{"taxonomy":"category","embeddable":true,"href":"https:\/\/www.europesays.com\/de\/wp-json\/wp\/v2\/categories?post=566721"},{"taxonomy":"post_tag","embeddable":true,"href":"https:\/\/www.europesays.com\/de\/wp-json\/wp\/v2\/tags?post=566721"}],"curies":[{"name":"wp","href":"https:\/\/api.w.org\/{rel}","templated":true}]}}