{"id":566799,"date":"2025-11-11T02:59:26","date_gmt":"2025-11-11T02:59:26","guid":{"rendered":"https:\/\/www.europesays.com\/de\/566799\/"},"modified":"2025-11-11T02:59:26","modified_gmt":"2025-11-11T02:59:26","slug":"wir-sind-ein-solider-kandidat","status":"publish","type":"post","link":"https:\/\/www.europesays.com\/de\/566799\/","title":{"rendered":"\u201eWir sind ein solider Kandidat\u201c"},"content":{"rendered":"<p class=\"tspBPll\"><a href=\"https:\/\/www.tagesspiegel.de\/sport\/und-dann-singt-auch-noch-scooter-volle-drohnung-unterhaltung-im-olympiastadion-14792405.html?icid=in-text-link_14799257\" class=\"link link--internal\" data-gtm-class=\"article-text-link\" data-gtm-val=\"internal\" target=\"_blank\" rel=\"noopener\">Die National Football League (NFL) war gerade da<\/a>, die NBA gastiert <a href=\"https:\/\/www.tagesspiegel.de\/berlin\/nba-in-deutschland-wagner-bruder-bestreiten-nba-spiel-in-heimatstadt-14108318.html?icid=in-text-link_14799257\" class=\"link link--internal\" data-gtm-class=\"article-text-link\" data-gtm-val=\"internal\" target=\"_blank\" rel=\"noopener\">mit den Wagner-Br\u00fcdern im Januar in Berlin<\/a> und in Zukunft d\u00fcrfte es in der Stadt regelm\u00e4\u00dfig Termine unter dem Dach der US-Profiliga geben. Dass die NBA eine europ\u00e4ische Liga aufbauen will, <a href=\"https:\/\/www.tagesspiegel.de\/sport\/entscheidung-wird-ende-marz-erwartet-nba-arbeitet-intensiv-an-expansion-nach-europa-13273537.html?icid=in-text-link_14799257\" class=\"link link--internal\" data-gtm-class=\"article-text-link\" data-gtm-val=\"internal\" target=\"_blank\" rel=\"noopener\">ist schon l\u00e4nger bekannt<\/a>. <\/p>\n<p class=\"tspBPll\">In der vergangenen Woche f\u00fchrte der Gesch\u00e4ftsf\u00fchrer f\u00fcr den europ\u00e4ischen Markt, George Aivazoglou, die Pl\u00e4ne bei einer Veranstaltung in Italien etwas genauer aus. <\/p>\n<p><a href=\"https:\/\/leute.tagesspiegel.de\/?utm_source=tagesspiegel.de&amp;utm_campaign=newsletter-signup&amp;utm_medium=website&amp;utm_content=link&amp;icid=single-topic_14799257___\" data-gtm-class=\"article-mzt-link\" class=\"tspCFn4\" target=\"_blank\" rel=\"noopener\">Mehr \u00fcber guten Sport aus lokaler Perspektive lesen! In unseren w\u00f6chentlichen Newslettern aus den zw\u00f6lf Berliner Bezirken finden Sie Spannendes zu lokalem Sport, lokaler Politik und Kultur. Hier bestellen.  <\/a><\/p>\n<p class=\"tspBPll\">Im Oktober 2027 will die NBA mit dem neuen Wettbewerb starten. Teilnehmen sollen 16 Teams, zw\u00f6lf davon mit einer dauerhaften Lizenz. Als Standorte plant die Liga mit Berlin, M\u00fcnchen, Barcelona, Madrid, London, Manchester, Lyon, Paris, Mailand, Rom, Athen und Istanbul. Welche Klubs dort in der NBA Europe an den Start gehen sollen, sagte Aivazoglou nicht. <\/p>\n<p class=\"tspBPll\">Bei Alba Berlin haben sie die Aussagen nat\u00fcrlich vernommen, allerdings ohne gro\u00dfe Aufregung. \u201eDas hat f\u00fcr Schlagzeilen gesorgt, aber f\u00fcr uns war das nichts Neues\u201c, sagte Sportdirektor Himar Ojeda am Samstag. Von Beginn an habe die NBA ihre Wertsch\u00e4tzung f\u00fcr den Standort Berlin kundgetan. <\/p>\n<p>2027<\/p>\n<p>will die NBA mit ihrer europ\u00e4ischen Liga starten.<\/p>\n<p class=\"tspBPll\">Alba hatte sich kurz vor Saisonbeginn zum ersten Mal \u00f6ffentlich deutlich zu den europ\u00e4ischen Pl\u00e4nen der NBA positioniert. \u201eDie NBA Europe wird kommen und wir wollen dabei sein\u201c, <a href=\"https:\/\/www.tagesspiegel.de\/sport\/alba-berlin-zwischen-saisonstart-und-zukunftsvisionen-die-nba-europe-wird-kommen-und-wir-wollen-dabei-sein-14398178.html?icid=in-text-link_14799257\" class=\"link link--internal\" data-gtm-class=\"article-text-link\" data-gtm-val=\"internal\" target=\"_blank\" rel=\"noopener\">hatte Manager Marco Baldi im September gesagt<\/a>. <\/p>\n<p class=\"tspBPll\">Auch wenn es bei der geplanten Liga noch mehr Fragezeichen als verl\u00e4ssliche Informationen gibt, sehen sich die Berliner in einer guten Ausgangslage. \u201eWir sind einer der Kandidaten und Alba ist ein solider Kandidat\u201c, sagte Ojeda. <\/p>\n<p class=\"tspBPll\">Die NBA und ihr Commissioner Adam Silver hatten in Bezug auf das Europa-Projekt auch \u00fcber die Zusammenarbeit mit gro\u00dfen Fu\u00dfballklubs nachgedacht. Dies d\u00fcrfte vor allem f\u00fcr die zwei Standorte in England wichtig werden, da dort kaum Basketballtradition und keine gewachsenen Klubs vorhanden sind. <\/p>\n<p class=\"tspBPll\">Anders als in Berlin, wie Ojeda betont. \u201eWir haben ein tiefes Fundament in Berlin und h\u00e4tten es mit unserer 35-j\u00e4hrigen Arbeit auch verdient.\u201c Dass die NBA in Berlin einen neuen Klub aus dem Nichts aufbaut, ist unwahrscheinlich, ein Einstieg in den Basketball durch die Fu\u00dfballklubs 1. FC Union und Hertha BSC ausgeschlossen. <\/p>\n<p> Mehr Basketball bei Tagesspiegel Plus <a href=\"https:\/\/www.tagesspiegel.de\/sport\/entscheidung-wird-ende-marz-erwartet-nba-arbeitet-intensiv-an-expansion-nach-europa-13273537.html?icid=topic-list_14799257___\" data-gtm-class=\"article-mzt-link\" class=\"tspCFn4\" target=\"_blank\" rel=\"noopener\">Pl\u00e4ne werden konkreter NBA arbeitet intensiv an Expansion nach Europa <\/a><a href=\"https:\/\/www.tagesspiegel.de\/sport\/bruderliebe-schwesternduell-grosse-emotionen-deutschlands-basketball-erlebt-ein-familienmarchen-14353205.html?icid=topic-list_14799257___\" data-gtm-class=\"article-mzt-link\" class=\"tspCFn4\" target=\"_blank\" rel=\"noopener\">Bruderliebe, Schwesternduell, gro\u00dfe Emotionen Deutschlands Basketball erlebt ein Familienm\u00e4rchen <\/a><a href=\"https:\/\/www.tagesspiegel.de\/sport\/alba-rookies-uber-ihre-berliner-basketball-wg-ich-bin-ein-grosser-fan-des-offentlichen-nahverkehrs-14379839.html?icid=topic-list_14799257___\" data-gtm-class=\"article-mzt-link\" class=\"tspCFn4\" target=\"_blank\" rel=\"noopener\">Albas Rookies \u00fcber ihre Berliner Basketball-WG \u201eUnd vergiss nicht den D\u00f6ner-Imbiss&#8230;\u201c <\/a><\/p>\n<p class=\"tspBPll\">Die Chancen, dass Alba ab 2027 in der NBA Europe spielt, sind gut, auch wenn es bis dahin viele Fragen zu beantworten gibt. Vor allem: Wie soll sich der Klub, der die Euroleague finanziell angeschlagen in diesem Sommer verlassen hat, in diesem neuen Wettbewerb finanzieren?<\/p>\n","protected":false},"excerpt":{"rendered":"Die National Football League (NFL) war gerade da, die NBA gastiert mit den Wagner-Br\u00fcdern im Januar in Berlin&hellip;\n","protected":false},"author":2,"featured_media":566800,"comment_status":"","ping_status":"","sticky":false,"template":"","format":"standard","meta":{"footnotes":""},"categories":[1825],"tags":[1941,1939,2471,2493,296,1937,29,527,30,145,355,1940,15918,1938,2281],"class_list":{"0":"post-566799","1":"post","2":"type-post","3":"status-publish","4":"format-standard","5":"has-post-thumbnail","7":"category-berlin","8":"tag-aktuelle-nachrichten-aus-berlin","9":"tag-aktuelle-news-aus-berlin","10":"tag-alba-berlin","11":"tag-basketball","12":"tag-berlin","13":"tag-berlin-news","14":"tag-deutschland","15":"tag-friedrichshain-kreuzberg","16":"tag-germany","17":"tag-istanbul","18":"tag-italien","19":"tag-nachrichten-aus-berlin","20":"tag-nba","21":"tag-news-aus-berlin","22":"tag-silvester"},"share_on_mastodon":{"url":"https:\/\/pubeurope.com\/@de\/115528831168483606","error":""},"_links":{"self":[{"href":"https:\/\/www.europesays.com\/de\/wp-json\/wp\/v2\/posts\/566799","targetHints":{"allow":["GET"]}}],"collection":[{"href":"https:\/\/www.europesays.com\/de\/wp-json\/wp\/v2\/posts"}],"about":[{"href":"https:\/\/www.europesays.com\/de\/wp-json\/wp\/v2\/types\/post"}],"author":[{"embeddable":true,"href":"https:\/\/www.europesays.com\/de\/wp-json\/wp\/v2\/users\/2"}],"replies":[{"embeddable":true,"href":"https:\/\/www.europesays.com\/de\/wp-json\/wp\/v2\/comments?post=566799"}],"version-history":[{"count":0,"href":"https:\/\/www.europesays.com\/de\/wp-json\/wp\/v2\/posts\/566799\/revisions"}],"wp:featuredmedia":[{"embeddable":true,"href":"https:\/\/www.europesays.com\/de\/wp-json\/wp\/v2\/media\/566800"}],"wp:attachment":[{"href":"https:\/\/www.europesays.com\/de\/wp-json\/wp\/v2\/media?parent=566799"}],"wp:term":[{"taxonomy":"category","embeddable":true,"href":"https:\/\/www.europesays.com\/de\/wp-json\/wp\/v2\/categories?post=566799"},{"taxonomy":"post_tag","embeddable":true,"href":"https:\/\/www.europesays.com\/de\/wp-json\/wp\/v2\/tags?post=566799"}],"curies":[{"name":"wp","href":"https:\/\/api.w.org\/{rel}","templated":true}]}}