{"id":566811,"date":"2025-11-11T03:05:30","date_gmt":"2025-11-11T03:05:30","guid":{"rendered":"https:\/\/www.europesays.com\/de\/566811\/"},"modified":"2025-11-11T03:05:30","modified_gmt":"2025-11-11T03:05:30","slug":"er-kommt-aus-zavelstein-das-plant-deutschlands-bester-steinbildhauer-azubi-fuer-die-zukunft-teinachtal-umgebung","status":"publish","type":"post","link":"https:\/\/www.europesays.com\/de\/566811\/","title":{"rendered":"Er kommt aus Zavelstein: Das plant Deutschlands bester Steinbildhauer-Azubi f\u00fcr die Zukunft &#8211; Teinachtal &#038; Umgebung"},"content":{"rendered":"<p>Man k\u00f6nnte sagen, Christoph Reiser hat das <a href=\"https:\/\/www.schwarzwaelder-bote.de\/thema\/Handwerk\" title=\"Handwerk\" class=\"art_thema\" rel=\"nofollow noopener\" target=\"_blank\">Handwerk<\/a> in die Wiege gelegt bekommen. Immerhin ist sein Vater schon lange als Steinmetz und Bildhauer mit eigenem Betrieb t\u00e4tig. <\/p>\n<p>\u201eDa habe ich immer wieder ausgeholfen\u201c, erinnert sich der 23-j\u00e4hrige. Gedr\u00e4ngt habe ihn sein Vater nie. Und doch ist auch er ins Handwerk eingestiegen, begann ein Steinbildhauerlehre.<\/p>\n<p>Reiser holt den Bundessieg <\/p>\n<p>Dabei war er ziemlich erfolgreich. Nicht nur schloss Reiser im vergangenen Jahr seine Ausbildung mit der Note 1,1 im praktischen Bereich ab. Im Herbst holte er mit seinem Gesellenst\u00fcck \u2013 einem Adler als Wasserspeier \u2013 den ersten Platz unter allen Steinbildhauer-Azubis in der Region Stuttgart. <\/p>\n<p>Sp\u00e4ter k\u00fcrte in eine Jury sogar zum Landessieger. Doch da war f\u00fcr Reiser noch nicht Schluss. Der Landessieg war eine Qualifikation f\u00fcr den Bundeswettbewerb in Halle an er Saale.<\/p>\n<p>Ohne gro\u00dfen Druck sei er dorthin gereist, erinnert Reiser sich. Dort sah er sich einem Sandsteinblock gegen\u00fcber. Aus diesem sollte er innerhalb von sechs Stunden eine Blattmaske klopfen. \u201eDas war anspruchsvoll\u201c, so Reiser. Es gehe um Schnelligkeit und Kreativit\u00e4t. <\/p>\n<p>Und die Umsetzung gelang Reiser wohl am besten. Denn die Jury k\u00fcrte ihn zum Bundessieger. \u201eAus dem H\u00e4uschen\u201c seien seine Eltern und sein Chef gewesen, als er ihnen am Telefon vom Erfolg erz\u00e4hlte. Er selbst nat\u00fcrlich auch. Und vor wenigen Wochen wurde er sogar <a href=\"https:\/\/www.schwarzwaelder-bote.de\/inhalt.preistraeger-aus-bad-teinach-christoph-reiser-ist-deutschlands-bester-in-seinem-beruf.4bce6c09-ed08-4098-982c-b297cd5349b3.html\" target=\"_blank\" rel=\"nofollow noopener\">von B\u00fcrgermeister Markus Wendel im Gemeinderat geehrt<\/a>.<\/p>\n<p> Handwerk statt Studium <\/p>\n<p>Seine Ausbildung hat Reiser bei Steudle Natursteine in Weil der Stadt absolviert. Nach dem Abitur 2020 am Hermann-Hesse-Gymnasium war f\u00fcr ihn schnell klar, dass er eine handwerkliche Ausbildung machen m\u00f6chte. Ein Studium \u2013 zumal w\u00e4hrend der Pandemie \u2013 habe ihn nicht gereizt. \u201eMit einer Lehre macht man nichts falsch\u201c, findet er. Lieber etwas Handfestes, als \u201eblind in irgendein BWL-Studium zu gehen\u201c.<\/p>\n<p>Sein Ausbildungsbetrieb sei famili\u00e4r gewesen. Reiser hat sich wohlgef\u00fchlt \u2013 und offensichtlich viel gelernt. \u201eMein Chef ist emphatisch und hat mir gute, konstruktive Kritik gegeben\u201c, so Reiser. Gefallen hat ihm auch die Berufsschulzeit in Freiburg, wo er viele neue Freunde gefunden habe. Einer davon begleitete ihn nach Halle \u2013 und holte ebenfalls den Bundessieg, aber in der Kategorie der Steinmetze.<\/p>\n<p> Wie ein Kunstwerk entsteht <\/p>\n<p>Der Adler, den Reiser als Gesellenst\u00fcck fertigte, h\u00e4ngt bei seinen Eltern am Haus. Bis der fertig war, musste Reiser viel Arbeit investieren. <\/p>\n<p>Erst modellierte er den Vogel in Ton, dann fertige er ein Gipsmodel. Auf dessen Grundlage \u00fcbertrug er die Fixpunkte auf den Stein, den er bearbeitete. Erst grob mit der Flex, dann feiner mit Hammer und Meisel. Durch grobe und feine Spitzhiebe gelang ihm, dem Stein eine Struktur zu geben, die nach Gefieder aussieht. <\/p>\n<p>Besonders den filigranen Schnabel herauszuarbeiten, sei schwierig gewesen. \u201eDa hat man nur eine Chance\u201c, sagt er. Und mehr brauchte er auch nicht.<\/p>\n<p> Freiheit ist ihm wichtig <\/p>\n<p>Dass er einen Adler als Motiv gew\u00e4hlt hat, ist kein Zufall. Reiser ist Fan der Frankfurter Eintracht. Deren Wappentier ist ein Adler. Aber er sieht noch weitere Parallelen. \u201eDer Adler steht f\u00fcr Weitsicht und Freiheit\u201c, sagt Reiser. Und Freiheit ist ihm wichtig. <\/p>\n<p>Obwohl es ihn in seinem Ausbildungsbetrieb gut gefallen hat, hat er einen neuen Pfad eingeschlagen. Er war zum Arbeiten in der Schweiz, f\u00fcr ein Erasmus-Projekt in der Toskana und reiste in die USA. <\/p>\n<p>Der Bundessieg gebe ihm die M\u00f6glichkeit, auf der ganzen Welt Arbeit zu finden, sagt er. Die Auszeichnung sei ein Alleinstellungsmerkmal, deutsches Handwerk weltweit respektiert. \u201eIch habe die Freiheit, ein selbstst\u00e4ndiger Handwerker zu sein\u201c, ist Reiser gl\u00fccklich. So k\u00f6nne er seine ganz eigene Walz machen, reisen und arbeiten. Vielleicht mache er in ein paar Jahren seinen Techniker und Meister. Bis dahin genie\u00dft er seine Freiheit. <\/p>\n<p> Unter die Autoren gegangen  <\/p>\n<p>Zudem ist Reiser unter die Autoren gegangen und hat ein Buch geschrieben. Es hei\u00dft \u201eMentalismus\u201c und dreht sich um \u201eunsere Psyche\u201c, so Reiser. \u201eEs geht darum, unser kollektives Bewusstsein aufs n\u00e4chste Level bringen\u201c, sagt er. <\/p>\n<p>Die Idee zum Buch sei ihm bei seinem Aufenthalt in der Toskana gekommen. Dass er als Handwerker jetzt auch noch B\u00fccher schreibt, ist f\u00fcr ihn kein Widerspruch. \u201eBei beidem geht es darum, etwas zu hinterlassen. Das eine eher klar formuliert, wohingegen im Stein mehr mit Symbolen \u00fcbermittelt wird\u201c, erkl\u00e4rt Reiser. Er hat schon 50 Exemplare verkauft. <\/p>\n","protected":false},"excerpt":{"rendered":"Man k\u00f6nnte sagen, Christoph Reiser hat das Handwerk in die Wiege gelegt bekommen. Immerhin ist sein Vater schon&hellip;\n","protected":false},"author":2,"featured_media":566812,"comment_status":"","ping_status":"","sticky":false,"template":"","format":"standard","meta":{"footnotes":""},"categories":[1775],"tags":[1793,12990,136669,3534,29,214,30,136672,617,10662,136671,1794,136670,215],"class_list":{"0":"post-566811","1":"post","2":"type-post","3":"status-publish","4":"format-standard","5":"has-post-thumbnail","7":"category-kunst-und-design","8":"tag-art-and-design","9":"tag-azubi","10":"tag-bad-teinach-zavelstein","11":"tag-bildhauer","12":"tag-deutschland","13":"tag-entertainment","14":"tag-germany","15":"tag-goodnews","16":"tag-handwerk","17":"tag-kreis-calw","18":"tag-kreisnachrichten","19":"tag-kunst-und-design","20":"tag-teinachtal-umgebung","21":"tag-unterhaltung"},"share_on_mastodon":{"url":"https:\/\/pubeurope.com\/@de\/115528854582500668","error":""},"_links":{"self":[{"href":"https:\/\/www.europesays.com\/de\/wp-json\/wp\/v2\/posts\/566811","targetHints":{"allow":["GET"]}}],"collection":[{"href":"https:\/\/www.europesays.com\/de\/wp-json\/wp\/v2\/posts"}],"about":[{"href":"https:\/\/www.europesays.com\/de\/wp-json\/wp\/v2\/types\/post"}],"author":[{"embeddable":true,"href":"https:\/\/www.europesays.com\/de\/wp-json\/wp\/v2\/users\/2"}],"replies":[{"embeddable":true,"href":"https:\/\/www.europesays.com\/de\/wp-json\/wp\/v2\/comments?post=566811"}],"version-history":[{"count":0,"href":"https:\/\/www.europesays.com\/de\/wp-json\/wp\/v2\/posts\/566811\/revisions"}],"wp:featuredmedia":[{"embeddable":true,"href":"https:\/\/www.europesays.com\/de\/wp-json\/wp\/v2\/media\/566812"}],"wp:attachment":[{"href":"https:\/\/www.europesays.com\/de\/wp-json\/wp\/v2\/media?parent=566811"}],"wp:term":[{"taxonomy":"category","embeddable":true,"href":"https:\/\/www.europesays.com\/de\/wp-json\/wp\/v2\/categories?post=566811"},{"taxonomy":"post_tag","embeddable":true,"href":"https:\/\/www.europesays.com\/de\/wp-json\/wp\/v2\/tags?post=566811"}],"curies":[{"name":"wp","href":"https:\/\/api.w.org\/{rel}","templated":true}]}}