{"id":566815,"date":"2025-11-11T03:08:23","date_gmt":"2025-11-11T03:08:23","guid":{"rendered":"https:\/\/www.europesays.com\/de\/566815\/"},"modified":"2025-11-11T03:08:23","modified_gmt":"2025-11-11T03:08:23","slug":"danheim-heimferd-review-metal-de","status":"publish","type":"post","link":"https:\/\/www.europesays.com\/de\/566815\/","title":{"rendered":"Danheim &#8211; Heimferd Review \u2022 metal.de"},"content":{"rendered":"<p>Noch eine Band, welche die nordische Fr\u00fchgeschichte vertont und die Runen raunen l\u00e4sst: DANHEIM platziert sich im Dunstkreis von WARDRUNA und HEILUNG, von NYTT LAND und EIHWAR und kreiert auf \u201eHeimferd\u201c Ambient-Soundlandschaften, verbindet perkussive Elemente mit Vokalexperimenten. Damit schafften es DANHEIM bereits 2019 in den Soundtrack der sechsten Staffel der bekannten Serie <a href=\"https:\/\/en.wikipedia.org\/wiki\/Vikings_season_6\" target=\"_blank\" rel=\"noopener nofollow\">\u201eVikings\u201c<\/a> \u2013 neben den ersten beiden der obengenannten Bands.<\/p>\n<p>DANHEIM \u2013 zwischen Runen und \u201eVikings\u201c<\/p>\n<p>Wobei \u201eBand\u201c nicht ganz richtig ist: Hinter DANHEIM steckt der d\u00e4nische Produzent Reidar Sch\u00e6fer Olsen, der sich in den vergangenen zehn Jahren im Bereich Ambient und elektronischer Musik mit Wikingerbezug bewegte. Er ver\u00f6ffentlichte Dutzende Singles und mehr als eine Handvoll Alben, hat eine beachtliche Fanbase auf Social-Media-Kan\u00e4len und erreicht beeindruckende Abrufzahlen bei den Streaminganbietern. So weit, so sch\u00f6n.<\/p>\n<p>\u201eHeimferd\u201c ist quasi die Quintessenz aus dem bereits genannten: Das Album kombiniert Ambient-Soundlandschaften mit perkussivem Anschub und Rabengeschrei aus der Konserve (\u201eAgermark\u201c), setzt auf Geigenmelodien (\u201eHaukadalur\u201c) und f\u00e4hrt kaskadenhafte Vokalschichten auf (\u201eBrenhin Llwyd\u201c). Dass die Sounds aus der Maschine kommen, h\u00f6rt man. Dass die Gesangsschichten massiv nachbearbeitet wurden, klingt recht merkw\u00fcrdig. \u201eHeljar Skuggar\u201c und \u201eRunmyrkur\u201c entwickeln sich zu einer Art Nordic Techno, wobei nicht ganz klar wird, was denn die Wirkung sein soll: F\u00fcrs Abhotten zu langsam, f\u00fcr eine Meditation nach Pilzgenuss wahrscheinlich zu vehement.<\/p>\n<p>\u201eHeimferd\u201c: Soundlandschaft und Nordic Techno<\/p>\n<p>Im weiteren Verlauf offenbart \u201eHeimferd\u201c allerdings noch einen deutlicheren Schwachpunkt: Das Album hat weder klar definierten Spannungsbogen noch Ziel. Es changiert zwischen Heimkommen und schamanischem Ritual, zwischen Soundlandschaft und rhythmischer Monotonie. Wobei sich die Rhythmen an sich auch wiederholen. Somit kann \u201eHeimferd\u201c nur punktuell \u00fcberzeugen \u2013 \u00fcber die gesamte Distanz von 43 Minuten h\u00e4lt das Album nicht wirklich bei der Stange.<img loading=\"lazy\" decoding=\"async\" src=\"https:\/\/www.europesays.com\/de\/wp-content\/uploads\/2025\/11\/c39cd91227a24907b37392ac49d9f5b3.gif\" alt=\"\" width=\"1\" height=\"1\"\/><\/p><\/p>\n","protected":false},"excerpt":{"rendered":"Noch eine Band, welche die nordische Fr\u00fchgeschichte vertont und die Runen raunen l\u00e4sst: DANHEIM platziert sich im Dunstkreis&hellip;\n","protected":false},"author":2,"featured_media":566816,"comment_status":"","ping_status":"","sticky":false,"template":"","format":"standard","meta":{"footnotes":""},"categories":[1772],"tags":[29,214,30,1779,810,215],"class_list":{"0":"post-566815","1":"post","2":"type-post","3":"status-publish","4":"format-standard","5":"has-post-thumbnail","7":"category-musik","8":"tag-deutschland","9":"tag-entertainment","10":"tag-germany","11":"tag-music","12":"tag-musik","13":"tag-unterhaltung"},"share_on_mastodon":{"url":"https:\/\/pubeurope.com\/@de\/115528867367697032","error":""},"_links":{"self":[{"href":"https:\/\/www.europesays.com\/de\/wp-json\/wp\/v2\/posts\/566815","targetHints":{"allow":["GET"]}}],"collection":[{"href":"https:\/\/www.europesays.com\/de\/wp-json\/wp\/v2\/posts"}],"about":[{"href":"https:\/\/www.europesays.com\/de\/wp-json\/wp\/v2\/types\/post"}],"author":[{"embeddable":true,"href":"https:\/\/www.europesays.com\/de\/wp-json\/wp\/v2\/users\/2"}],"replies":[{"embeddable":true,"href":"https:\/\/www.europesays.com\/de\/wp-json\/wp\/v2\/comments?post=566815"}],"version-history":[{"count":0,"href":"https:\/\/www.europesays.com\/de\/wp-json\/wp\/v2\/posts\/566815\/revisions"}],"wp:featuredmedia":[{"embeddable":true,"href":"https:\/\/www.europesays.com\/de\/wp-json\/wp\/v2\/media\/566816"}],"wp:attachment":[{"href":"https:\/\/www.europesays.com\/de\/wp-json\/wp\/v2\/media?parent=566815"}],"wp:term":[{"taxonomy":"category","embeddable":true,"href":"https:\/\/www.europesays.com\/de\/wp-json\/wp\/v2\/categories?post=566815"},{"taxonomy":"post_tag","embeddable":true,"href":"https:\/\/www.europesays.com\/de\/wp-json\/wp\/v2\/tags?post=566815"}],"curies":[{"name":"wp","href":"https:\/\/api.w.org\/{rel}","templated":true}]}}