{"id":566861,"date":"2025-11-11T03:39:26","date_gmt":"2025-11-11T03:39:26","guid":{"rendered":"https:\/\/www.europesays.com\/de\/566861\/"},"modified":"2025-11-11T03:39:26","modified_gmt":"2025-11-11T03:39:26","slug":"pkw-fahrer-nimmt-abkuerzung-16-jaehriger-radfahrer-verletzt","status":"publish","type":"post","link":"https:\/\/www.europesays.com\/de\/566861\/","title":{"rendered":"Pkw-Fahrer nimmt Abk\u00fcrzung: 16-J\u00e4hriger Radfahrer verletzt"},"content":{"rendered":"<p>Bielefeld (ots) &#8211; SI \/ Bielefeld \/ Schildesche &#8211; Ein 16-j\u00e4hriger Fahrradfahrer trug am Samstag, 08.11.2025, bei einem Unfall auf der Beckhausstra\u00dfe leichte Verletzungen davon, nachdem ein Pkw-Fahrer aus einem Verkehrskreisel falsch abgebogen war.<\/p>\n<p>Der 52-j\u00e4hrige Bielefelder fuhr gegen 19:00 Uhr mit seinem Skoda Roomster auf der Br\u00fcggemannstra\u00dfe in Richtung Beckhausstra\u00dfe. Er verlie\u00df einen dortigen Kreisel verbotswidrig hinter der Verkehrsinsel und fuhr auf der Beckhausstra\u00dfe in den Gegenverkehr, um sofort wieder nach links in die Turbinenstra\u00dfe abbiegen zu k\u00f6nnen.<\/p>\n<p>Dabei \u00fcbersah er einen Fahrradfahrer, der auf dem Radweg der Beckhausstra\u00dfe in Richtung Kreisel fuhr. Bei dem Zusammensto\u00df verletzte sich der 16-J\u00e4hrige leicht.<\/p>\n<p>Der Pkw-Fahrer leistete Erste-Hilfe bei dem Jugendlichen. Einen Rettungswagen lehnte der 16-J\u00e4hrige ab.<\/p>\n<p>R\u00fcckfragen von Journalisten bitte an:<\/p>\n<p>Polizeipr\u00e4sidium Bielefeld Leitungsstab\/ Presse- und \u00d6ffentlichkeitsarbeit Kurt-Schumacher-Stra\u00dfe 46 33615 Bielefeld<\/p>\n<p>Sonja Rehmert (SR), Tel. 0521\/545-3020 Katja K\u00fcster (KK), Tel. 0521\/545-3195 Sarah Siedschlag (SI), Tel. 0521\/545-3021 Michael K\u00f6tter (MK), Tel. 0521\/545-3022 Hella Christoph (HC), Tel. 0521\/545-3023 Fabian Rickel (FR), Tel. 0521\/545-3024 Caroline Steffen (CS), Tel. 0521\/545-3026 Lukas Reker (LR), Tel. 0521\/545-3222<\/p>\n<p>E-Mail: pressestelle.bielefeld@polizei.nrw.de <a href=\"https:\/\/bielefeld.polizei.nrw\/\" target=\"_blank\" rel=\"noreferrer noopener\">bielefeld.polizei.nrw<\/a><\/p>\n<p>Au\u00dferhalb der B\u00fcrodienstzeit: Leitstelle, Tel. 0521\/545-0<\/p>\n<p> Original-Content von: Polizei Bielefeld, \u00fcbermittelt durch news aktuell<\/p>\n","protected":false},"excerpt":{"rendered":"Bielefeld (ots) &#8211; SI \/ Bielefeld \/ Schildesche &#8211; Ein 16-j\u00e4hriger Fahrradfahrer trug am Samstag, 08.11.2025, bei einem&hellip;\n","protected":false},"author":2,"featured_media":362892,"comment_status":"","ping_status":"","sticky":false,"template":"","format":"standard","meta":{"footnotes":""},"categories":[1841],"tags":[1605,3364,29,30,1209,12925],"class_list":{"0":"post-566861","1":"post","2":"type-post","3":"status-publish","4":"format-standard","5":"has-post-thumbnail","7":"category-bielefeld","8":"tag-bielefeld","9":"tag-de","10":"tag-deutschland","11":"tag-germany","12":"tag-nordrhein-westfalen","13":"tag-polizeimeldungen"},"share_on_mastodon":{"url":"https:\/\/pubeurope.com\/@de\/115528988369373891","error":""},"_links":{"self":[{"href":"https:\/\/www.europesays.com\/de\/wp-json\/wp\/v2\/posts\/566861","targetHints":{"allow":["GET"]}}],"collection":[{"href":"https:\/\/www.europesays.com\/de\/wp-json\/wp\/v2\/posts"}],"about":[{"href":"https:\/\/www.europesays.com\/de\/wp-json\/wp\/v2\/types\/post"}],"author":[{"embeddable":true,"href":"https:\/\/www.europesays.com\/de\/wp-json\/wp\/v2\/users\/2"}],"replies":[{"embeddable":true,"href":"https:\/\/www.europesays.com\/de\/wp-json\/wp\/v2\/comments?post=566861"}],"version-history":[{"count":0,"href":"https:\/\/www.europesays.com\/de\/wp-json\/wp\/v2\/posts\/566861\/revisions"}],"wp:featuredmedia":[{"embeddable":true,"href":"https:\/\/www.europesays.com\/de\/wp-json\/wp\/v2\/media\/362892"}],"wp:attachment":[{"href":"https:\/\/www.europesays.com\/de\/wp-json\/wp\/v2\/media?parent=566861"}],"wp:term":[{"taxonomy":"category","embeddable":true,"href":"https:\/\/www.europesays.com\/de\/wp-json\/wp\/v2\/categories?post=566861"},{"taxonomy":"post_tag","embeddable":true,"href":"https:\/\/www.europesays.com\/de\/wp-json\/wp\/v2\/tags?post=566861"}],"curies":[{"name":"wp","href":"https:\/\/api.w.org\/{rel}","templated":true}]}}