{"id":567021,"date":"2025-11-11T05:20:17","date_gmt":"2025-11-11T05:20:17","guid":{"rendered":"https:\/\/www.europesays.com\/de\/567021\/"},"modified":"2025-11-11T05:20:17","modified_gmt":"2025-11-11T05:20:17","slug":"in-einkaufsnacht-gesegnet-miss-europe-gab-kremser-wein-den-namen-rebenklang","status":"publish","type":"post","link":"https:\/\/www.europesays.com\/de\/567021\/","title":{"rendered":"In Einkaufsnacht gesegnet &#8211; Miss Europe gab Kremser Wein den Namen \u201eRebenklang\u201c"},"content":{"rendered":"<p>        <img decoding=\"async\" src=\"https:\/\/www.europesays.com\/de\/wp-content\/uploads\/2025\/11\/img-BwR7CDJmOc1g2ivM.jpeg\" data-fullscreen-src=\"https:\/\/www.noen.at\/image\/3840x0-jpg\/6116921\/img-BwR7CDJmOc1g2ivM.jpeg\" bad-src=\"https:\/\/www.europesays.com\/de\/wp-content\/uploads\/2025\/11\/img-BwR7CDJmOc1g2ivM.jpeg\" data-teaser-member=\"image\" alt=\"Weintaufe des Stadtmarketings im Rahmen der Martini-Einkaufsnacht\"\/><\/p>\n<p>\n                Nach der Segnung wurde mit dem Jungwein \u201eRebenklang\u201c angesto\u00dfen: Weinbausch\u00fclerin Jana Setznagel, Miss Europe Beatrice Turin, Vize-Weink\u00f6nigin Ida Haimel, Diakon Klaus Killer, Kaufmannschaftsobmann Dominic Heinz, B\u00fcrgermeister Peter Molnar und Weinbausch\u00fcler Philip Gerstenmayer (hinten von links).            <\/p>\n<p>\n                Foto:<br \/>\n                Michaela Sommer                            <\/p>\n<p>\n        <strong>M<\/strong>iss Europe Beatrice Turin fungierte bei der Weintaufe des Stadtmarketings Krems als Patin des \u201eRebenklangs\u201c.     <\/p>\n<p>Ein voller Erfolg war die heurige Martini-Einkaufsnacht in der Kremser Altstadt. Ein buntes Rahmenprogramm und viele Angebote der Innenstadtgesch\u00e4fte lockten bereits am Nachmittag hunderte Besucher in die Fu\u00dfg\u00e4ngerzone.<\/p>\n","protected":false},"excerpt":{"rendered":"Nach der Segnung wurde mit dem Jungwein \u201eRebenklang\u201c angesto\u00dfen: Weinbausch\u00fclerin Jana Setznagel, Miss Europe Beatrice Turin, Vize-Weink\u00f6nigin Ida&hellip;\n","protected":false},"author":2,"featured_media":567022,"comment_status":"","ping_status":"","sticky":false,"template":"","format":"standard","meta":{"footnotes":""},"categories":[3933],"tags":[94004,48,331,332,548,663,158,3934,3935,13,136726,136727,14,15,136728,12,136725,136724],"class_list":{"0":"post-567021","1":"post","2":"type-post","3":"status-publish","4":"format-standard","5":"has-post-thumbnail","7":"category-eu","8":"tag-_slideshow","9":"tag-48","10":"tag-aktuelle-nachrichten","11":"tag-aktuelle-news","12":"tag-eu","13":"tag-europa","14":"tag-europaeische-union","15":"tag-europe","16":"tag-european-union","17":"tag-headlines","18":"tag-martini-einkaufsnacht","19":"tag-miss-europe-beatrice-turin","20":"tag-nachrichten","21":"tag-news","22":"tag-rebenklang","23":"tag-schlagzeilen","24":"tag-stadtmarketing-krems","25":"tag-weintaufe"},"share_on_mastodon":{"url":"https:\/\/pubeurope.com\/@de\/115529386344426276","error":""},"_links":{"self":[{"href":"https:\/\/www.europesays.com\/de\/wp-json\/wp\/v2\/posts\/567021","targetHints":{"allow":["GET"]}}],"collection":[{"href":"https:\/\/www.europesays.com\/de\/wp-json\/wp\/v2\/posts"}],"about":[{"href":"https:\/\/www.europesays.com\/de\/wp-json\/wp\/v2\/types\/post"}],"author":[{"embeddable":true,"href":"https:\/\/www.europesays.com\/de\/wp-json\/wp\/v2\/users\/2"}],"replies":[{"embeddable":true,"href":"https:\/\/www.europesays.com\/de\/wp-json\/wp\/v2\/comments?post=567021"}],"version-history":[{"count":0,"href":"https:\/\/www.europesays.com\/de\/wp-json\/wp\/v2\/posts\/567021\/revisions"}],"wp:featuredmedia":[{"embeddable":true,"href":"https:\/\/www.europesays.com\/de\/wp-json\/wp\/v2\/media\/567022"}],"wp:attachment":[{"href":"https:\/\/www.europesays.com\/de\/wp-json\/wp\/v2\/media?parent=567021"}],"wp:term":[{"taxonomy":"category","embeddable":true,"href":"https:\/\/www.europesays.com\/de\/wp-json\/wp\/v2\/categories?post=567021"},{"taxonomy":"post_tag","embeddable":true,"href":"https:\/\/www.europesays.com\/de\/wp-json\/wp\/v2\/tags?post=567021"}],"curies":[{"name":"wp","href":"https:\/\/api.w.org\/{rel}","templated":true}]}}