{"id":567062,"date":"2025-11-11T05:45:14","date_gmt":"2025-11-11T05:45:14","guid":{"rendered":"https:\/\/www.europesays.com\/de\/567062\/"},"modified":"2025-11-11T05:45:14","modified_gmt":"2025-11-11T05:45:14","slug":"spielschiff-benny-muss-nachgeruestet-werden-speyer","status":"publish","type":"post","link":"https:\/\/www.europesays.com\/de\/567062\/","title":{"rendered":"Spielschiff \u201eBenny\u201c muss nachger\u00fcstet werden &#8211; Speyer"},"content":{"rendered":"<p><b>Auf dem Spielplatz im Emma-Schultheis-Park f\u00e4llt ein Spielger\u00e4t f\u00fcr einige Tage weg. Es wird nachger\u00fcstet.<\/b><\/p>\n<p>Laut Stadt stehen Umbauarbeiten am Spielger\u00e4t \u201eBenny\u201c in der neuen Parkanlage am Rhein an. Diese war diesen Sommer fertiggestellt und <a href=\"https:\/\/www.rheinpfalz.de\/lokal\/speyer_artikel,-rheinufer-ein-neuer-park-als-baustein-f%C3%BCr-die-demokratie-_arid,5815262.html\" target=\"_blank\" class=\"external-link-new-window\" title=\"\" rel=\"noopener\">im September eingeweiht<\/a> worden. \u201eBenny\u201c, ein auf einer Sandfl\u00e4che stehendes Spielschiff, erhalte nun eine neue Bodenverankerung. Bisher h\u00e4tten sogenannte Pfostenschuhe gefehlt, die die Holzst\u00fctzen umh\u00fcllen und l\u00e4nger standfest machen, erkl\u00e4rt eine Verwaltungssprecherin auf Anfrage. \u201eF\u00fcr die Dauer der Ma\u00dfnahme wird die Sandspielfl\u00e4che mit einem Bauzaun abgesichert, das Spielger\u00e4t bleibt f\u00fcr mehrere Tage gesperrt\u201c, so die Stadt mit Bitte um Verst\u00e4ndnis. Den B\u00fcrgerpark hat der Investor des angrenzenden Wohnviertels \u201eAm Fluss\u201c geschaffen und vertragsgem\u00e4\u00df der Stadt \u00fcberlassen. <\/p>\n","protected":false},"excerpt":{"rendered":"Auf dem Spielplatz im Emma-Schultheis-Park f\u00e4llt ein Spielger\u00e4t f\u00fcr einige Tage weg. Es wird nachger\u00fcstet. Laut Stadt stehen&hellip;\n","protected":false},"author":2,"featured_media":567063,"comment_status":"","ping_status":"","sticky":false,"template":"","format":"standard","meta":{"footnotes":""},"categories":[1831],"tags":[3364,29,3405,30,4060,1209,5206,17303,136547],"class_list":{"0":"post-567062","1":"post","2":"type-post","3":"status-publish","4":"format-standard","5":"has-post-thumbnail","7":"category-duesseldorf","8":"tag-de","9":"tag-deutschland","10":"tag-duesseldorf","11":"tag-germany","12":"tag-lokal","13":"tag-nordrhein-westfalen","14":"tag-rhein","15":"tag-speyer","16":"tag-spielschiff"},"share_on_mastodon":{"url":"https:\/\/pubeurope.com\/@de\/115529483819199791","error":""},"_links":{"self":[{"href":"https:\/\/www.europesays.com\/de\/wp-json\/wp\/v2\/posts\/567062","targetHints":{"allow":["GET"]}}],"collection":[{"href":"https:\/\/www.europesays.com\/de\/wp-json\/wp\/v2\/posts"}],"about":[{"href":"https:\/\/www.europesays.com\/de\/wp-json\/wp\/v2\/types\/post"}],"author":[{"embeddable":true,"href":"https:\/\/www.europesays.com\/de\/wp-json\/wp\/v2\/users\/2"}],"replies":[{"embeddable":true,"href":"https:\/\/www.europesays.com\/de\/wp-json\/wp\/v2\/comments?post=567062"}],"version-history":[{"count":0,"href":"https:\/\/www.europesays.com\/de\/wp-json\/wp\/v2\/posts\/567062\/revisions"}],"wp:featuredmedia":[{"embeddable":true,"href":"https:\/\/www.europesays.com\/de\/wp-json\/wp\/v2\/media\/567063"}],"wp:attachment":[{"href":"https:\/\/www.europesays.com\/de\/wp-json\/wp\/v2\/media?parent=567062"}],"wp:term":[{"taxonomy":"category","embeddable":true,"href":"https:\/\/www.europesays.com\/de\/wp-json\/wp\/v2\/categories?post=567062"},{"taxonomy":"post_tag","embeddable":true,"href":"https:\/\/www.europesays.com\/de\/wp-json\/wp\/v2\/tags?post=567062"}],"curies":[{"name":"wp","href":"https:\/\/api.w.org\/{rel}","templated":true}]}}