{"id":567081,"date":"2025-11-11T05:56:20","date_gmt":"2025-11-11T05:56:20","guid":{"rendered":"https:\/\/www.europesays.com\/de\/567081\/"},"modified":"2025-11-11T05:56:20","modified_gmt":"2025-11-11T05:56:20","slug":"vogelgrippe-so-ist-der-stand-in-hamburg","status":"publish","type":"post","link":"https:\/\/www.europesays.com\/de\/567081\/","title":{"rendered":"Vogelgrippe: So ist der Stand in Hamburg"},"content":{"rendered":"<p>\n            Stand: 11.11.2025 06:08 Uhr<\/p>\n<p class=\"preface\">Zw\u00f6lf Tage nach Einf\u00fchrung der Stallpflicht f\u00fcr H\u00fchner, G\u00e4nse und andere Gefl\u00fcgelarten macht die Vogelgrippe allen sieben Hamburger Bezirken weiterhin zu schaffen.<\/p>\n<p class=\"\">Aktuell seien 50 F\u00e4lle von Vogelgrippe bei Wildv\u00f6geln nachgewiesen geworden, sagte der Sprecher der Verbraucherschutzbeh\u00f6rde, Dennis Sulzmann. Vor allem seien Kraniche betroffen gewesen. &#8222;Wir haben aber auch betroffene Tiere unter den G\u00e4nsen, einen Habicht und eine M\u00f6we, bei denen das Virus nachgewiesen wurde&#8220;, so Sulzmann. Gehaltene Tiere seien nicht betroffen, da das Virus noch nicht in den St\u00e4llen angekommen sei.<\/p>\n<p>    Abstand zu Wildv\u00f6geln halten<\/p>\n<p class=\"\">Hamburgs Schwanenvater Olaf Nie\u00df r\u00e4t, Abstand zu Wildv\u00f6geln zu halten: &#8222;Nehmen Sie die Tiere nicht auf, halten Sie die Ihre Hunde fern, auch Ihre Katzen, und informieren Sie die Beh\u00f6rden, wir sind da gut aufgestellt.&#8220; Wann die Vogelgrippe keine Gefahr mehr darstellt, wisse niemand. Dazu sei das Geschehen noch zu dynamisch, so Nie\u00df.<\/p>\n<p>    Tote V\u00f6gel dem Bezirksamt melden<\/p>\n<p class=\"\">Sollten Hamburgerinnen und Hamburger tote V\u00f6gel finden, sollten sie diese dem f\u00fcr sie zust\u00e4ndigen Bezirksamt melden, so die Beh\u00f6rden. Auf der <a href=\"https:\/\/www.ndr.de\/nachrichten\/hamburg\/textlink-298900~splash.html\" title=\"Veterin\u00e4rangelegenheiten - Stadt Hamburg\" data-url=\"https:\/\/www.hamburg.de\/service\/info\/11268256\/n0\/\" class=\"js-link-dialog\" data-type=\"external\" target=\"_blank\" rel=\"noopener\">Webseite der Stadt Hamburg<\/a> k\u00f6nnen B\u00fcrgerinnen und B\u00fcrger das f\u00fcr ihre Wohnanschrift zust\u00e4ndige Bezirksamt samt Kontaktdaten ermittelt.<\/p>\n<p>    Alsterschw\u00e4ne vorsorglich in Winterquartier gebracht<\/p>\n<p class=\"\">Die Hamburger Alsterschw\u00e4ne wurden bereits ins Winterquartier in die Wildtierstation des Hamburger Schwanenwesens in Ohlsdorf gebracht.<\/p>\n<p class=\"\">Das Virus H5N1 ist bei hoher Infektionsdosis auch auf Menschen \u00fcbertragbar. Nach Angaben des Friedrich-Loeffler-Instituts in Greifswald besteht f\u00fcr die Bev\u00f6lkerung jedoch zurzeit kein besonderes Risiko f\u00fcr schwerwiegende Erkrankungen.<\/p>\n<p>        <img decoding=\"async\" src=\"https:\/\/www.europesays.com\/de\/wp-content\/uploads\/2025\/10\/1761064935_747_vogelgrippe788.webp\" alt=\"Zwei H\u00e4nde halten ein Schild mit der Aufschrift &quot;Vogelgrippe&quot;, dar\u00fcber sind grafisch dargestellte Viren zu sehen.\" title=\"Zwei H\u00e4nde halten ein Schild mit der Aufschrift &quot;Vogelgrippe&quot;, dar\u00fcber sind grafisch dargestellte Viren zu sehen. | Colourbox\" class=\"responsive\" loading=\"lazy\"\/><\/p>\n<p>Aktuell kursiert die Gefl\u00fcgelpest in Teilen von Norddeutschland. Ist die Vogelgrippe f\u00fcr den Menschen gef\u00e4hrlich?<\/p>\n<p>        <img decoding=\"async\" src=\"https:\/\/www.europesays.com\/de\/wp-content\/uploads\/2025\/10\/kraniche-138.webp\" alt=\"Zwei Kraniche gehen \u00fcber einen gepfl\u00fcgten Acker.\" title=\"Zwei Kraniche gehen \u00fcber einen gepfl\u00fcgten Acker. | Marcus Brandt\/dpa\" class=\"responsive\" loading=\"lazy\"\/><\/p>\n<p>Drei tote Kraniche mit dem Vogelgrippe-Virus wurden gefunden. Die Alsterschw\u00e4ne werden bereits vorsorglich ins Winterquartier gebracht.<\/p>\n<p>        <img decoding=\"async\" src=\"https:\/\/www.europesays.com\/de\/wp-content\/uploads\/2025\/11\/huehnermast-100.webp\" alt=\"Mehrere braune H\u00fchner stehen eng nebeneinander in einem Stall.\" title=\"Mehrere braune H\u00fchner stehen eng nebeneinander in einem Stall. | dpa\" class=\"responsive\" loading=\"lazy\"\/><\/p>\n<p>Mehr als 200.000 H\u00fchner, G\u00e4nse, Enten und Puten mussten bereits get\u00f6tet werden: Die Ausbreitung der Vogelgrippe schreitet voran. Gefl\u00fcgelhalter fordern nun Konsequenzen wie eine bundesweite Stallpflicht.<\/p>\n<p>        <img decoding=\"async\" src=\"https:\/\/www.europesays.com\/de\/wp-content\/uploads\/2025\/10\/screenshot1887324.webp\" alt=\"Ein Virus-Teilchen als Grafik.\" title=\"Ein Virus-Teilchen als Grafik. | Screenshot\" class=\"responsive\" loading=\"lazy\"\/><\/p>\n<p>Die Experten sind sich einig: Es wird eine n\u00e4chste Pandemie geben. Doch mit welchem Erreger? Besonders wandlungsf\u00e4hig sind Grippeviren.<\/p>\n","protected":false},"excerpt":{"rendered":"Stand: 11.11.2025 06:08 Uhr Zw\u00f6lf Tage nach Einf\u00fchrung der Stallpflicht f\u00fcr H\u00fchner, G\u00e4nse und andere Gefl\u00fcgelarten macht die&hellip;\n","protected":false},"author":2,"featured_media":567082,"comment_status":"","ping_status":"","sticky":false,"template":"","format":"standard","meta":{"footnotes":""},"categories":[1826],"tags":[29,124727,30,85394,692,993,125085,10576,129410],"class_list":{"0":"post-567081","1":"post","2":"type-post","3":"status-publish","4":"format-standard","5":"has-post-thumbnail","7":"category-hamburg","8":"tag-deutschland","9":"tag-gefluegelpest","10":"tag-germany","11":"tag-h5n1","12":"tag-hamburg","13":"tag-infektion","14":"tag-kraniche","15":"tag-vogelgrippe","16":"tag-wildvoegel"},"share_on_mastodon":{"url":"https:\/\/pubeurope.com\/@de\/115529528155444917","error":""},"_links":{"self":[{"href":"https:\/\/www.europesays.com\/de\/wp-json\/wp\/v2\/posts\/567081","targetHints":{"allow":["GET"]}}],"collection":[{"href":"https:\/\/www.europesays.com\/de\/wp-json\/wp\/v2\/posts"}],"about":[{"href":"https:\/\/www.europesays.com\/de\/wp-json\/wp\/v2\/types\/post"}],"author":[{"embeddable":true,"href":"https:\/\/www.europesays.com\/de\/wp-json\/wp\/v2\/users\/2"}],"replies":[{"embeddable":true,"href":"https:\/\/www.europesays.com\/de\/wp-json\/wp\/v2\/comments?post=567081"}],"version-history":[{"count":0,"href":"https:\/\/www.europesays.com\/de\/wp-json\/wp\/v2\/posts\/567081\/revisions"}],"wp:featuredmedia":[{"embeddable":true,"href":"https:\/\/www.europesays.com\/de\/wp-json\/wp\/v2\/media\/567082"}],"wp:attachment":[{"href":"https:\/\/www.europesays.com\/de\/wp-json\/wp\/v2\/media?parent=567081"}],"wp:term":[{"taxonomy":"category","embeddable":true,"href":"https:\/\/www.europesays.com\/de\/wp-json\/wp\/v2\/categories?post=567081"},{"taxonomy":"post_tag","embeddable":true,"href":"https:\/\/www.europesays.com\/de\/wp-json\/wp\/v2\/tags?post=567081"}],"curies":[{"name":"wp","href":"https:\/\/api.w.org\/{rel}","templated":true}]}}