{"id":567380,"date":"2025-11-11T08:47:13","date_gmt":"2025-11-11T08:47:13","guid":{"rendered":"https:\/\/www.europesays.com\/de\/567380\/"},"modified":"2025-11-11T08:47:13","modified_gmt":"2025-11-11T08:47:13","slug":"louvre-detektiv-oder-fedora-mann-das-ist-der-15-jaehrige-hinter-dem-viralen-foto","status":"publish","type":"post","link":"https:\/\/www.europesays.com\/de\/567380\/","title":{"rendered":"&#8222;Louvre-Detektiv&#8220; oder &#8222;Fedora-Mann&#8220;: Das ist der 15-J\u00e4hrige hinter dem viralen Foto"},"content":{"rendered":"<p>Pedro Elias Garzon Delvaux, ein 15-j\u00e4hriger Teenager, entdeckte, dass ein Foto von ihm, das von Associated Press im Louvre w\u00e4hrend des <a href=\"https:\/\/es.euronews.com\/cultura\/2025\/10\/26\/dos-sospechosos-detenidos-por-el-robo-del-louvre-intentando-salir-de-francia\" target=\"_blank\" rel=\"noopener\">Diebstahls der Kronjuwelen<\/a> aufgenommen worden war, Millionen Menschen faszinierte. Doch anstatt seine Identit\u00e4t online zu enth\u00fcllen, beschloss er, das Geheimnis zu wahren. Als Fan von Sherlock Holmes und Hercule Poirot, der mit seinen Eltern und seinem Gro\u00dfvater in Rambouillet, 30 Kilometer von Paris entfernt, lebt, entschied er sich, bei dem weltweiten Krimi mitzuspielen und zuzusehen, wie die Theorien \u00fcber den r\u00e4tselhaften &#8222;Mann mit dem Fedora&#8220; zunahmen.<\/p>\n<p>Als sich die Theorien um den elegant gekleideten Fremden verdichteten &#8211; ob es sich um einen Detektiv, einen Infiltrator oder eine von einer k\u00fcnstlichen Intelligenz erzeugte F\u00e4lschung handelte <strong>&#8211;<\/strong> beschloss er zu schweigen. &#8222;Ich wollte nicht gleich sagen, dass ich es war&#8220;, sagte er. &#8222;Bei diesem Foto gibt es ein Geheimnis, also muss man es aufrechterhalten.&#8220; In seinem einzigen pers\u00f6nlichen Interview, seit der Schnappschuss ihn zu einer internationalen Kuriosit\u00e4t gemacht hat, trat er genauso vor die Kameras wie an jenem Sonntag: mit Fedora-Hut, einer von seinem Vater geliehenen Yves-Saint-Laurent-Weste, einer von seiner Mutter ausgesuchten Jacke, einer tadellosen Krawatte, einer Tommy-Hilfiger-Hose und einer restaurierten russischen Uhr.<\/p>\n<p>Das Bild, das ihn ber\u00fchmt gemacht hat, sollte <a href=\"https:\/\/es.euronews.com\/business\/2025\/10\/24\/como-el-robo-de-joyas-del-louvre-dio-un-empujon-de-oro-a-un-fabricante-aleman-de-escaleras\" target=\"_blank\" rel=\"noopener\">einen Tatort<\/a> dokumentieren <a href=\"https:\/\/es.euronews.com\/business\/2025\/10\/24\/como-el-robo-de-joyas-del-louvre-dio-un-empujon-de-oro-a-un-fabricante-aleman-de-escaleras\" target=\"_blank\" rel=\"noopener\">:<\/a> drei Polizisten, die an einem Auto lehnen, das den Eingang zum Louvre blockiert, Stunden nach dem Raub der Kronjuwelen. Auf der rechten Seite l\u00e4uft eine einsame Gestalt in einem dreiteiligen Anzug vorbei, ein Hauch von Film Noir in einer modernen Fahndung. Das Internet tat sein \u00dcbriges: &#8222;Der Fedora-Mann&#8220;, wie ihn die Nutzer nannten, wurde als Detektiv, Infiltrator, Drehbuch f\u00fcr Netflix oder sogar als KI-Produkt vorgestellt.<\/p>\n<p>Die Realit\u00e4t war einfach: Peter, seine Mutter und sein Gro\u00dfvater hatten das Museum besucht. &#8222;Wir wollten in den Louvre gehen, aber der war geschlossen&#8220;, sagte er. Sie wussten nicht, dass es einen Raub\u00fcberfall gab; sie fragten die Polizisten, warum die T\u00fcren verschlossen waren, und Sekunden sp\u00e4ter machte der AP-Fotograf Thibault Camus ein Foto von Peter, als er vorbeiging. &#8222;Als das Foto gemacht wurde, wusste ich nichts davon&#8220;, sagte er. &#8222;Ich bin einfach vorbeigegangen.&#8220; Tage sp\u00e4ter erhielt er Nachrichten und Screenshots: &#8222;Er erz\u00e4hlte mir, dass es f\u00fcnf Millionen Aufrufe gab&#8220;, sagte er und kommentierte \u00fcberrascht, dass &#8222;die Leute sagten: &#8218;Du bist ein Star geworden&#8216;.&#8220;<\/p>\n<p>Sein Outfit war kein improvisiertes Kost\u00fcm: Er begann vor weniger als einem Jahr, sich so zu kleiden, inspiriert von der Geschichte des 20. Jahrhunderts und fiktiven Detektiven. &#8222;Ich mag es, stilvoll zu sein&#8220;, sagte er. Er geht in diesem Stil zur Schule, und der Fedora ist ein Ritual, das f\u00fcr Wochenenden, Ferien und Museumsbesuche reserviert ist; sogar in seiner Schule, die keine Uniform tr\u00e4gt, macht sich sein Einfluss bereits bemerkbar: &#8222;Einer meiner Freunde kam diese Woche mit einer Krawatte&#8220;. Er versteht, warum viele an einen Detektiv dachten: Er liebt Poirot &#8211; &#8222;sehr elegant&#8220; &#8211; und meint, dass er sich bei etwas Ungew\u00f6hnlichem nicht &#8222;einen normalen Detektiv&#8220; vorstellt, sondern &#8222;jemand anderen&#8220;. Der Fedora, der in einer bestimmten Weise gebogen ist, ist seine Hommage an den franz\u00f6sischen Widerstandshelden Jean Moulin.<\/p>\n<p>Er wuchs in einem Umfeld auf, in dem Kunst zum Alltag geh\u00f6rt: Seine Mutter, F\u00e9licit\u00e9 Garz\u00f3n Delvaux, ist in einem Museumspalast aus dem 18. Jahrhundert aufgewachsen und nahm ihn mit zu Ausstellungen. Als Pedro die Macht des Bildes erkannte, schwieg er einige Tage lang und \u00e4nderte dann sein Instagram von privat zu \u00f6ffentlich: &#8222;Die Leute mussten versuchen zu entdecken, wer ich bin&#8220;, sagt er. Er sieht den n\u00e4chsten Schritten gelassen entgegen: &#8222;Ich warte darauf, dass mich die Leute f\u00fcr Filme kontaktieren&#8220;, sagt er und l\u00e4chelt. Inmitten der Raub\u00fcberf\u00e4lle und <a href=\"https:\/\/es.euronews.com\/cultura\/2025\/10\/22\/el-valor-de-las-joyas-robadas-en-el-louvre-asciende-a-88-millones-de-euros\" target=\"_blank\" rel=\"noopener\">Sicherheitsverletzungen<\/a> wurde &#8222;der Mann mit dem Fedora&#8220; zu einem Symbol: &#8222;Ich bin ein Star&#8220;, sagte er und f\u00fcgte hinzu, dass er sich weiterhin so kleiden wird, weil es sein Stil ist.<\/p>\n","protected":false},"excerpt":{"rendered":"Pedro Elias Garzon Delvaux, ein 15-j\u00e4hriger Teenager, entdeckte, dass ein Foto von ihm, das von Associated Press im&hellip;\n","protected":false},"author":2,"featured_media":567381,"comment_status":"","ping_status":"","sticky":false,"template":"","format":"standard","meta":{"footnotes":""},"categories":[1775],"tags":[1793,29,214,30,24201,1794,350,4576,215],"class_list":{"0":"post-567380","1":"post","2":"type-post","3":"status-publish","4":"format-standard","5":"has-post-thumbnail","7":"category-kunst-und-design","8":"tag-art-and-design","9":"tag-deutschland","10":"tag-entertainment","11":"tag-germany","12":"tag-kriminalfilm","13":"tag-kunst-und-design","14":"tag-mode","15":"tag-raub","16":"tag-unterhaltung"},"share_on_mastodon":{"url":"https:\/\/pubeurope.com\/@de\/115530199413050871","error":""},"_links":{"self":[{"href":"https:\/\/www.europesays.com\/de\/wp-json\/wp\/v2\/posts\/567380","targetHints":{"allow":["GET"]}}],"collection":[{"href":"https:\/\/www.europesays.com\/de\/wp-json\/wp\/v2\/posts"}],"about":[{"href":"https:\/\/www.europesays.com\/de\/wp-json\/wp\/v2\/types\/post"}],"author":[{"embeddable":true,"href":"https:\/\/www.europesays.com\/de\/wp-json\/wp\/v2\/users\/2"}],"replies":[{"embeddable":true,"href":"https:\/\/www.europesays.com\/de\/wp-json\/wp\/v2\/comments?post=567380"}],"version-history":[{"count":0,"href":"https:\/\/www.europesays.com\/de\/wp-json\/wp\/v2\/posts\/567380\/revisions"}],"wp:featuredmedia":[{"embeddable":true,"href":"https:\/\/www.europesays.com\/de\/wp-json\/wp\/v2\/media\/567381"}],"wp:attachment":[{"href":"https:\/\/www.europesays.com\/de\/wp-json\/wp\/v2\/media?parent=567380"}],"wp:term":[{"taxonomy":"category","embeddable":true,"href":"https:\/\/www.europesays.com\/de\/wp-json\/wp\/v2\/categories?post=567380"},{"taxonomy":"post_tag","embeddable":true,"href":"https:\/\/www.europesays.com\/de\/wp-json\/wp\/v2\/tags?post=567380"}],"curies":[{"name":"wp","href":"https:\/\/api.w.org\/{rel}","templated":true}]}}