{"id":567899,"date":"2025-11-11T14:01:23","date_gmt":"2025-11-11T14:01:23","guid":{"rendered":"https:\/\/www.europesays.com\/de\/567899\/"},"modified":"2025-11-11T14:01:23","modified_gmt":"2025-11-11T14:01:23","slug":"noch-freie-ausbildungsstellen-in-muelheim","status":"publish","type":"post","link":"https:\/\/www.europesays.com\/de\/567899\/","title":{"rendered":"Noch freie Ausbildungsstellen in M\u00fclheim"},"content":{"rendered":"<p class=\"small date article__date\">Ver\u00f6ffentlicht:\u00a0Dienstag, 11.11.2025 14:35<\/p>\n<p>In M\u00fclheim gibt es auch nach dem Start des neuen Ausbildungsjahres noch einige freie Azubi-Stellen. Das meldet die Agentur f\u00fcr Arbeit und zieht Bilanz zum Ausbildungsmarkt 2025. <\/p>\n<p><img decoding=\"async\" alt=\"\" src=\"https:\/\/www.europesays.com\/de\/wp-content\/uploads\/2025\/11\/gastro-azubi-gesucht-v11.jpg&#038;crop=0x36x1772x1108&#038;resize=1280x800&#038;dt=202407251235010.jpeg\" data-size=\"1280x800\"\/>\u00a9 NGG\/Tobias Seifert<\/p>\n<p>Insgesamt 1054 Ausbildungsstellen wurden dem Arbeitgeber-Service der Agentur gemeldet, davon sind jetzt noch etwa 100 unbesetzt. Demgegen\u00fcber stehen 904 junge Menschen aus M\u00fclheim, die sich in diesem Jahr bis Ende September auf der Suche nach einer Ausbildungsstelle bei der Agentur f\u00fcr Arbeit gemeldet haben. Ein Gro\u00dfteil von ihnen wurde f\u00fcndig, nur 67 Bewerber haben keine geeignete Lehrstelle bekommen, hei\u00dft es in der Bilanz. Das sind 14 weniger als im September des Vorjahres. Die meisten freien Stellen gab es in diesem Jahr in M\u00fclheim f\u00fcr den Ausbildungsberuf Verk\u00e4ufer\/in, gefolgt von Kaufmann\/-frau im Einzelhandel und Medizinische\/r Fachangestellte\/r.\u00a0\u00a0Auch jetzt gebe es noch viele Chancen auf dem M\u00fclheimer Ausbildungsmarkt. Denn es besteht bis in den Februar hinein die M\u00f6glichkeit, in die Berufsausbildung zu starten, sagt die Agentur f\u00fcr Arbeit.<\/p>\n","protected":false},"excerpt":{"rendered":"Ver\u00f6ffentlicht:\u00a0Dienstag, 11.11.2025 14:35 In M\u00fclheim gibt es auch nach dem Start des neuen Ausbildungsjahres noch einige freie Azubi-Stellen.&hellip;\n","protected":false},"author":2,"featured_media":567900,"comment_status":"","ping_status":"","sticky":false,"template":"","format":"standard","meta":{"footnotes":""},"categories":[1838],"tags":[30837,136925,52994,3886,3364,29,3715,30,1209],"class_list":{"0":"post-567899","1":"post","2":"type-post","3":"status-publish","4":"format-standard","5":"has-post-thumbnail","7":"category-duisburg","8":"tag-azubis","9":"tag-bilanz-ausbildungsmarkt","10":"tag-bundesagentur-fr-arbeit","11":"tag-ausbildung","12":"tag-de","13":"tag-deutschland","14":"tag-duisburg","15":"tag-germany","16":"tag-nordrhein-westfalen"},"share_on_mastodon":{"url":"https:\/\/pubeurope.com\/@de\/115531434352009884","error":""},"_links":{"self":[{"href":"https:\/\/www.europesays.com\/de\/wp-json\/wp\/v2\/posts\/567899","targetHints":{"allow":["GET"]}}],"collection":[{"href":"https:\/\/www.europesays.com\/de\/wp-json\/wp\/v2\/posts"}],"about":[{"href":"https:\/\/www.europesays.com\/de\/wp-json\/wp\/v2\/types\/post"}],"author":[{"embeddable":true,"href":"https:\/\/www.europesays.com\/de\/wp-json\/wp\/v2\/users\/2"}],"replies":[{"embeddable":true,"href":"https:\/\/www.europesays.com\/de\/wp-json\/wp\/v2\/comments?post=567899"}],"version-history":[{"count":0,"href":"https:\/\/www.europesays.com\/de\/wp-json\/wp\/v2\/posts\/567899\/revisions"}],"wp:featuredmedia":[{"embeddable":true,"href":"https:\/\/www.europesays.com\/de\/wp-json\/wp\/v2\/media\/567900"}],"wp:attachment":[{"href":"https:\/\/www.europesays.com\/de\/wp-json\/wp\/v2\/media?parent=567899"}],"wp:term":[{"taxonomy":"category","embeddable":true,"href":"https:\/\/www.europesays.com\/de\/wp-json\/wp\/v2\/categories?post=567899"},{"taxonomy":"post_tag","embeddable":true,"href":"https:\/\/www.europesays.com\/de\/wp-json\/wp\/v2\/tags?post=567899"}],"curies":[{"name":"wp","href":"https:\/\/api.w.org\/{rel}","templated":true}]}}