{"id":568350,"date":"2025-11-11T18:11:12","date_gmt":"2025-11-11T18:11:12","guid":{"rendered":"https:\/\/www.europesays.com\/de\/568350\/"},"modified":"2025-11-11T18:11:12","modified_gmt":"2025-11-11T18:11:12","slug":"afd-alice-weidel-kuendigt-konsequenzen-wegen-reiseplaenen-nach-russland-an","status":"publish","type":"post","link":"https:\/\/www.europesays.com\/de\/568350\/","title":{"rendered":"AfD: Alice Weidel k\u00fcndigt Konsequenzen wegen Reisepl\u00e4nen nach Russland an"},"content":{"rendered":"<p class=\"paragraph article__item\">AfD-Vorsitzende <a href=\"https:\/\/www.zeit.de\/thema\/alice-weidel\" class=\"\" target=\"_blank\" rel=\"noopener\">Alice Weidel<\/a> hat die geplante Reise von<br \/>\nAbgeordneten ihrer Partei nach <a href=\"https:\/\/www.zeit.de\/thema\/russland\" class=\"\" target=\"_blank\" rel=\"noopener\">Russland<\/a> kritisiert und parteiinterne<br \/>\nKonsequenzen angek\u00fcndigt. &#8222;Ich kann nicht verstehen, was man da eigentlich<br \/>\nsoll&#8220;, sagte Weidel bei im <a class=\"rtr-entity\" href=\"https:\/\/www.zeit.de\/thema\/bundestag\" target=\"_blank\" rel=\"noopener\">Bundestag<\/a>. &#8222;Ich<br \/>\nselbst w\u00fcrde dort nicht hinreisen, ich w\u00fcrde es auch niemandem empfehlen, weil<br \/>\nich nicht wei\u00df, was letztendlich das Ergebnis sein soll.&#8220;\n<\/p>\n<p class=\"paragraph article__item\">Vergangene Woche waren die <a href=\"https:\/\/www.zeit.de\/politik\/deutschland\/2025-11\/afd-russland-reise-brics\" class=\"\" target=\"_blank\" rel=\"noopener\">Reisepl\u00e4ne von Abgeordneten der AfD-Bundestagsfraktion<br \/>\nbekannt geworden<\/a>. Nach Informationen der ZEIT sollen unter anderem Steffen<br \/>\nKotr\u00e9 und Rainer Rothfu\u00df an einer Tagung der Staatenvereinigung Brics plus im<br \/>\nrussischen <a class=\"rtr-entity\" href=\"https:\/\/www.zeit.de\/thema\/sotschi\" target=\"_blank\" rel=\"noopener\">Sotschi<\/a> teilnehmen. Die<br \/>\nNachrichtenagentur dpa erfuhr zudem von der s\u00e4chsischen AfD-Fraktion, dass auch<br \/>\nLandeschef J\u00f6rg Urban an dem Treffen teilnimmt. Aus Parteikreisen hie\u00df es, au\u00dferdem reise der Europaabgeordnete Hans Neuhoff nach Sotschi. Geplant war auch<br \/>\nein Treffen mit dem Vizechef des russischen Sicherheitsrates, Dmitri Medwedew,<br \/>\nwas aber abgesagt wurde.\n<\/p>\n<p class=\"paragraph article__item\">Fraktionschefin Weidel k\u00fcndigte nun an, dass Rothfu\u00df<br \/>\n&#8222;aus eigenen St\u00fccken (&#8230;) nach diversen Gespr\u00e4chen mit Kollegen&#8220;<br \/>\nentschieden habe, nicht an der Reise teilzunehmen. Kotr\u00e9 hingegen wolle an den<br \/>\nPl\u00e4nen festhalten. Weidel drohte in dem Zusammenhang mit disziplinarischen<br \/>\nSchritten. &#8222;Die Rahmenbedingungen wurden sehr klar vorgegeben. Derjenige,<br \/>\nder sich nicht daranh\u00e4lt, muss die Konsequenzen tragen und das wird hochgehen<br \/>\nbis zum Parteiausschluss&#8220;, sagte sie.\n<\/p>\n<p>        &#8222;Wir freuen uns auf die Ergebnisse&#8220;        <\/p>\n<p class=\"paragraph article__item\">Wen Kotr\u00e9 in Sotschi treffen wolle, lie\u00df Weidel offen.<br \/>\n&#8222;Wir freuen uns auf die Ergebnisse&#8220;, sagte sie nur. Die Reisegenehmigung sei aus dem zust\u00e4ndigen Arbeitskreis Au\u00dfen in der<br \/>\nFraktion getroffen worden. &#8222;Da kann man als Vorstand nur noch sehr<br \/>\nschwer zur\u00fcck&#8220;, sagte sie.\u00a0\n<\/p>\n<p class=\"paragraph article__item\">Innerhalb der Fraktion gab es Weidel zufolge gro\u00dfen Unmut \u00fcber die<br \/>\n<a href=\"https:\/\/www.zeit.de\/politik\/deutschland\/2025-11\/csu-afd-abgeordnete-russland-reise-landesverrat\" class=\"\" target=\"_blank\" rel=\"noopener\">geplante Reise<\/a>. &#8222;Die Unzufriedenheit ist<br \/>\ngro\u00df, weil die Sinnhaftigkeit der Reisen \u00fcberhaupt nicht da ist.&#8220; Sie<br \/>\nverstehe den &#8222;Treiber solcher Reisen, alle Gespr\u00e4chskan\u00e4le<br \/>\noffenzuhalten&#8220;. Einen Frieden in Europa werde es nur mit und nicht gegen <a class=\"rtr-entity\" href=\"https:\/\/www.zeit.de\/thema\/russland\" target=\"_blank\" rel=\"noopener\">Russland<\/a><br \/>\ngeben, sagte die <a href=\"https:\/\/www.zeit.de\/politik\/deutschland\/2025-11\/afd-russland-bundestag-parlamentarische-anfrage-spionage-vorwurf\" class=\"\" target=\"_blank\" rel=\"noopener\">AfD<\/a>-Politikerin. Ob die Gespr\u00e4che in Sotschi aber der richtige Kanal seien,<br \/>\n&#8222;lasse ich mal dahingestellt&#8220;.\n<\/p>\n<p>                            \u00a9\u00a0Lea Dohle<\/p>\n<p>\n                                        Newsletter<br \/>\n                                        Was jetzt? \u2013 Der t\u00e4gliche Morgen\u00fcberblick<\/p>\n<p class=\"newsletter-signup__text\">Starten Sie mit unserem kurzen Nachrichten-Newsletter in den Tag. Erhalten Sie zudem freitags den US-Sonderletter &#8222;Was jetzt, America?&#8220; sowie das digitale Magazin ZEIT am Wochenende.<\/p>\n<p class=\"newsletter-signup__datapolicy\" hidden=\"\">\n            Mit Ihrer Registrierung nehmen Sie die <a href=\"https:\/\/datenschutz.zeit.de\/zon#Newsletter\" target=\"_blank\" rel=\"noopener\">Datenschutzerkl\u00e4rung<\/a> zur Kenntnis.\n        <\/p>\n<p>    Vielen Dank! Wir haben Ihnen eine E-Mail geschickt.<\/p>\n<p>Pr\u00fcfen Sie Ihr Postfach und best\u00e4tigen Sie das Newsletter-Abonnement.<\/p>\n<p class=\"paragraph article__item\">Die Partei- und Fraktionschefin deutete auch an, dass die<br \/>\nFraktionsf\u00fchrung bei der Genehmigung solcher <a class=\"rtr-entity\" href=\"https:\/\/www.zeit.de\/thema\/reisen\" target=\"_blank\" rel=\"noopener\">Reisen<\/a> k\u00fcnftig einbezogen werden<br \/>\nm\u00fcsse. &#8222;Wie wir unsere Reisen zuk\u00fcnftig reglementieren, ist auf jeden Fall<br \/>\nThema bei der n\u00e4chsten Fraktionsvorstandsklausur und f\u00fcr die Fraktionsklausur,<br \/>\ndie im Februar stattfinden wird. Denn so sollten wir nicht weitermachen, das<br \/>\nk\u00f6nnen wir uns nicht leisten&#8220;, sagte Weidel.\n<\/p>\n<p>            AfD        <\/p>\n<p>Mehr zum Thema<\/p>\n<p>                <a href=\"https:\/\/www.zeit.de\/politik\/deutschland\/2025-11\/afd-jugendorganisation-hotel-gekuendigt-giessen\" data-ct-label=\"AfD-Jugendorganisation: Gie\u00dfener Hotel k\u00fcndigt AfD-Bundesvorstand \" target=\"_blank\" rel=\"noopener\"><\/p>\n<p>                        AfD-Jugendorganisation:<br \/>\n                        Gie\u00dfener Hotel k\u00fcndigt AfD-Bundesvorstand <\/p>\n<p>                <\/a><\/p>\n<p>                <a href=\"https:\/\/www.zeit.de\/2025\/47\/helmut-schmidt-todestag-sandra-maischberger-giovanni-di-lorenzo-peer-steinbrueck\" data-ct-label=\"Helmut Schmidt \u2022 Z+ Empfehlung: &quot;Helmut Schmidt h\u00e4tte den Aufstieg der AfD vielleicht verhindert&quot;\" target=\"_blank\" rel=\"noopener\"><\/p>\n<p>        Z+ (abopflichtiger Inhalt);<\/p>\n<p>    Helmut Schmidt \u2022 Z+ Empfehlung:<br \/>\n                        &#8222;Helmut Schmidt h\u00e4tte den Aufstieg der AfD vielleicht verhindert&#8220;<\/p>\n<p>                <\/a><\/p>\n<p>                <a href=\"https:\/\/www.zeit.de\/kultur\/2025-11\/brandmauer-debatte-cdu-afd-minderheitsregierung-thomas-biebricher\" data-ct-label=\"Brandmauer-Debatte: Die Kosten der Brandmauer sind hoch \u2013 und doch braucht es sie\" target=\"_blank\" rel=\"noopener\"><\/p>\n<p>        Z+ (abopflichtiger Inhalt);<\/p>\n<p>    Brandmauer-Debatte:<br \/>\n                        Die Kosten der Brandmauer sind hoch \u2013 und doch braucht es sie<\/p>\n<p>                <\/a><\/p>\n","protected":false},"excerpt":{"rendered":"AfD-Vorsitzende Alice Weidel hat die geplante Reise von Abgeordneten ihrer Partei nach Russland kritisiert und parteiinterne Konsequenzen angek\u00fcndigt.&hellip;\n","protected":false},"author":2,"featured_media":568351,"comment_status":"","ping_status":"","sticky":false,"template":"","format":"standard","meta":{"footnotes":""},"categories":[5],"tags":[186,331,332,3025,150,3364,43,29,30,13,14,15,16,1079,307,12,8641],"class_list":{"0":"post-568350","1":"post","2":"type-post","3":"status-publish","4":"format-standard","5":"has-post-thumbnail","7":"category-nachrichten","8":"tag-afd","9":"tag-aktuelle-nachrichten","10":"tag-aktuelle-news","11":"tag-alice-weidel","12":"tag-alternative-fuer-deutschland","13":"tag-de","14":"tag-deutscher-bundestag","15":"tag-deutschland","16":"tag-germany","17":"tag-headlines","18":"tag-nachrichten","19":"tag-news","20":"tag-politik","21":"tag-reisen","22":"tag-russland","23":"tag-schlagzeilen","24":"tag-sotschi"},"share_on_mastodon":{"url":"https:\/\/pubeurope.com\/@de\/115532417143173051","error":""},"_links":{"self":[{"href":"https:\/\/www.europesays.com\/de\/wp-json\/wp\/v2\/posts\/568350","targetHints":{"allow":["GET"]}}],"collection":[{"href":"https:\/\/www.europesays.com\/de\/wp-json\/wp\/v2\/posts"}],"about":[{"href":"https:\/\/www.europesays.com\/de\/wp-json\/wp\/v2\/types\/post"}],"author":[{"embeddable":true,"href":"https:\/\/www.europesays.com\/de\/wp-json\/wp\/v2\/users\/2"}],"replies":[{"embeddable":true,"href":"https:\/\/www.europesays.com\/de\/wp-json\/wp\/v2\/comments?post=568350"}],"version-history":[{"count":0,"href":"https:\/\/www.europesays.com\/de\/wp-json\/wp\/v2\/posts\/568350\/revisions"}],"wp:featuredmedia":[{"embeddable":true,"href":"https:\/\/www.europesays.com\/de\/wp-json\/wp\/v2\/media\/568351"}],"wp:attachment":[{"href":"https:\/\/www.europesays.com\/de\/wp-json\/wp\/v2\/media?parent=568350"}],"wp:term":[{"taxonomy":"category","embeddable":true,"href":"https:\/\/www.europesays.com\/de\/wp-json\/wp\/v2\/categories?post=568350"},{"taxonomy":"post_tag","embeddable":true,"href":"https:\/\/www.europesays.com\/de\/wp-json\/wp\/v2\/tags?post=568350"}],"curies":[{"name":"wp","href":"https:\/\/api.w.org\/{rel}","templated":true}]}}