{"id":568365,"date":"2025-11-11T18:19:26","date_gmt":"2025-11-11T18:19:26","guid":{"rendered":"https:\/\/www.europesays.com\/de\/568365\/"},"modified":"2025-11-11T18:19:26","modified_gmt":"2025-11-11T18:19:26","slug":"anne-spiegel-zur-sozialdezernentin-der-region-hannover-gewaehlt","status":"publish","type":"post","link":"https:\/\/www.europesays.com\/de\/568365\/","title":{"rendered":"Anne Spiegel zur Sozialdezernentin der Region Hannover gew\u00e4hlt"},"content":{"rendered":"<p>        <img decoding=\"async\" src=\"https:\/\/www.europesays.com\/de\/wp-content\/uploads\/2025\/11\/spiegel-176.webp\" alt=\"Ex-Familienministerin Anne Spiegel (Gr\u00fcne, M) nimmt an der Regionsversammlung Hannover teil.\" title=\"Ex-Familienministerin Anne Spiegel (Gr\u00fcne, M) nimmt an der Regionsversammlung Hannover teil. | dpa-Bildfunk, Shireen Broszies\" class=\"responsive\"\/><\/p>\n<p>\n            Stand: 11.11.2025 18:20 Uhr<\/p>\n<p class=\"preface\">Ex-Bundesministerin Anne Spiegel (Gr\u00fcne) ist am Dienstag zur Sozialdezernentin der Region Hannover gew\u00e4hlt worden &#8211; dagegen hatte es Protest gegeben. Sie war bei der Flutkatastrophe im Ahrtal in Kritik geraten.<\/p>\n<p class=\"\">Anne Spiegel nahm die Wahl nach der Abstimmung an und bedankte sich daraufhin f\u00fcr das Vertrauen. Mit 49 Ja-Stimmen ist sie gew\u00e4hlt worden, 43 waren erforderlich. Demgegen\u00fcber standen 23 Nein-Stimmen und f\u00fcnf Enthaltungen, wie auf der Regionsversammlung verk\u00fcndet wurde. Damit ist die Gr\u00fcnen-Politikerin eine von drei neuen Dezernenten und Dezernentinnen, die Regionspr\u00e4sident\u00a0Steffen Krach\u00a0(SPD) f\u00fcr die Dezernatsleitungen vorgeschlagen hatte.\u00a0Als neuer Dezernent f\u00fcr \u00f6ffentliche Sicherheit wurde Torben Klant von der SPD gew\u00e4hlt. Er ist aktuell Leiter der Zentralen Steuerung in der Regionsverwaltung. Das neu geschaffene Dezernat f\u00fcr Bildung, Kultur und Baumanagement wird Isabella Gifhorn von der CDU leiten. Sie ist aktuell Erste Stadtr\u00e4tin in Langenhagen.<\/p>\n<p>    Proteste mit 135 Kreuzen und Grablichtern<\/p>\n<p class=\"\">Bei Protesten gegen die umstrittene Personalie Spiegel hatten Demonstranten\u00a0am Samstag 135 Kreuze und Grablichter auf den Opernplatz in der nieders\u00e4chsischen Landeshauptstadt niedergelegt. Kritiker werfen Anne Spiegel Versagen w\u00e4hrend der Flutkatastrophe im Ahrtal (Rheinland-Pfalz) vor.\u00a0Damals waren 135 Menschen gestorben. Im April 2022 war Spiegel zur\u00fcckgetreten, nachdem sie wegen der\u00a0Flutkatastrophe <a href=\"https:\/\/www.tagesschau.de\/inland\/spiegel-flut-ruecktrittsforderung-103.html\" title=\"Spiegel zu Urlaubsvorw\u00fcrfen nach Flut: &quot;Ich bitte um Entschuldigung&quot;\" target=\"_blank\" rel=\"noopener\">politisch unter Druck geraten war<\/a>. Spiegel war als damalige Klimaschutz- und Umweltministerin des Bundes trotz der Katastrophe zu einem Familienurlaub aufgebrochen.<\/p>\n<p>        <img decoding=\"async\" src=\"https:\/\/www.europesays.com\/de\/wp-content\/uploads\/2025\/11\/spiegel-172.webp\" alt=\"Anne Spiegel als Bundesministerin f\u00fcr Familie, Senioren, Frauen und Jugend im Jahr 2022.\" title=\"Anne Spiegel als Bundesministerin f\u00fcr Familie, Senioren, Frauen und Jugend im Jahr 2022. | picture alliance\/dpa\/dpa-Zentralbild | Britta Pedersen\" class=\"responsive\" loading=\"lazy\"\/><\/p>\n<p>Im neuen Aufgabenfeld verantworte sie Themen, die ihr am Herzen liegen, so die 44-J\u00e4hrige. Beginnt im Mai ihr politisches Comeback?<\/p>\n<p>        <img decoding=\"async\" src=\"https:\/\/www.europesays.com\/de\/wp-content\/uploads\/2025\/11\/evabender-106.webp\" alt=\"Steffen Krach (SPD), amtierender Regionspr\u00e4sident der Region Hannover, und Eva Bender (SPD), Schul- und Kulturdezernentin der Stadt Hannover, stehen bei einer Pressekonferenz zusammen.\" title=\"Steffen Krach (SPD), amtierender Regionspr\u00e4sident der Region Hannover, und Eva Bender (SPD), Schul- und Kulturdezernentin der Stadt Hannover, stehen bei einer Pressekonferenz zusammen. | picture alliance\/dpa | Julian Stratenschulte\" class=\"responsive\" loading=\"lazy\"\/><\/p>\n<p>Mit ihr geht die SPD 2026 in den Wahlkampf um die Regionsspitze in Hannover. Krach will B\u00fcrgermeister von Berlin werden.<\/p>\n<p>        <img decoding=\"async\" src=\"https:\/\/www.europesays.com\/de\/wp-content\/uploads\/2025\/11\/krach-102.webp\" alt=\"Steffen Krach spricht bei einer Er\u00f6ffnung. (Themenbild)\" title=\"Steffen Krach spricht bei einer Er\u00f6ffnung. (Themenbild) | dpa, Michael Matthey\" class=\"responsive\" loading=\"lazy\"\/><\/p>\n<p>Die Entscheidung f\u00fcr Berlin sei keine gegen Hannover, sagte Krach. Die SPD Hannover reagiert verst\u00e4ndnisvoll.<\/p>\n<p>Dieses Thema im Programm:<\/p>\n<p>                NDR 1 Niedersachsen | Regional Hannover | 11.11.2025 | 15:00 Uhr<\/p>\n<p>        Schlagw\u00f6rter zu diesem Artikel<\/p>\n<p>            <a href=\"https:\/\/www.ndr.de\/nachrichten\/niedersachsen\/hannover_weser-leinegebiet\/Hannover-Aktuelle-News-und-Nachrichten,hannover18518.html\" target=\"_blank\" rel=\"noopener\">Hannover<\/a><\/p>\n","protected":false},"excerpt":{"rendered":"Stand: 11.11.2025 18:20 Uhr Ex-Bundesministerin Anne Spiegel (Gr\u00fcne) ist am Dienstag zur Sozialdezernentin der Region Hannover gew\u00e4hlt worden&hellip;\n","protected":false},"author":2,"featured_media":568366,"comment_status":"","ping_status":"","sticky":false,"template":"","format":"standard","meta":{"footnotes":""},"categories":[1836],"tags":[122073,3364,29,30,46,1411,7305,76088,136905,2534],"class_list":{"0":"post-568365","1":"post","2":"type-post","3":"status-publish","4":"format-standard","5":"has-post-thumbnail","7":"category-hannover","8":"tag-anne-spiegel","9":"tag-de","10":"tag-deutschland","11":"tag-germany","12":"tag-hannover","13":"tag-niedersachsen","14":"tag-region-hannover","15":"tag-regionsversammlung","16":"tag-sozialdezernat","17":"tag-wahl"},"share_on_mastodon":{"url":"https:\/\/pubeurope.com\/@de\/115532449566815479","error":""},"_links":{"self":[{"href":"https:\/\/www.europesays.com\/de\/wp-json\/wp\/v2\/posts\/568365","targetHints":{"allow":["GET"]}}],"collection":[{"href":"https:\/\/www.europesays.com\/de\/wp-json\/wp\/v2\/posts"}],"about":[{"href":"https:\/\/www.europesays.com\/de\/wp-json\/wp\/v2\/types\/post"}],"author":[{"embeddable":true,"href":"https:\/\/www.europesays.com\/de\/wp-json\/wp\/v2\/users\/2"}],"replies":[{"embeddable":true,"href":"https:\/\/www.europesays.com\/de\/wp-json\/wp\/v2\/comments?post=568365"}],"version-history":[{"count":0,"href":"https:\/\/www.europesays.com\/de\/wp-json\/wp\/v2\/posts\/568365\/revisions"}],"wp:featuredmedia":[{"embeddable":true,"href":"https:\/\/www.europesays.com\/de\/wp-json\/wp\/v2\/media\/568366"}],"wp:attachment":[{"href":"https:\/\/www.europesays.com\/de\/wp-json\/wp\/v2\/media?parent=568365"}],"wp:term":[{"taxonomy":"category","embeddable":true,"href":"https:\/\/www.europesays.com\/de\/wp-json\/wp\/v2\/categories?post=568365"},{"taxonomy":"post_tag","embeddable":true,"href":"https:\/\/www.europesays.com\/de\/wp-json\/wp\/v2\/tags?post=568365"}],"curies":[{"name":"wp","href":"https:\/\/api.w.org\/{rel}","templated":true}]}}