{"id":568548,"date":"2025-11-11T20:00:13","date_gmt":"2025-11-11T20:00:13","guid":{"rendered":"https:\/\/www.europesays.com\/de\/568548\/"},"modified":"2025-11-11T20:00:13","modified_gmt":"2025-11-11T20:00:13","slug":"die-sollen-sich-eines-besseren-belehren-lassen-muenchen-startet-in-die-faschingssaison","status":"publish","type":"post","link":"https:\/\/www.europesays.com\/de\/568548\/","title":{"rendered":"&#8222;Die sollen sich eines Besseren belehren lassen&#8220; \u2013 M\u00fcnchen startet in die Faschingssaison"},"content":{"rendered":"<p>W\u00e4hrend nebenan die Aufbauarbeiten f\u00fcr den Christkindlmarkt laufen, er\u00f6ffnen die M\u00fcnchner am Dienstag (11. November) die Faschingssaison am <a href=\"https:\/\/www.abendzeitung-muenchen.de\/thema\/viktualienmarkt\/\" rel=\"nofollow noopener\" target=\"_blank\">Viktualienmarkt<\/a>.<\/p>\n<p>Um Punkt 11.11 Uhr schreitet das neue Prinzenpaar der Narrhalla-Faschingsgesellschaft durch die Zuschauermenge und betritt bei Sonnenschein und tosendem Applaus die B\u00fchne: Stephan K\u00fcrten (34) und Samantha Bigl (28). Sie werden in den kommenden Monaten die <a href=\"https:\/\/www.abendzeitung-muenchen.de\/organisation\/narrhalla\/\" rel=\"nofollow noopener\" target=\"_blank\">Narrhalla<\/a> repr\u00e4sentieren.<\/p>\n<p>Neues Faschingsprinzenpaar stellt sich auf dem Viktualienmarkt vor<\/p>\n<p>\u00dcber 200 Termine stehen ihnen bevor. Wie sich das mit ihren Berufen als Entwicklungsingenieur und Produktmanagerin vereinbaren l\u00e4sst? Die AZ hat bei der Faschingsprinzessin nachgefragt. &#8222;Unsere Firmen sind da sehr kulant. Im Moment sind die Termine meist abends, und ab Januar, wenn es dann richtig losgeht, dann haben wir Urlaub.&#8220; Teilweise auch unbezahlt, sagt sie \u2013 doch das sei es ihnen wert.<\/p>\n<p>Ex-Faschingsprinz Christian Deussen r\u00e4t den beiden bei seiner Abdankung: &#8222;Genie\u00dft es von Herzen.&#8220; Einige hundert Zuschauer scheinen das vor Ort ohnehin zu tun: Mit halbvollen Bier- und Weingl\u00e4sern schunkeln sie zu den Auftritten der Bands und Tanzgruppen.<\/p>\n<p>B\u00fcrgermeisterin Verena Dietl: &#8222;Die sollen sich das hier mal anschauen und eines Besseren belehren lassen&#8220;<\/p>\n<p>&#8222;Dass der Fasching das Richtige f\u00fcr <a href=\"https:\/\/www.abendzeitung-muenchen.de\/muenchen\/\" rel=\"nofollow noopener\" target=\"_blank\">M\u00fcnchen<\/a> ist&#8220;, findet auch B\u00fcrgermeisterin Verena Dietl (<a href=\"https:\/\/www.abendzeitung-muenchen.de\/organisation\/spd\/\" rel=\"nofollow noopener\" target=\"_blank\">SPD<\/a>), die am Dienstag gut gelaunt die Saison er\u00f6ffnet. Man werfe M\u00fcnchen gerne vor, man k\u00f6nne hier keinen Fasching feiern \u2013 &#8222;die sollen sich das hier mal anschauen und eines Besseren belehren lassen&#8220;.<\/p>\n<p>Worte, die das Publikum prompt mit Jubelrufen belohnt. Und Zeit zur Steigerung bleibt genug: Erst am Faschingsdienstag, 17. Februar, endet die diesj\u00e4hrige Saison wieder auf dem Viktualienmarkt.\u00a0<\/p>\n","protected":false},"excerpt":{"rendered":"W\u00e4hrend nebenan die Aufbauarbeiten f\u00fcr den Christkindlmarkt laufen, er\u00f6ffnen die M\u00fcnchner am Dienstag (11. November) die Faschingssaison am&hellip;\n","protected":false},"author":2,"featured_media":568549,"comment_status":"","ping_status":"","sticky":false,"template":"","format":"standard","meta":{"footnotes":"","_share_on_mastodon":"0"},"categories":[1827],"tags":[137091,772,137086,85452,29,136900,137085,137089,137087,137090,137084,137083,137092,137082,137081,137080,137076,137088,30,1268,117025,137077,38758,5209,137079,137078,103275,7517],"class_list":["post-568548","post","type-post","status-publish","format-standard","has-post-thumbnail","category-muenchen","tag-az-muenchen","tag-bayern","tag-buergermeisterin-verena-dietl","tag-christkindlmarkt","tag-deutschland","tag-fasching","tag-fasching-2025","tag-fasching-feiern","tag-faschingsauftritt","tag-faschingsbands","tag-faschingsdienstag","tag-faschingseroeffnung","tag-faschingsfans","tag-faschingsgesellschaft","tag-faschingsprinz","tag-faschingsprinzessin","tag-faschingssaison","tag-faschingstermine","tag-germany","tag-muenchen","tag-muenchen-veranstaltungen","tag-narrhalla","tag-prinzenpaar","tag-publikum","tag-samantha-bigl","tag-stephan-kuerten","tag-tanzgruppen","tag-viktualienmarkt"],"share_on_mastodon":{"url":"","error":"Validation failed: Text character limit of 500 exceeded"},"_links":{"self":[{"href":"https:\/\/www.europesays.com\/de\/wp-json\/wp\/v2\/posts\/568548","targetHints":{"allow":["GET"]}}],"collection":[{"href":"https:\/\/www.europesays.com\/de\/wp-json\/wp\/v2\/posts"}],"about":[{"href":"https:\/\/www.europesays.com\/de\/wp-json\/wp\/v2\/types\/post"}],"author":[{"embeddable":true,"href":"https:\/\/www.europesays.com\/de\/wp-json\/wp\/v2\/users\/2"}],"replies":[{"embeddable":true,"href":"https:\/\/www.europesays.com\/de\/wp-json\/wp\/v2\/comments?post=568548"}],"version-history":[{"count":0,"href":"https:\/\/www.europesays.com\/de\/wp-json\/wp\/v2\/posts\/568548\/revisions"}],"wp:featuredmedia":[{"embeddable":true,"href":"https:\/\/www.europesays.com\/de\/wp-json\/wp\/v2\/media\/568549"}],"wp:attachment":[{"href":"https:\/\/www.europesays.com\/de\/wp-json\/wp\/v2\/media?parent=568548"}],"wp:term":[{"taxonomy":"category","embeddable":true,"href":"https:\/\/www.europesays.com\/de\/wp-json\/wp\/v2\/categories?post=568548"},{"taxonomy":"post_tag","embeddable":true,"href":"https:\/\/www.europesays.com\/de\/wp-json\/wp\/v2\/tags?post=568548"}],"curies":[{"name":"wp","href":"https:\/\/api.w.org\/{rel}","templated":true}]}}