{"id":568711,"date":"2025-11-11T21:34:13","date_gmt":"2025-11-11T21:34:13","guid":{"rendered":"https:\/\/www.europesays.com\/de\/568711\/"},"modified":"2025-11-11T21:34:13","modified_gmt":"2025-11-11T21:34:13","slug":"es-hat-mich-veraendert-jeff-goldblum-verzichtet-seit-ueber-einem-jahr-komplett-auf-fleisch-2","status":"publish","type":"post","link":"https:\/\/www.europesays.com\/de\/568711\/","title":{"rendered":"&#8222;Es hat mich ver\u00e4ndert&#8220;: Jeff Goldblum verzichtet seit \u00fcber einem Jahr komplett auf Fleisch"},"content":{"rendered":"<p>&#8222;Es hat mich ver\u00e4ndert&#8220;<\/p>\n<p>Jeff Goldblum verzichtet seit \u00fcber einem Jahr komplett auf Fleisch<\/p>\n<p>von spot on news<\/p>\n<p>11.11.2025, 19:33 Uhr<\/p>\n<p>11. November 2025 um 19:33 Uhr<\/p>\n<p>Erschien in Kooperation mit<\/p>\n<p><a href=\"https:\/\/public.spot-on-news.de\/\" target=\"_blank\" rel=\"sponsored nofollow noopener\" data-qa-partner-block-logo-link=\"\"><img decoding=\"async\" data-hk=\"00932120a1410210010\" loading=\"lazy\" src=\"https:\/\/www.europesays.com\/de\/wp-content\/uploads\/2025\/11\/1762896853_272_dc5a1d89-de98-4020-9390-be44e6ef5c3e.a36fcdf3-493b-48ef-b839-58d541b4260c.png\" alt=\"spot on news\" width=\"61\" height=\"40\"\/><\/a><\/p>\n<p>Selbst nach Jahrzehnten vor den Kameras beeinflusst seine Arbeit Jeff Goldblum auch im Privaten. Seit &#8222;Wicked&#8220; isst er kein Fleisch mehr, wie er jetzt erz\u00e4hlt.<\/p>\n<p><a href=\"https:\/\/www.bunte.de\/stars\/star-news\/jeff-goldblum-er-erinnert-sich-an-premiere-mit-prinzessin-diana.html\" rel=\"follow nofollow noopener\" target=\"_self\">Jeff Goldblum (73), der eine tolle Erinnerung an Prinzessin Diana hat<\/a>, steht seit Ewigkeiten vor den Kameras und war schon vor Jahrzehnten in Klassikern wie &#8222;Jurassic Park&#8220; oder &#8222;Die Fliege&#8220; zu sehen. Aber auch nach so vielen von ihm gespielten Rollen k\u00f6nnen neue Charaktere und die Arbeit an Filmen noch Auswirkungen auf ihn als Person haben. Auch die Musical-Adaption &#8222;Wicked&#8220;, in der er den Zauberer von Oz spielt, hat ihn geformt.<\/p>\n<p>ANZEIGEJeff Goldblum: &#8222;Es hat mich ver\u00e4ndert&#8220;<\/p>\n<p>Im britischen Fernsehmagazin &#8222;This Morning&#8220; hat Goldblum dar\u00fcber gesprochen, dass er seit &#8222;Wicked&#8220; kein Fleisch mehr isst. Die Rolle habe ihm etwas Neues gegeben, kann er in dem Gespr\u00e4ch nur best\u00e4tigen. Die Arbeit mit Regisseur Jon M. Chu (46) sei &#8222;unglaublich&#8220; gewesen. &#8222;Es hat mich ver\u00e4ndert&#8220;, erz\u00e4hlt der Hollywoodstar. &#8222;Wissen Sie, nachdem ich an dem Film gearbeitet habe, haben wir \u00fcber Tierqu\u00e4lerei gesprochen. Ich habe aufgeh\u00f6rt, Fleisch zu essen. Und Gefl\u00fcgel.&#8220;<\/p>\n<p>ANZEIGE<\/p>\n<p>F\u00fcr anstehende Feiertage wie Thanksgiving und Weihnachten m\u00fcsse er sich daher Alternativen \u00fcberlegen, erz\u00e4hlt er weiter. Die Umstellung scheint ihn nicht zu st\u00f6ren, ganz im Gegenteil sogar. &#8222;Aber ich bin gl\u00fccklich&#8220;, best\u00e4tigt Goldblum. Man brauche &#8222;eine Welt, die f\u00fcr jeden auf der Erde und auch f\u00fcr jedes Lebewesen funktioniert.&#8220;<\/p>\n<p>&#8222;Wicked&#8220; erscheint in zwei Teilen. Der erste Film wurde 2024 ver\u00f6ffentlicht. Am 10. November feierte Goldblum in London unter anderem mit seinen Kolleginnen Ariana Grande (32) und Cynthia Erivo (38) die Europapremiere von &#8222;Wicked: Teil 2&#8220; (im Original: &#8222;Wicked: For Good&#8220;), der in Deutschland am 19. November in die Kinos kommt.<\/p>\n","protected":false},"excerpt":{"rendered":"&#8222;Es hat mich ver\u00e4ndert&#8220; Jeff Goldblum verzichtet seit \u00fcber einem Jahr komplett auf Fleisch von spot on news&hellip;\n","protected":false},"author":2,"featured_media":568576,"comment_status":"","ping_status":"","sticky":false,"template":"","format":"standard","meta":{"footnotes":""},"categories":[1776],"tags":[1801,29,214,30,1802,215],"class_list":{"0":"post-568711","1":"post","2":"type-post","3":"status-publish","4":"format-standard","5":"has-post-thumbnail","7":"category-prominente","8":"tag-celebrities","9":"tag-deutschland","10":"tag-entertainment","11":"tag-germany","12":"tag-prominente","13":"tag-unterhaltung"},"share_on_mastodon":{"url":"https:\/\/pubeurope.com\/@de\/115533216758142399","error":""},"_links":{"self":[{"href":"https:\/\/www.europesays.com\/de\/wp-json\/wp\/v2\/posts\/568711","targetHints":{"allow":["GET"]}}],"collection":[{"href":"https:\/\/www.europesays.com\/de\/wp-json\/wp\/v2\/posts"}],"about":[{"href":"https:\/\/www.europesays.com\/de\/wp-json\/wp\/v2\/types\/post"}],"author":[{"embeddable":true,"href":"https:\/\/www.europesays.com\/de\/wp-json\/wp\/v2\/users\/2"}],"replies":[{"embeddable":true,"href":"https:\/\/www.europesays.com\/de\/wp-json\/wp\/v2\/comments?post=568711"}],"version-history":[{"count":0,"href":"https:\/\/www.europesays.com\/de\/wp-json\/wp\/v2\/posts\/568711\/revisions"}],"wp:featuredmedia":[{"embeddable":true,"href":"https:\/\/www.europesays.com\/de\/wp-json\/wp\/v2\/media\/568576"}],"wp:attachment":[{"href":"https:\/\/www.europesays.com\/de\/wp-json\/wp\/v2\/media?parent=568711"}],"wp:term":[{"taxonomy":"category","embeddable":true,"href":"https:\/\/www.europesays.com\/de\/wp-json\/wp\/v2\/categories?post=568711"},{"taxonomy":"post_tag","embeddable":true,"href":"https:\/\/www.europesays.com\/de\/wp-json\/wp\/v2\/tags?post=568711"}],"curies":[{"name":"wp","href":"https:\/\/api.w.org\/{rel}","templated":true}]}}