{"id":568716,"date":"2025-11-11T21:38:16","date_gmt":"2025-11-11T21:38:16","guid":{"rendered":"https:\/\/www.europesays.com\/de\/568716\/"},"modified":"2025-11-11T21:38:16","modified_gmt":"2025-11-11T21:38:16","slug":"visite-ndr-de-3","status":"publish","type":"post","link":"https:\/\/www.europesays.com\/de\/568716\/","title":{"rendered":"Visite | ndr.de"},"content":{"rendered":"<p itemscope=\"\" itemtype=\"http:\/\/schema.org\/BroadcastEvent\">\n<p>                    Dienstag, 11. November 2025, 20:15<br \/>\n                        bis<br \/>\n                    21:15 Uhr<\/p>\n<p>\n                            Freitag, 14. November 2025, 01:15<br \/>\n                            bis<br \/>\n                        02:15 Uhr<br \/>\n                        <br \/>\n                            Freitag, 14. November 2025, 06:20<br \/>\n                            bis<br \/>\n                        07:20 Uhr<br \/>\n                        <\/p>\n<p>        <img decoding=\"async\" src=\"https:\/\/www.europesays.com\/de\/wp-content\/uploads\/2025\/11\/leber182.webp\" alt=\"Schematische Darstellung der Leber im Brustkorb\" title=\"Schematische Darstellung der Leber im Brustkorb | colourbox, -\" class=\"responsive\" loading=\"lazy\"\/><\/p>\n<p>Mehr als ein Viertel der Erwachsenen hat eine Fettleber &#8211; oft ohne es zu wissen. Eine Ern\u00e4hrungsumstellung kann helfen.<\/p>\n<p>        <img decoding=\"async\" src=\"https:\/\/www.europesays.com\/de\/wp-content\/uploads\/2025\/11\/brokkoli116.webp\" alt=\"Brokkoli mit Streifen einer Orangenschale auf einem blauen Teller.\" title=\"Auszeichnung f\u00fcr Landgasthaus &quot;Zum D\u00fcckerstieg&quot; zum Topausbildungsbetrieb.  | NDR, Anja Deuble\" class=\"responsive\" loading=\"lazy\"\/><\/p>\n<p>Wer bei der Ern\u00e4hrung auf Ballaststoffe und die richtigen Vitamine setzt, st\u00e4rkt nachweislich sein Immunsystem.<\/p>\n<p>        <img decoding=\"async\" src=\"https:\/\/www.europesays.com\/de\/wp-content\/uploads\/2025\/11\/schmerz132.webp\" alt=\"Eine Frau h\u00e4lt sich den unteren R\u00fccken.\" title=\"Eine Frau h\u00e4lt sich den unteren R\u00fccken. | fotolia.com, anetlanda\" class=\"responsive\" loading=\"lazy\"\/><\/p>\n<p>Morbus Bechterew ist eine Form von Rheuma: Es bef\u00e4llt die Wirbels\u00e4ule und verursacht chronische R\u00fcckenschmerzen.<\/p>\n<p>        <img decoding=\"async\" src=\"https:\/\/www.europesays.com\/de\/wp-content\/uploads\/2025\/11\/vogelgrippe788.webp\" alt=\"Zwei H\u00e4nde halten ein Schild mit der Aufschrift &quot;Vogelgrippe&quot;, darauf sind Viren als Grafik zu sehen.\" title=\"Zwei H\u00e4nde halten ein Schild mit der Aufschrift &quot;Vogelgrippe&quot;, darauf sind Viren als Grafik zu sehen. | Colourbox\" class=\"responsive\" loading=\"lazy\"\/><\/p>\n<p>Aktuell kursiert die Gefl\u00fcgelpest in Teilen von Norddeutschland. Ist die Vogelgrippe f\u00fcr den Menschen gef\u00e4hrlich?<\/p>\n<p>        <img decoding=\"async\" src=\"https:\/\/www.europesays.com\/de\/wp-content\/uploads\/2025\/11\/mann580.webp\" alt=\"Ein junger Mann pflegt die Haut unter den Augen mit einer Creme.\" title=\"Ein junger Mann pflegt die Haut unter den Augen mit einer Creme. | Colourbox, Diego Cervo\" class=\"responsive\" loading=\"lazy\"\/><\/p>\n<p>Augenringe k\u00f6nnen nicht nur durch Schlafmangel entstehen, sondern auch Krankheiten als Ursache haben. Was hilft dagegen?<\/p>\n<p>        <img decoding=\"async\" src=\"https:\/\/www.europesays.com\/de\/wp-content\/uploads\/2025\/11\/augen170.webp\" alt=\"Die Augen einer Frau mit Tr\u00e4nens\u00e4cken darunter.\" title=\"Die Augen einer Frau mit Tr\u00e4nens\u00e4cken darunter. | Colourbox, Blackday\" class=\"responsive\" loading=\"lazy\"\/><\/p>\n<p>Tr\u00e4nens\u00e4cke sind Schwellungen oder erschlaffte Haut unter den Augen. Wie entstehen sie und wie kann man sie entfernen?<\/p>\n<p>        <img decoding=\"async\" src=\"https:\/\/www.europesays.com\/de\/wp-content\/uploads\/2025\/11\/ad-126.webp\" alt=\"Patient im Interview\" title=\"Patient im Interview | NDR\" class=\"responsive\" loading=\"lazy\"\/><\/p>\n<p>Ctefan W. ist verzweifelt. Der Berufsschullehrer leidet unter starken Knochenschmerzen. K\u00f6nnte die Schilddr\u00fcse die Ursache sein?<\/p>\n<p>    Fettleber: Erstes Medikament gegen Leberfibrose<\/p>\n<p class=\"\">Bislang gibt es in der EU kein Medikament f\u00fcr Patienten mit Fettleber und Leberfibrose. Das k\u00f6nnte sich bald \u00e4ndern, denn die Europ\u00e4ische Arzneimittelagentur empfiehlt die Zulassung eines Mittels, das an einem bestimmten Hormonrezeptor ansetzt. Das neue Medikament ist zur Behandlung von Patienten mit Metabolic Dysfunction-associated Steatohepatitis (MASH, vormals: nicht alkoholische Fettleber, NASH) mit moderater bis fortgeschrittener Leberfibrose bestimmt. Die Erkrankung entsteht, wenn sich \u00fcberm\u00e4\u00dfiges Fett in der Leber ablagert, woraufhin es zu Entz\u00fcndungsprozessen und in der Folge zu fibrotischem Umbau kommt. Eine solche Leberfibrose kann in eine Leberzirrhose mit dauerhaften Vernarbungen oder Leberkrebs \u00fcbergehen, die eine Organtransplantation n\u00f6tig machen k\u00f6nnen. Die Fibrose ist oft verbunden mit schweren kardiovaskul\u00e4ren und metabolischen Erkrankungen. Wie wirkt das neue Medikament, welche Risiken hat es?<\/p>\n<p>    Immunsystem nat\u00fcrlich st\u00e4rken: Mit Bewegung und Pflanzenkraft<\/p>\n<p class=\"\">Krafttraining kann mehr als Muskeln formen &#8211; es macht auch das Immunsystem stark. W\u00e4hrend die Muskeln arbeiten, sch\u00fcttet der K\u00f6rper Myokine aus: kleine, aber wirkungsvolle Botenstoffe, die Entz\u00fcndungen d\u00e4mpfen, den Stoffwechsel anregen und die Abwehrkr\u00e4fte aktivieren. Gleichzeitig sinkt durch Bewegung das Stressniveau, und Gl\u00fcckshormone sorgen f\u00fcr sp\u00fcrbar mehr Wohlbefinden. Schon zwei- bis dreimal Training pro Woche wirken wie ein nat\u00fcrlicher Schutzschild, besonders im Alter. Und wer zus\u00e4tzlich mit der richtigen Ern\u00e4hrung und pflanzlichen Helfern arbeitet, st\u00e4rkt seine Abwehr von innen. Welche einfachen, aber wirkungsvollen Tipps Natur-Doc Andreas Michalsen bereith\u00e4lt &#8211; das verr\u00e4t er im Gespr\u00e4ch.<\/p>\n<dl>\n<dt>Redaktionsleiter\/in<\/dt>\n<dd>Friederike\u00a0Krumme<\/dd>\n<dt>Redaktion<\/dt>\n<dd>Claudia\u00a0Gromer-Britz<\/dd>\n<dd>Renate\u00a0Sch\u00fcssler<\/dd>\n<dd>Anke\u00a0Christians<\/dd>\n<dd>Gabriela\u00a0Mirkovic<\/dd>\n<dd>Edith\u00a0Heitk\u00e4mper<\/dd>\n<dd>Anke\u00a0Lauf<\/dd>\n<dt>Produktionsleiter\/in<\/dt>\n<dd>Thomas\u00a0Schmidtsdorff<\/dd>\n<dt>Moderation<\/dt>\n<dd>Dr. Julia\u00a0Fischer<\/dd>\n<dt>Assistenz<\/dt>\n<dd>Stefan\u00a0Lundschien<\/dd>\n<\/dl>\n","protected":false},"excerpt":{"rendered":"Dienstag, 11. November 2025, 20:15 bis 21:15 Uhr Freitag, 14. November 2025, 01:15 bis 02:15 Uhr Freitag, 14.&hellip;\n","protected":false},"author":2,"featured_media":568717,"comment_status":"","ping_status":"","sticky":false,"template":"","format":"standard","meta":{"footnotes":""},"categories":[1772],"tags":[29,214,30,1779,810,215],"class_list":{"0":"post-568716","1":"post","2":"type-post","3":"status-publish","4":"format-standard","5":"has-post-thumbnail","7":"category-musik","8":"tag-deutschland","9":"tag-entertainment","10":"tag-germany","11":"tag-music","12":"tag-musik","13":"tag-unterhaltung"},"share_on_mastodon":{"url":"https:\/\/pubeurope.com\/@de\/115533231964496702","error":""},"_links":{"self":[{"href":"https:\/\/www.europesays.com\/de\/wp-json\/wp\/v2\/posts\/568716","targetHints":{"allow":["GET"]}}],"collection":[{"href":"https:\/\/www.europesays.com\/de\/wp-json\/wp\/v2\/posts"}],"about":[{"href":"https:\/\/www.europesays.com\/de\/wp-json\/wp\/v2\/types\/post"}],"author":[{"embeddable":true,"href":"https:\/\/www.europesays.com\/de\/wp-json\/wp\/v2\/users\/2"}],"replies":[{"embeddable":true,"href":"https:\/\/www.europesays.com\/de\/wp-json\/wp\/v2\/comments?post=568716"}],"version-history":[{"count":0,"href":"https:\/\/www.europesays.com\/de\/wp-json\/wp\/v2\/posts\/568716\/revisions"}],"wp:featuredmedia":[{"embeddable":true,"href":"https:\/\/www.europesays.com\/de\/wp-json\/wp\/v2\/media\/568717"}],"wp:attachment":[{"href":"https:\/\/www.europesays.com\/de\/wp-json\/wp\/v2\/media?parent=568716"}],"wp:term":[{"taxonomy":"category","embeddable":true,"href":"https:\/\/www.europesays.com\/de\/wp-json\/wp\/v2\/categories?post=568716"},{"taxonomy":"post_tag","embeddable":true,"href":"https:\/\/www.europesays.com\/de\/wp-json\/wp\/v2\/tags?post=568716"}],"curies":[{"name":"wp","href":"https:\/\/api.w.org\/{rel}","templated":true}]}}