{"id":568767,"date":"2025-11-11T22:12:36","date_gmt":"2025-11-11T22:12:36","guid":{"rendered":"https:\/\/www.europesays.com\/de\/568767\/"},"modified":"2025-11-11T22:12:36","modified_gmt":"2025-11-11T22:12:36","slug":"radfahrerin-schwer-verletzt-nach-verkehrsunfall-in-wuppertal","status":"publish","type":"post","link":"https:\/\/www.europesays.com\/de\/568767\/","title":{"rendered":"Radfahrerin schwer verletzt nach Verkehrsunfall in Wuppertal"},"content":{"rendered":"<p class=\"text_ohne_einzug richtext text-em-55 !leading-serif mx-6 desktop:mx-0\">Bei einem Alleinunfall ist eine 21-j\u00e4hrige Radfahrerin am Montag, 10. November, schwer verletzt worden. Laut Polizei war sie gegen 17 Uhr mit ihrem Mountainbike an der Ludwigstra\u00dfe bergab in Richtung H\u00f6chsten unterwegs, als sie aus bislang ungekl\u00e4rter Ursache im Bereich der Auguststra\u00dfe die Kontrolle \u00fcber ihr Zweirad verlor.<\/p>\n<p class=\"text_ohne_einzug richtext text-em-55 !leading-serif mx-6 desktop:mx-0\">Sie prallte gegen einen am Stra\u00dfenrand geparkten VW Golf. Die Frau wurde im Zuge des Unfalls schwer verletzt und durch <br \/>Rettungskr\u00e4fte in ein Krankenhaus gebracht.<\/p>\n","protected":false},"excerpt":{"rendered":"Bei einem Alleinunfall ist eine 21-j\u00e4hrige Radfahrerin am Montag, 10. November, schwer verletzt worden. Laut Polizei war sie&hellip;\n","protected":false},"author":2,"featured_media":568768,"comment_status":"","ping_status":"","sticky":false,"template":"","format":"standard","meta":{"footnotes":"","_share_on_mastodon":"0"},"categories":[1840],"tags":[3364,29,30,51003,1209,8846,5185,4418],"class_list":["post-568767","post","type-post","status-publish","format-standard","has-post-thumbnail","category-wuppertal","tag-de","tag-deutschland","tag-germany","tag-ludwigstrasse","tag-nordrhein-westfalen","tag-radfahrerin","tag-verletzt","tag-wuppertal"],"share_on_mastodon":{"url":"https:\/\/pubeurope.com\/@de\/115533364891405339","error":""},"_links":{"self":[{"href":"https:\/\/www.europesays.com\/de\/wp-json\/wp\/v2\/posts\/568767","targetHints":{"allow":["GET"]}}],"collection":[{"href":"https:\/\/www.europesays.com\/de\/wp-json\/wp\/v2\/posts"}],"about":[{"href":"https:\/\/www.europesays.com\/de\/wp-json\/wp\/v2\/types\/post"}],"author":[{"embeddable":true,"href":"https:\/\/www.europesays.com\/de\/wp-json\/wp\/v2\/users\/2"}],"replies":[{"embeddable":true,"href":"https:\/\/www.europesays.com\/de\/wp-json\/wp\/v2\/comments?post=568767"}],"version-history":[{"count":0,"href":"https:\/\/www.europesays.com\/de\/wp-json\/wp\/v2\/posts\/568767\/revisions"}],"wp:featuredmedia":[{"embeddable":true,"href":"https:\/\/www.europesays.com\/de\/wp-json\/wp\/v2\/media\/568768"}],"wp:attachment":[{"href":"https:\/\/www.europesays.com\/de\/wp-json\/wp\/v2\/media?parent=568767"}],"wp:term":[{"taxonomy":"category","embeddable":true,"href":"https:\/\/www.europesays.com\/de\/wp-json\/wp\/v2\/categories?post=568767"},{"taxonomy":"post_tag","embeddable":true,"href":"https:\/\/www.europesays.com\/de\/wp-json\/wp\/v2\/tags?post=568767"}],"curies":[{"name":"wp","href":"https:\/\/api.w.org\/{rel}","templated":true}]}}