{"id":568788,"date":"2025-11-11T22:25:15","date_gmt":"2025-11-11T22:25:15","guid":{"rendered":"https:\/\/www.europesays.com\/de\/568788\/"},"modified":"2025-11-11T22:25:15","modified_gmt":"2025-11-11T22:25:15","slug":"airline-weitet-fluege-ab-deutschland-aus-neue-verbindung-fuer-den-flughafen-muenchen","status":"publish","type":"post","link":"https:\/\/www.europesays.com\/de\/568788\/","title":{"rendered":"Airline weitet Fl\u00fcge ab Deutschland aus \u2013 neue Verbindung f\u00fcr den Flughafen M\u00fcnchen"},"content":{"rendered":"<ol class=\"id-DonaldBreadcrumb lp_west_breadcrumb id-DonaldBreadcrumb--default\" data-k5a-pos=\"west_breadcrumb\">\n<li class=\"id-Breadcrumb-item\"><a href=\"https:\/\/www.merkur.de\/\" class=\"id-Breadcrumb-link\" data-id-ec=\"{\" shn=\"\" textlink=\"\" data-k5a-pos=\"1_startseite\" rel=\"nofollow noopener\" target=\"_blank\">Startseite<\/a><\/li>\n<li class=\"id-Breadcrumb-item\"><a href=\"https:\/\/www.merkur.de\/lokales\/\" class=\"id-Breadcrumb-link\" data-id-ec=\"{\" shn=\"\" textlink=\"\" data-k5a-pos=\"2_lokales\" rel=\"nofollow noopener\" target=\"_blank\">Lokales<\/a><\/li>\n<li class=\"id-Breadcrumb-item\"><a href=\"https:\/\/www.merkur.de\/lokales\/erding\/\" class=\"id-Breadcrumb-link\" data-id-ec=\"{\" shn=\"\" textlink=\"\" data-k5a-pos=\"3_erding\" rel=\"nofollow noopener\" target=\"_blank\">Erding<\/a><\/li>\n<li class=\"id-Breadcrumb-item\"><a href=\"https:\/\/www.merkur.de\/lokales\/erding\/flughafen-muenchen-ort60188\/\" class=\"id-Breadcrumb-link\" data-id-ec=\"{\" shn=\"\" textlink=\"\" m=\"\" data-k5a-pos=\"4_flughafenMuenchen\" rel=\"nofollow noopener\" target=\"_blank\">Flughafen M\u00fcnchen<\/a><\/li>\n<\/ol>\n<p class=\"id-Story-timestamp id-Story-timestamp--default\">Stand: 11.11.2025, 22:34 Uhr<\/p>\n<p class=\"id-Story-authors id-Story-authors--default\">Von: <a class=\"id-Story-authors-link lp_west_author\" href=\"https:\/\/www.merkur.de\/autor\/jonah-reule-swqrebyh.html\" title=\"Zur Autorenseite von Jonah Reule\" data-id-ec=\"{\" shn=\"\" author-link=\"\" reule=\"\" data-k5a-pos=\"west_author\" rel=\"nofollow noopener\" target=\"_blank\">Jonah Reule<\/a><\/p>\n<p class=\"id-Story-interactionBar id-Story-interactionBar--default\">DruckenTeilen<\/p>\n<p class=\"id-StoryElement-leadText\">Ein Ferienflieger erweitert im Sommer 2026 sein Angebot in Deutschland und in Europa. Bayern profitiert gleich doppelt \u2013 auch der Flughafen M\u00fcnchen.<\/p>\n<p class=\"id-StoryElement-paragraph\">M\u00fcnchen \u2013 Hinaus in die weite Welt \u2013 die Reiselust der Deutschen ist ungebrochen. Im Sommer verzeichnete der <a href=\"https:\/\/www.merkur.de\/lokales\/erding\/flughafen-muenchen-ort60188\/\" class=\"id-import-Link\" title=\"Flughafen M&#xFC;nchen\" data-id-ec=\"{&quot;sht&quot;:&quot;Container&quot;,&quot;shn&quot;:&quot;Story&quot;,&quot;p&quot;:{&quot;containerType&quot;:&quot;Paragraph&quot;,&quot;displayType&quot;:&quot;Paragraph InlineLink&quot;,&quot;type&quot;:&quot;INLINE_LINK&quot;,&quot;value&quot;:&quot;Flughafen M&#xFC;nchen&quot;,&quot;variant&quot;:&quot;standardLink&quot;,&quot;sponsored&quot;:false,&quot;linkHref&quot;:&quot;https:\/\/www.merkur.de\/lokales\/erding\/flughafen-muenchen-ort60188\/&quot;,&quot;storyElementPosition&quot;:8,&quot;storyElementCount&quot;:20}}\" rel=\"nofollow noopener\" target=\"_blank\">Flughafen M\u00fcnchen<\/a> einen weiteren Passagierrekord und erreichte dabei eine <a href=\"https:\/\/www.merkur.de\/lokales\/erding\/flughafen-muenchen-ort60188\/flughafen-muenchen-knackt-neue-internationale-bestmarke-93998650.html\" class=\"id-import-Link\" data-id-ec=\"{&quot;sht&quot;:&quot;Container&quot;,&quot;shn&quot;:&quot;Story&quot;,&quot;p&quot;:{&quot;containerType&quot;:&quot;Paragraph&quot;,&quot;displayType&quot;:&quot;Paragraph InlineLink&quot;,&quot;type&quot;:&quot;INLINE_LINK&quot;,&quot;value&quot;:&quot;internationale Bestmarke&quot;,&quot;variant&quot;:&quot;standardLink&quot;,&quot;sponsored&quot;:false,&quot;linkHref&quot;:&quot;https:\/\/www.merkur.de\/lokales\/erding\/flughafen-muenchen-ort60188\/flughafen-muenchen-knackt-neue-internationale-bestmarke-93998650.html&quot;,&quot;storyElementPosition&quot;:8,&quot;storyElementCount&quot;:20}}\" rel=\"nofollow noopener\" target=\"_blank\">internationale Bestmarke<\/a>. Dennoch k\u00fcndigen immer mehr Airlines an, Fl\u00fcge ab Deutschland zu streichen. Zuletzt <a href=\"https:\/\/www.merkur.de\/lokales\/erding\/flughafen-muenchen-ort60188\/lufthansa-streicht-strecken-aus-dem-programm-darunter-spanisches-urlaubsziel-94009656.html\" class=\"id-import-Link\" data-id-ec=\"{&quot;sht&quot;:&quot;Container&quot;,&quot;shn&quot;:&quot;Story&quot;,&quot;p&quot;:{&quot;containerType&quot;:&quot;Paragraph&quot;,&quot;displayType&quot;:&quot;Paragraph InlineLink&quot;,&quot;type&quot;:&quot;INLINE_LINK&quot;,&quot;value&quot;:&quot;k&#xFC;ndigte die Lufthansa an, Verbindungen zu k&#xFC;rzen&quot;,&quot;variant&quot;:&quot;standardLink&quot;,&quot;sponsored&quot;:false,&quot;linkHref&quot;:&quot;https:\/\/www.merkur.de\/lokales\/erding\/flughafen-muenchen-ort60188\/lufthansa-streicht-strecken-aus-dem-programm-darunter-spanisches-urlaubsziel-94009656.html&quot;,&quot;storyElementPosition&quot;:8,&quot;storyElementCount&quot;:20}}\" rel=\"nofollow noopener\" target=\"_blank\">k\u00fcndigte die Lufthansa an, Verbindungen zu k\u00fcrzen<\/a>, darunter auch die Strecke zwischen <a href=\"https:\/\/www.tz.de\/muenchen\/stadt\/\" class=\"id-import-Link id-pageApi-Link--externalDomain\" title=\"M&#xFC;nchen\" data-id-ec=\"{&quot;sht&quot;:&quot;Container&quot;,&quot;shn&quot;:&quot;Story&quot;,&quot;p&quot;:{&quot;containerType&quot;:&quot;Paragraph&quot;,&quot;displayType&quot;:&quot;Paragraph InlineLink&quot;,&quot;type&quot;:&quot;INLINE_LINK&quot;,&quot;value&quot;:&quot;M&#xFC;nchen&quot;,&quot;variant&quot;:&quot;standardLink&quot;,&quot;sponsored&quot;:false,&quot;linkHref&quot;:&quot;https:\/\/www.tz.de\/muenchen\/stadt\/&quot;,&quot;storyElementPosition&quot;:8,&quot;storyElementCount&quot;:20}}\" rel=\"nofollow noopener\" target=\"_blank\">M\u00fcnchen<\/a> und K\u00f6ln\/Bonn. Eine andere bekannte Fluggesellschaft geht nun einen anderen Weg und baut ihr Angebot ab Deutschland aus. Das kommt auch Reisenden ab M\u00fcnchen zugute.<\/p>\n<p>Ferienflieger bietet gleich vier neue Strecken an \u2013 ab M\u00fcnchen geht es in die Sonne der T\u00fcrkei<img decoding=\"async\" class=\"id-RatioPlaceholder-element wv_story_el_image\" src=\"https:\/\/www.europesays.com\/de\/wp-content\/uploads\/2025\/11\/40399361-sun-express-in-muenchen-2sAvzzEOEdBG.jpg\" loading=\"lazy\"   height=\"680\" width=\"1100\" alt=\"Sun Express in M&#xFC;nchen\"\/>Ab Mai k\u00f6nnen Reisende in M\u00fcnchen auch nach Edremit abheben (Symbolbild). \u00a9\u00a0IMAGO\/Andreas Haas<\/p>\n<p class=\"id-StoryElement-paragraph\">Die \u00c4nderungen betreffen den kommenden Sommerflugplan am Flughafen M\u00fcnchen. Ab dem Sommer 2026 fliegt dann die Airline SunExpress von der bayerischen Landeshauptstadt nach Edremit in der T\u00fcrkei. Das berichtet unter anderem das Branchenportal Aerotelegraph. Die Fl\u00fcge des Joint-Ventures von Lufthansa und Turkish Airlines beginnen den Daten des Flugplans zufolge am 15. Mai. Geplant sind demnach zwei Fl\u00fcge pro Woche in die Stadt rund 200 Kilometer n\u00f6rdlich von Izmir.<\/p>\n<p class=\"id-StoryElement-paragraph\">Die Fl\u00fcge von M\u00fcnchen nach Edremit finden laut Flugplan immer mittwochs und freitags statt. Die R\u00fcckfl\u00fcge von Edremit ins Erdinger Moos sind f\u00fcr mittwochs und samstags geplant. <\/p>\n<p>Vom Freistaat in die weite Welt hinaus: Das sind Bayerns Verkehrsflugh\u00e4fen<img decoding=\"async\" class=\"id-RatioPlaceholder-element wv_story_el_interstitialImage\" src=\"https:\/\/www.europesays.com\/de\/wp-content\/uploads\/2025\/08\/39195552-israel-air-force-boeing-707-3l6c-manching-3kfe.jpg\" loading=\"lazy\"   height=\"2667\" width=\"4000\" alt=\"Israel - Air Force Boeing 707-3L6C, Manching\"\/><a href=\"https:\/\/www.merkur.de\/bayern\/verkehrsflughaefen-vom-freistaat-in-die-weite-welt-hinaus-das-sind-bayerns-zr-93872845.html\" class=\"id-StoryElement-intestitialLink-link\" data-id-ec=\"{\" shn=\"\" ansehen=\"\" data-k5a-pos=\"west_story_14_photoGalleryLink\" title=\"Zur Fotostrecke: Vom Freistaat in die weite Welt hinaus: Das sind Bayerns Verkehrsflugh&#xE4;fen\" rel=\"nofollow noopener\" target=\"_blank\">Fotostrecke ansehen<\/a>SunExpress nimmt zehn neue Sommerverbindungen auf \u2013 Weiterer Airport aus Bayern profitiert<\/p>\n<p class=\"id-StoryElement-paragraph\">Insgesamt nimmt SunExpress im kommenden Sommer laut Aerotelegraph zehn neue Verbindungen in Europa auf. Ab Hannover fliegt die Airline dann ebenfalls nach Edremit. Ab D\u00fcsseldorf steuert SunExpress Hatay in Anatolien an. Neu hinzu kommt im Flugplan der Allg\u00e4u Airport in Memmingen. Von dort aus fliegt die Fluggesellschaft im Sommer nach Antalya. <\/p>\n<p class=\"id-StoryElement-paragraph\">Die Fl\u00fcge vom Allg\u00e4u zum beliebten Touristenziel im S\u00fcden der T\u00fcrkei beginnen laut den Flugplandaten bereits am 30. M\u00e4rz 2026. Geplant sind f\u00fcnf Fl\u00fcge pro Woche. Vom 11. Mai bis 24. Juni 2026 steuert SunExpress Antalya dann sogar t\u00e4glich ab Memmingen an. Dar\u00fcber hinaus weitet SunExpres im anstehenden Sommer auch seine Pr\u00e4senz in Gro\u00dfbritannien weiter aus. (Quelle: Aerotelegraph und Flugplan von SunExpress) (jr)<\/p>\n","protected":false},"excerpt":{"rendered":"Startseite Lokales Erding Flughafen M\u00fcnchen Stand: 11.11.2025, 22:34 Uhr Von: Jonah Reule DruckenTeilen Ein Ferienflieger erweitert im Sommer&hellip;\n","protected":false},"author":2,"featured_media":568789,"comment_status":"","ping_status":"","sticky":false,"template":"","format":"standard","meta":{"footnotes":""},"categories":[2],"tags":[331,3924,332,3922,3364,29,30,13,14,3923,15,3921,12],"class_list":{"0":"post-568788","1":"post","2":"type-post","3":"status-publish","4":"format-standard","5":"has-post-thumbnail","7":"category-deutschland","8":"tag-aktuelle-nachrichten","9":"tag-aktuelle-nachrichten-aus-deutschland","10":"tag-aktuelle-news","11":"tag-aktuelle-news-aus-deutschland","12":"tag-de","13":"tag-deutschland","14":"tag-germany","15":"tag-headlines","16":"tag-nachrichten","17":"tag-nachrichten-aus-deutschland","18":"tag-news","19":"tag-news-aus-deutschland","20":"tag-schlagzeilen"},"share_on_mastodon":{"url":"https:\/\/pubeurope.com\/@de\/115533416652596002","error":""},"_links":{"self":[{"href":"https:\/\/www.europesays.com\/de\/wp-json\/wp\/v2\/posts\/568788","targetHints":{"allow":["GET"]}}],"collection":[{"href":"https:\/\/www.europesays.com\/de\/wp-json\/wp\/v2\/posts"}],"about":[{"href":"https:\/\/www.europesays.com\/de\/wp-json\/wp\/v2\/types\/post"}],"author":[{"embeddable":true,"href":"https:\/\/www.europesays.com\/de\/wp-json\/wp\/v2\/users\/2"}],"replies":[{"embeddable":true,"href":"https:\/\/www.europesays.com\/de\/wp-json\/wp\/v2\/comments?post=568788"}],"version-history":[{"count":0,"href":"https:\/\/www.europesays.com\/de\/wp-json\/wp\/v2\/posts\/568788\/revisions"}],"wp:featuredmedia":[{"embeddable":true,"href":"https:\/\/www.europesays.com\/de\/wp-json\/wp\/v2\/media\/568789"}],"wp:attachment":[{"href":"https:\/\/www.europesays.com\/de\/wp-json\/wp\/v2\/media?parent=568788"}],"wp:term":[{"taxonomy":"category","embeddable":true,"href":"https:\/\/www.europesays.com\/de\/wp-json\/wp\/v2\/categories?post=568788"},{"taxonomy":"post_tag","embeddable":true,"href":"https:\/\/www.europesays.com\/de\/wp-json\/wp\/v2\/tags?post=568788"}],"curies":[{"name":"wp","href":"https:\/\/api.w.org\/{rel}","templated":true}]}}