{"id":568851,"date":"2025-11-11T22:58:16","date_gmt":"2025-11-11T22:58:16","guid":{"rendered":"https:\/\/www.europesays.com\/de\/568851\/"},"modified":"2025-11-11T22:58:16","modified_gmt":"2025-11-11T22:58:16","slug":"neue-fragen-zur-kulturfoerderung-in-berlin","status":"publish","type":"post","link":"https:\/\/www.europesays.com\/de\/568851\/","title":{"rendered":"Neue Fragen zur Kulturf\u00f6rderung in Berlin"},"content":{"rendered":"<p>Auf der Projektliste der Kulturverwaltung sticht das &#8222;Zera Institute&#8220; hervor, weil es die zweith\u00f6chste F\u00f6rdersumme bekam \u2013 nach der &#8222;Nova Exhibition&#8220;, <a data-doctype=\"beitrag\" href=\"https:\/\/www.rbb24.de\/kultur\/beitrag\/2025\/10\/berlin-nova-music-festival-ausstellung-terror-israel.html\" target=\"_blank\" rel=\"noopener\">einer gro\u00dfen Ausstellung zum Massaker von Hamas-Terroristen beim Nova Musikfestival<\/a> in Israel am 7. Oktober 2023.<\/p>\n<p>Die Kulturverwaltung f\u00f6rdert das frisch gegr\u00fcndete &#8222;Zera Institute&#8220; in diesem Jahr mit 390.000 Euro, die laut Angaben auf der &#8222;Zera&#8220;-Website unter anderem in Forschung und Antisemitismus-Workshops flie\u00dfen. Das n\u00e4chste Projekt auf der Liste kommt auf 118.000 Euro F\u00f6rderung, verschiedenen anderen Projekten wurden 30.000 Euro bewilligt.<\/p>\n<p>Der Gr\u00fcnen-Abgeordnete Daniel Wesener, der Unterlagen der Kulturverwaltung einsehen konnte, vermutet, dass Parteipolitik eine Rolle spielte. Der CDU-Abgeordnete Goiny weist dies zur\u00fcck. &#8222;Ich habe nie nach Parteimitgliedschaften gefragt&#8220;, sagt er \u00fcber Projekte, die er der Kulturverwaltung &#8222;empfohlen&#8220; habe. &#8222;Mir war es auch v\u00f6llig egal, welche Mitglieder in welchen Parteien in anderen Projekten sind, die ich gef\u00f6rdert habe.\u201c Das sei &#8222;v\u00f6llig irrelevant&#8220;, so Goiny.<\/p>\n<p>Zur rechtlichen Einordnung: Verbindungen eines Vereins in die Politik sind kein Hindernis f\u00fcr den Erhalt von \u00f6ffentlichen F\u00f6rdermitteln.<\/p>\n","protected":false},"excerpt":{"rendered":"Auf der Projektliste der Kulturverwaltung sticht das &#8222;Zera Institute&#8220; hervor, weil es die zweith\u00f6chste F\u00f6rdersumme bekam \u2013 nach&hellip;\n","protected":false},"author":2,"featured_media":568852,"comment_status":"","ping_status":"","sticky":false,"template":"","format":"standard","meta":{"footnotes":""},"categories":[1825],"tags":[296,29,30,134296],"class_list":{"0":"post-568851","1":"post","2":"type-post","3":"status-publish","4":"format-standard","5":"has-post-thumbnail","7":"category-berlin","8":"tag-berlin","9":"tag-deutschland","10":"tag-germany","11":"tag-rbb24tagesschau"},"share_on_mastodon":{"url":"https:\/\/pubeurope.com\/@de\/115533545726630821","error":""},"_links":{"self":[{"href":"https:\/\/www.europesays.com\/de\/wp-json\/wp\/v2\/posts\/568851","targetHints":{"allow":["GET"]}}],"collection":[{"href":"https:\/\/www.europesays.com\/de\/wp-json\/wp\/v2\/posts"}],"about":[{"href":"https:\/\/www.europesays.com\/de\/wp-json\/wp\/v2\/types\/post"}],"author":[{"embeddable":true,"href":"https:\/\/www.europesays.com\/de\/wp-json\/wp\/v2\/users\/2"}],"replies":[{"embeddable":true,"href":"https:\/\/www.europesays.com\/de\/wp-json\/wp\/v2\/comments?post=568851"}],"version-history":[{"count":0,"href":"https:\/\/www.europesays.com\/de\/wp-json\/wp\/v2\/posts\/568851\/revisions"}],"wp:featuredmedia":[{"embeddable":true,"href":"https:\/\/www.europesays.com\/de\/wp-json\/wp\/v2\/media\/568852"}],"wp:attachment":[{"href":"https:\/\/www.europesays.com\/de\/wp-json\/wp\/v2\/media?parent=568851"}],"wp:term":[{"taxonomy":"category","embeddable":true,"href":"https:\/\/www.europesays.com\/de\/wp-json\/wp\/v2\/categories?post=568851"},{"taxonomy":"post_tag","embeddable":true,"href":"https:\/\/www.europesays.com\/de\/wp-json\/wp\/v2\/tags?post=568851"}],"curies":[{"name":"wp","href":"https:\/\/api.w.org\/{rel}","templated":true}]}}