{"id":569421,"date":"2025-11-12T04:32:24","date_gmt":"2025-11-12T04:32:24","guid":{"rendered":"https:\/\/www.europesays.com\/de\/569421\/"},"modified":"2025-11-12T04:32:24","modified_gmt":"2025-11-12T04:32:24","slug":"anfragen-ohne-ende-eisbach-surf-club-erlebt-turbulente-tage","status":"publish","type":"post","link":"https:\/\/www.europesays.com\/de\/569421\/","title":{"rendered":"Anfragen ohne Ende: Eisbach-Surf-Club erlebt turbulente Tage"},"content":{"rendered":"<p>Was ist der richtige Weg zur Welle? Derzeit ist man auf dem Holzweg: Surfer mit jahrzehntelanger Eisbach-Erfahrung fordern nun eine Holzrampe.<\/p>\n<p>Martin Gr\u00fcn ist Pr\u00e4sident des Surf Clubs M\u00fcnchen. Der Verein ver\u00f6ffentlichte ein Instagram-Video, das einen Surfer zeigt, der vergangene Woche nachts dank einer Holzrampe auf dem Eisbach surfte \u2013 illegal. Seit zwei Tagen kann sich der Club kaum mehr vor Anfragen retten und hat nun eine Pressestelle.<\/p>\n<p>Die M\u00fcnchner Surfszene glaubt an eine z\u00fcgige L\u00f6sung<\/p>\n<p>Dabei sei die Surferschaft eigentlich medienscheu. &#8222;Wir sind ein loser Haufen engagierter Sportler. Keine pers\u00f6nlichen Darsteller&#8220;, so Gr\u00fcn zur AZ.<\/p>\n<p>Das sieht auch Surfer Alex Neumann so. Er ist beim Treffen zwischen Stadt und Surfern an diesem Mittwoch dabei. Neumann ist &#8222;zuversichtlich, was die n\u00e4chste Ma\u00dfnahme angeht&#8220;. Die geplante Kieszufuhr sei simpel durchf\u00fchrbar. Aber: &#8222;Wir Surfer fordern zudem eine dauerhafte Rampe. Die macht die Welle viel leichter surfbar.&#8220;<\/p>\n<p>Jetzt hei\u00dft es: Auf Holz klopfen!<\/p>\n<p>Kostenlosen Kies bietet die Firma &#8222;Gebr\u00fcder Klarwein&#8220; an, eine Holzrampe hat die Surf-Community f\u00fcr ihre illegale, n\u00e4chtliche Surf-Aktion auch schon gezimmert. Jetzt hei\u00dft es: Auf Holz zu klopfen, dass Stadt und Surfer eine gemeinsame L\u00f6sung finden.<\/p>\n","protected":false},"excerpt":{"rendered":"Was ist der richtige Weg zur Welle? Derzeit ist man auf dem Holzweg: Surfer mit jahrzehntelanger Eisbach-Erfahrung fordern&hellip;\n","protected":false},"author":2,"featured_media":569422,"comment_status":"","ping_status":"","sticky":false,"template":"","format":"standard","meta":{"footnotes":""},"categories":[1827],"tags":[772,21702,29,23049,25027,30,21323,1268,8410,26908,13205],"class_list":{"0":"post-569421","1":"post","2":"type-post","3":"status-publish","4":"format-standard","5":"has-post-thumbnail","7":"category-muenchen","8":"tag-bayern","9":"tag-community","10":"tag-deutschland","11":"tag-eisbach","12":"tag-eisbachwelle","13":"tag-germany","14":"tag-kult","15":"tag-muenchen","16":"tag-surfen","17":"tag-surfer","18":"tag-szene"},"share_on_mastodon":{"url":"https:\/\/pubeurope.com\/@de\/115534859202811626","error":""},"_links":{"self":[{"href":"https:\/\/www.europesays.com\/de\/wp-json\/wp\/v2\/posts\/569421","targetHints":{"allow":["GET"]}}],"collection":[{"href":"https:\/\/www.europesays.com\/de\/wp-json\/wp\/v2\/posts"}],"about":[{"href":"https:\/\/www.europesays.com\/de\/wp-json\/wp\/v2\/types\/post"}],"author":[{"embeddable":true,"href":"https:\/\/www.europesays.com\/de\/wp-json\/wp\/v2\/users\/2"}],"replies":[{"embeddable":true,"href":"https:\/\/www.europesays.com\/de\/wp-json\/wp\/v2\/comments?post=569421"}],"version-history":[{"count":0,"href":"https:\/\/www.europesays.com\/de\/wp-json\/wp\/v2\/posts\/569421\/revisions"}],"wp:featuredmedia":[{"embeddable":true,"href":"https:\/\/www.europesays.com\/de\/wp-json\/wp\/v2\/media\/569422"}],"wp:attachment":[{"href":"https:\/\/www.europesays.com\/de\/wp-json\/wp\/v2\/media?parent=569421"}],"wp:term":[{"taxonomy":"category","embeddable":true,"href":"https:\/\/www.europesays.com\/de\/wp-json\/wp\/v2\/categories?post=569421"},{"taxonomy":"post_tag","embeddable":true,"href":"https:\/\/www.europesays.com\/de\/wp-json\/wp\/v2\/tags?post=569421"}],"curies":[{"name":"wp","href":"https:\/\/api.w.org\/{rel}","templated":true}]}}