{"id":569516,"date":"2025-11-12T05:27:14","date_gmt":"2025-11-12T05:27:14","guid":{"rendered":"https:\/\/www.europesays.com\/de\/569516\/"},"modified":"2025-11-12T05:27:14","modified_gmt":"2025-11-12T05:27:14","slug":"auch-akteure-aus-der-sueperlig-mehr-als-1-000-fussballer-im-tuerkischen-wettskandal-gesperrt","status":"publish","type":"post","link":"https:\/\/www.europesays.com\/de\/569516\/","title":{"rendered":"Auch Akteure aus der S\u00fcperLig: Mehr als 1.000 Fu\u00dfballer im t\u00fcrkischen Wettskandal gesperrt"},"content":{"rendered":"<p>            <img loading=\"lazy\" decoding=\"async\" class=\"ts-image\" src=\"https:\/\/www.europesays.com\/de\/wp-content\/uploads\/2025\/11\/fussball-tuerkei-wettskandal-100.jpg\" alt=\"Das Wappen des t\u00fcrkischen Fussball-Bundes mit einer Fahne und roter Karte\" title=\"Das Wappen des t\u00fcrkischen Fussball-Bundes mit einer Fahne und roter Karte | sportschau\"\/><\/p>\n<p class=\"metatextline\">Stand: 11.11.2025 14:55 Uhr<\/p>\n<p class=\"textabsatz columns twelve  m-ten  m-offset-one l-eight l-offset-two\">\n        <strong>Der Wettskandal im t\u00fcrkischen Fu\u00dfball weitet sich immer mehr aus. Nun sind 1.024 Spieler vor\u00fcbergehend gesperrt worden &#8211; auch aus der S\u00fcperLig.<\/strong>\n    <\/p>\n<p class=\"textabsatz m-ten m-offset-one l-eight l-offset-two columns twelve\">Die F\u00e4lle seien wegen mutma\u00dflicher Verwicklung in Wettbetrug an die Disziplinarkommission f\u00fcr den Profifu\u00dfball verwiesen worden, hie\u00df es in einer Erkl\u00e4rung des t\u00fcrkischen Fu\u00dfballverbands (TFF) von Montagabend. Demzufolge sind auch 27 Spieler der t\u00fcrkischen Superlig betroffen, darunter Profis der Spitzenklubs Galatasaray Istanbul und Besiktas. Die Fu\u00dfballer k\u00f6nnten nicht spielen, bis die Ma\u00dfnahme wieder aufgehoben werde, hie\u00df es auf Anfrage von der TFF.<\/p>\n<p class=\"textabsatz m-ten m-offset-one l-eight l-offset-two columns twelve\">Zuvor hatte ein Gericht in Istanbul Haftbefehl gegen acht Verd\u00e4chtige erlassen &#8211; gegen mehrere Schiedsrichter, aber auch gegen den Pr\u00e4sidenten des Erstligisten Ey\u00fcpspor, Murat \u00d6zkaya. Elf weitere Personen waren unter Auflagen freigelassen worden. Ihnen wird unter anderem Amtsmissbrauch und Wettbewerbsmanipulation vorgeworfen.\u00a0<\/p>\n<p>    Schiedsrichter sollen Wetten platziert haben<\/p>\n<p class=\"textabsatz m-ten m-offset-one l-eight l-offset-two columns twelve\">Der t\u00fcrkische Fu\u00dfballverband (TFF) hatte Ende Oktober Vorw\u00fcrfe bekannt gemacht, laut denen insgesamt 152 Unparteiische aktiv Wetten platziert haben sollen. Der TFF hat mittlerweile 149 Schiedsrichter und Assistenten f\u00fcr Zeitr\u00e4ume zwischen acht und zw\u00f6lf Monaten suspendiert.<\/p>\n<p class=\"textabsatz m-ten m-offset-one l-eight l-offset-two columns twelve\">In einer gemeinsamen Erkl\u00e4rung bezeichneten die betroffenen Schiedsrichter die Vorw\u00fcrfe als &#8222;emp\u00f6rend&#8220;. Keiner von ihnen habe je auf Partien gesetzt, die er selbst gepfiffen habe, hie\u00df es weiter. Einige gaben an, ihre Wettaktivit\u00e4ten h\u00e4tten sich auf Zeiten als Amateur-Referees beschr\u00e4nkt.<\/p>\n","protected":false},"excerpt":{"rendered":"Stand: 11.11.2025 14:55 Uhr Der Wettskandal im t\u00fcrkischen Fu\u00dfball weitet sich immer mehr aus. Nun sind 1.024 Spieler&hellip;\n","protected":false},"author":2,"featured_media":569517,"comment_status":"","ping_status":"","sticky":false,"template":"","format":"standard","meta":{"footnotes":""},"categories":[5],"tags":[331,332,3364,29,347,30,13,14,15,12,56796],"class_list":{"0":"post-569516","1":"post","2":"type-post","3":"status-publish","4":"format-standard","5":"has-post-thumbnail","7":"category-nachrichten","8":"tag-aktuelle-nachrichten","9":"tag-aktuelle-news","10":"tag-de","11":"tag-deutschland","12":"tag-fussball","13":"tag-germany","14":"tag-headlines","15":"tag-nachrichten","16":"tag-news","17":"tag-schlagzeilen","18":"tag-sueper-lig"},"share_on_mastodon":{"url":"https:\/\/pubeurope.com\/@de\/115535075597538300","error":""},"_links":{"self":[{"href":"https:\/\/www.europesays.com\/de\/wp-json\/wp\/v2\/posts\/569516","targetHints":{"allow":["GET"]}}],"collection":[{"href":"https:\/\/www.europesays.com\/de\/wp-json\/wp\/v2\/posts"}],"about":[{"href":"https:\/\/www.europesays.com\/de\/wp-json\/wp\/v2\/types\/post"}],"author":[{"embeddable":true,"href":"https:\/\/www.europesays.com\/de\/wp-json\/wp\/v2\/users\/2"}],"replies":[{"embeddable":true,"href":"https:\/\/www.europesays.com\/de\/wp-json\/wp\/v2\/comments?post=569516"}],"version-history":[{"count":0,"href":"https:\/\/www.europesays.com\/de\/wp-json\/wp\/v2\/posts\/569516\/revisions"}],"wp:featuredmedia":[{"embeddable":true,"href":"https:\/\/www.europesays.com\/de\/wp-json\/wp\/v2\/media\/569517"}],"wp:attachment":[{"href":"https:\/\/www.europesays.com\/de\/wp-json\/wp\/v2\/media?parent=569516"}],"wp:term":[{"taxonomy":"category","embeddable":true,"href":"https:\/\/www.europesays.com\/de\/wp-json\/wp\/v2\/categories?post=569516"},{"taxonomy":"post_tag","embeddable":true,"href":"https:\/\/www.europesays.com\/de\/wp-json\/wp\/v2\/tags?post=569516"}],"curies":[{"name":"wp","href":"https:\/\/api.w.org\/{rel}","templated":true}]}}