{"id":569761,"date":"2025-11-12T08:12:24","date_gmt":"2025-11-12T08:12:24","guid":{"rendered":"https:\/\/www.europesays.com\/de\/569761\/"},"modified":"2025-11-12T08:12:24","modified_gmt":"2025-11-12T08:12:24","slug":"tanzen-trommeln-schlemmen-und-staunen","status":"publish","type":"post","link":"https:\/\/www.europesays.com\/de\/569761\/","title":{"rendered":"Tanzen, Trommeln, Schlemmen und Staunen"},"content":{"rendered":"<p>\t\t\tAfrika-Festival im Weltecho: Tanzen, Trommeln, Schlemmen und Staunen<br \/>\n\t\t\t\t\t\t\t\t\t\t\t\tKukaye Moto l\u00e4dt zum vierten Afrika-Festival in Chemnitz<\/p>\n<p>Von Steffi Hofmann<\/p>\n<p>\t\t\t\t12.11.2025, 09:00 Uhr<\/p>\n<p>\t\t\t\t<a id=\"whatsapp_channel_link\" href=\"https:\/\/whatsapp.com\/channel\/0029Va6RBvnLY6dCNLfeAA0c\" data-ct=\"SHARE\/WHATSAPPKANAL\" target=\"_blank\" rel=\"noopener\"><br \/>\n\t\t\t\t\t<img decoding=\"async\" alt=\"Zum Blick WhatsApp Kanal\" src=\"https:\/\/www.blick.de\/img\/WhatsApp-Kanal.svg\"\/><br \/>\n\t\t\t\t<\/a><\/p>\n<ul class=\"gallery-items\">\n<li class=\"img gallery-item\">\n<p>\t\t\t\t\t\t\t\t\t\t\t\t\t\t\t\t\t\t\t\t\t\t\t\t\t\t\t\t\t\t\t\t\t\t\t\t\t\t\t\t\t\t        \t\t\t\t<img decoding=\"async\" class=\"media-image \" loading=\"eager\" src=\"https:\/\/www.europesays.com\/de\/wp-content\/uploads\/2025\/11\/17562602_W400C2040x1360o0x0.jpg\" alt=\"Afrika-Festival im Weltecho: Tanzen, Trommeln, Schlemmen und Staunen - Ob Afro-Jazz, Reggae oder traditionelle Rhythmen \u2013 das musikalische Programm l\u00e4dt zum Tanzen, Staunen und Mitf\u00fchlen ein.\"   style=\"&#10;&#9;&#9;&#9;aspect-ratio:2040\/1360;&#10;&#9;&#9;&#9;background: url(data:image\/jpg;base64,\/9j\/4AAQSkZJRgABAQEASABIAAD\/2wBDAAUDBAQEAwUEBAQFBQUGBwwIBwcHBw8LCwkMEQ8SEhEPERETFhwXExQaFRERGCEYGh0dHx8fExciJCIeJBweHx7\/2wBDAQUFBQcGBw4ICA4eFBEUHh4eHh4eHh4eHh4eHh4eHh4eHh4eHh4eHh4eHh4eHh4eHh4eHh4eHh4eHh4eHh4eHh7\/wAARCAAHAAoDASIAAhEBAxEB\/8QAFgABAQEAAAAAAAAAAAAAAAAAAAYH\/8QAIRAAAgEDAwUAAAAAAAAAAAAAAQMEAAIRBRIhFCJRYbH\/xAAUAQEAAAAAAAAAAAAAAAAAAAAE\/8QAGhEBAAIDAQAAAAAAAAAAAAAAAQIRAAMhYf\/aAAwDAQACEQMRAD8Az6RpUaQ6ZchSEqTKF9t4ByAF3HbgAc7SeRj5U3Ia7T5DIGZJ6a8p52Z7Tj34pSgiwQu7Lxs5G3qBXOeZ\/9k=) no-repeat left top; background-size: cover;&#9;&#9;&#9;width: 100%;&#9;&#9;\"\/><\/p>\n<p>\n\t\t\t\t\t\t\t\t\tOb Afro-Jazz, Reggae oder traditionelle Rhythmen \u2013 das musikalische Programm l\u00e4dt zum Tanzen, Staunen und Mitf\u00fchlen ein. Foto: Steffi Hofmann\n\t\t\t\t\t\t\t\t<\/p>\n<\/li>\n<li class=\"img gallery-item\">\n<p>\t\t\t\t\t\t\t\t\t\t\t\t\t\t\t\t\t\t\t\t\t\t\t\t\t\t\t\t\t\t\t\t\t\t\t\t\t        \t\t\t\t<img decoding=\"async\" class=\"media-image \" loading=\"lazy\" src=\"https:\/\/www.europesays.com\/de\/wp-content\/uploads\/2025\/11\/17562606_W400C2040x1360o0x0.jpg\" alt=\"Afrika-Festival im Weltecho: Tanzen, Trommeln, Schlemmen und Staunen - Highlights sind die charismatische S\u00e4ngerin Tita Nzebi aus Gabun mit ihren Liedern \u00fcber Identit\u00e4t und Freiheit sowie die energiegeladene Steven Ouma Band aus Kenia. Verschiedene DJs wie DJ Dirk Duske, DJ Sheriff, DJ RootsShoweSoundsystem und special Guests sind ebenso vor Ort.\"   style=\"&#10;&#9;&#9;&#9;aspect-ratio:2040\/1360;&#10;&#9;&#9;&#9;background: url(data:image\/jpg;base64,\/9j\/4AAQSkZJRgABAQEASABIAAD\/2wBDAAUDBAQEAwUEBAQFBQUGBwwIBwcHBw8LCwkMEQ8SEhEPERETFhwXExQaFRERGCEYGh0dHx8fExciJCIeJBweHx7\/2wBDAQUFBQcGBw4ICA4eFBEUHh4eHh4eHh4eHh4eHh4eHh4eHh4eHh4eHh4eHh4eHh4eHh4eHh4eHh4eHh4eHh4eHh7\/wAARCAAHAAoDASIAAhEBAxEB\/8QAFgABAQEAAAAAAAAAAAAAAAAAAAMG\/8QAIBAAAQMEAwEBAAAAAAAAAAAAAQIDIQAEBREGEiIWJP\/EABUBAQEAAAAAAAAAAAAAAAAAAAID\/8QAHxEBAAEEAQUAAAAAAAAAAAAAASEAAgMRBAUUMUFR\/9oADAMBAAIRAxEAPwDJ8rtOLZfPW7Fvg20Lvy28y+CeyFrA8HZkzsE+Y1EVf4vnNz+hrJ2yW3faU9taBkDQgUpUebj7bLdZYuhSVYGJZp9P1n49t2QF0evpPiv\/2Q==) no-repeat left top; background-size: cover;&#9;&#9;&#9;width: 100%;&#9;&#9;\"\/><\/p>\n<p>\n\t\t\t\t\t\t\t\t\tHighlights sind die charismatische S\u00e4ngerin Tita Nzebi aus Gabun mit ihren Liedern \u00fcber Identit\u00e4t und Freiheit sowie die energiegeladene Steven Ouma Band aus Kenia. Verschiedene DJs wie DJ Dirk Duske, DJ Sheriff, DJ RootsShoweSoundsystem und special Guests sind ebenso vor Ort. Foto: Steffi Hofmann\n\t\t\t\t\t\t\t\t<\/p>\n<\/li>\n<\/ul>\n<p>1\/2<\/p>\n<p>\t\t\t\t\t\t\t\t\t\t\t\t\t\t\t\t\t\t\t\t\t\t\t\t\t\t\t\t\t\t<b class=\"ortsmarke\">Chemnitz.<\/b>\u00a0<\/p>\n<p>Am Samstag, 15. November, verwandelt sich das <a href=\"https:\/\/www.blick.de\/thema\/ort\/weltecho-chemnitz\" title=\"Weltecho\" class=\"internal-article-link\" data-ct=\"ENTITY\/LOCATION\/WELTECHO\" target=\"_blank\" rel=\"noopener\">Weltecho<\/a> in ein farbenfrohes Zentrum afrikanischer Kultur: Der Verein Kukaye Moto Culture Center l\u00e4dt zum vierten Kukaye Moto Afrika-Festival New Chemnitz ein \u2013 einem Fest der Musik, Begegnung und der kulturellen Vielfalt. Musiker und K\u00fcnstler aus ganz Afrika wollen am Samstag den Reichtum und die Lebendigkeit des Kontinents auf die B\u00fchne bringen. Ob Afro-Jazz, Reggae oder traditionelle Rhythmen \u2013 das musikalische Programm l\u00e4dt zum Tanzen, Staunen und Mitf\u00fchlen ein. Highlights sind die charismatische S\u00e4ngerin Tita Nzebi aus Gabun mit ihren Liedern \u00fcber Identit\u00e4t und Freiheit sowie die energiegeladene Steven Ouma Band aus <a href=\"https:\/\/www.blick.de\/thema\/ort\/kenia\" title=\"Kenia\" class=\"internal-article-link\" data-ct=\"ENTITY\/LOCATION\/KENIA\" target=\"_blank\" rel=\"noopener\">Kenia<\/a>. Verschiedene DJs wie DJ Dirk Duske, DJ Sheriff, DJ RootsShoweSoundsystem und special Guests sind ebenso vor Ort.<\/p>\n<p>\t\t\t\t\t\t\t\t\t\t\t\t\t\t\t\t\t\tBasar und Mitmachangebote<\/p>\n<p>Ein bunter Basar mit handgefertigtem Schmuck, afrikanischen Accessoires und kulinarischen Spezialit\u00e4ten l\u00e4dt zum Entdecken ein. Im Caf\u00e9 sollen R\u00e4ume entstehen f\u00fcr Begegnung und Austausch &#8211; beim Trommelworkshop mit Arba Manillah und Tanzworkshops, Akrobatik und einer farbenfrohen Modenschau. Auch die kleinen G\u00e4ste kommen auf ihre Kosten: Kinderschminken, Bastelaktionen und Mitmachangebote sollen das Festival zu einem Erlebnis f\u00fcr die ganze Familie machen.<\/p>\n<p>\t\t\t\t\t\t\t\t\t\t\t\t\t\t\t\t\t\tKulinarische Weltreise<\/p>\n<p>Die Festivalbesucher erwartet schlie\u00dflich auch eine geschmackliche Weltreise. Mit dabei: \u201eJambo Exotic Kenyan Food\u201c, Dabo aus Westafrika und Casa\u2018D aus Nordafrika. Der w\u00fcrzige Arba-Manillah-Drink sorgt f\u00fcr wohlige W\u00e4rme und afrikanisches Flair.<\/p>\n<p>\t\t\t\t\t\t\t\t\t\t\t\t\t\t\t\t\t\tEngagement f\u00fcr Austausch und Dialog<\/p>\n<p>Der Verein Kukaye Moto Culture Center engagiert sich seit Jahren f\u00fcr interkulturellen Austausch und gesellschaftlichen Dialog. Mit dem Afrika-Festival schafft der Verein einen Raum, in dem Menschen zusammenkommen, Br\u00fccken gebaut und Horizonte erweitert werden. Zum ersten Mal findet das Festival im Weltecho statt.<\/p>\n","protected":false},"excerpt":{"rendered":"Afrika-Festival im Weltecho: Tanzen, Trommeln, Schlemmen und Staunen Kukaye Moto l\u00e4dt zum vierten Afrika-Festival in Chemnitz Von Steffi&hellip;\n","protected":false},"author":2,"featured_media":569762,"comment_status":"","ping_status":"","sticky":false,"template":"","format":"standard","meta":{"footnotes":""},"categories":[1851],"tags":[2770,3364,29,548,663,3934,30,13,14,15,859,12,3866],"class_list":{"0":"post-569761","1":"post","2":"type-post","3":"status-publish","4":"format-standard","5":"has-post-thumbnail","7":"category-chemnitz","8":"tag-chemnitz","9":"tag-de","10":"tag-deutschland","11":"tag-eu","12":"tag-europa","13":"tag-europe","14":"tag-germany","15":"tag-headlines","16":"tag-nachrichten","17":"tag-news","18":"tag-sachsen","19":"tag-schlagzeilen","20":"tag-veranstaltungen"},"share_on_mastodon":{"url":"https:\/\/pubeurope.com\/@de\/115535724790997013","error":""},"_links":{"self":[{"href":"https:\/\/www.europesays.com\/de\/wp-json\/wp\/v2\/posts\/569761","targetHints":{"allow":["GET"]}}],"collection":[{"href":"https:\/\/www.europesays.com\/de\/wp-json\/wp\/v2\/posts"}],"about":[{"href":"https:\/\/www.europesays.com\/de\/wp-json\/wp\/v2\/types\/post"}],"author":[{"embeddable":true,"href":"https:\/\/www.europesays.com\/de\/wp-json\/wp\/v2\/users\/2"}],"replies":[{"embeddable":true,"href":"https:\/\/www.europesays.com\/de\/wp-json\/wp\/v2\/comments?post=569761"}],"version-history":[{"count":0,"href":"https:\/\/www.europesays.com\/de\/wp-json\/wp\/v2\/posts\/569761\/revisions"}],"wp:featuredmedia":[{"embeddable":true,"href":"https:\/\/www.europesays.com\/de\/wp-json\/wp\/v2\/media\/569762"}],"wp:attachment":[{"href":"https:\/\/www.europesays.com\/de\/wp-json\/wp\/v2\/media?parent=569761"}],"wp:term":[{"taxonomy":"category","embeddable":true,"href":"https:\/\/www.europesays.com\/de\/wp-json\/wp\/v2\/categories?post=569761"},{"taxonomy":"post_tag","embeddable":true,"href":"https:\/\/www.europesays.com\/de\/wp-json\/wp\/v2\/tags?post=569761"}],"curies":[{"name":"wp","href":"https:\/\/api.w.org\/{rel}","templated":true}]}}