{"id":570001,"date":"2025-11-12T11:43:14","date_gmt":"2025-11-12T11:43:14","guid":{"rendered":"https:\/\/www.europesays.com\/de\/570001\/"},"modified":"2025-11-12T11:43:14","modified_gmt":"2025-11-12T11:43:14","slug":"bootet-linke-mehrheit-die-cdu-im-stadtbezirk-1-aus","status":"publish","type":"post","link":"https:\/\/www.europesays.com\/de\/570001\/","title":{"rendered":"Bootet linke Mehrheit die CDU im Stadtbezirk 1 aus?\u00a0"},"content":{"rendered":"<p class=\"text_ohne_einzug richtext text-em-55 !leading-serif mx-6 desktop:mx-0\"> Bei den Kommunalwahlen 2020 sammelten die Gr\u00fcnen in der Bezirksvertretung 1 etwas \u00fcberraschend die meisten Stimmen, hatten mit SPD und Linken eine hauchzarte Mehrheit, sodass der Weg frei war f\u00fcr die Gr\u00fcne Annette Klinke als Bezirksb\u00fcrgermeisterin. Die CDU, obwohl mit nur einem Sitz weniger vertreten als die Gr\u00fcnen, hatte das Nachsehen. Bei den Wahlen in diesem Jahr wurde dann der Spie\u00df umgedreht: Die Gr\u00fcnen verloren einen Sitz (jetzt 5), die CDU gewann einen dazu (nun 6) und w\u00e4hnten sich als Gewinner. \u201eDas kann man durchaus als Regierungsauftrag verstehen\u201c, sagte CDU-Fraktionschef Missagh Ghasemi nach der Wahl.<\/p>\n","protected":false},"excerpt":{"rendered":"Bei den Kommunalwahlen 2020 sammelten die Gr\u00fcnen in der Bezirksvertretung 1 etwas \u00fcberraschend die meisten Stimmen, hatten mit&hellip;\n","protected":false},"author":2,"featured_media":570002,"comment_status":"","ping_status":"","sticky":false,"template":"","format":"standard","meta":{"footnotes":""},"categories":[1831],"tags":[3364,29,3405,30,2013,95174,2180,37017,1209,24899],"class_list":{"0":"post-570001","1":"post","2":"type-post","3":"status-publish","4":"format-standard","5":"has-post-thumbnail","7":"category-duesseldorf","8":"tag-de","9":"tag-deutschland","10":"tag-duesseldorf","11":"tag-germany","12":"tag-gruene","13":"tag-klinke","14":"tag-linke","15":"tag-mehrheit","16":"tag-nordrhein-westfalen","17":"tag-stadtbezirk"},"share_on_mastodon":{"url":"https:\/\/pubeurope.com\/@de\/115536553990312423","error":""},"_links":{"self":[{"href":"https:\/\/www.europesays.com\/de\/wp-json\/wp\/v2\/posts\/570001","targetHints":{"allow":["GET"]}}],"collection":[{"href":"https:\/\/www.europesays.com\/de\/wp-json\/wp\/v2\/posts"}],"about":[{"href":"https:\/\/www.europesays.com\/de\/wp-json\/wp\/v2\/types\/post"}],"author":[{"embeddable":true,"href":"https:\/\/www.europesays.com\/de\/wp-json\/wp\/v2\/users\/2"}],"replies":[{"embeddable":true,"href":"https:\/\/www.europesays.com\/de\/wp-json\/wp\/v2\/comments?post=570001"}],"version-history":[{"count":0,"href":"https:\/\/www.europesays.com\/de\/wp-json\/wp\/v2\/posts\/570001\/revisions"}],"wp:featuredmedia":[{"embeddable":true,"href":"https:\/\/www.europesays.com\/de\/wp-json\/wp\/v2\/media\/570002"}],"wp:attachment":[{"href":"https:\/\/www.europesays.com\/de\/wp-json\/wp\/v2\/media?parent=570001"}],"wp:term":[{"taxonomy":"category","embeddable":true,"href":"https:\/\/www.europesays.com\/de\/wp-json\/wp\/v2\/categories?post=570001"},{"taxonomy":"post_tag","embeddable":true,"href":"https:\/\/www.europesays.com\/de\/wp-json\/wp\/v2\/tags?post=570001"}],"curies":[{"name":"wp","href":"https:\/\/api.w.org\/{rel}","templated":true}]}}