{"id":570114,"date":"2025-11-12T13:17:19","date_gmt":"2025-11-12T13:17:19","guid":{"rendered":"https:\/\/www.europesays.com\/de\/570114\/"},"modified":"2025-11-12T13:17:19","modified_gmt":"2025-11-12T13:17:19","slug":"endlager-in-deutschland-hier-koennte-unser-atommuell-lagern-news","status":"publish","type":"post","link":"https:\/\/www.europesays.com\/de\/570114\/","title":{"rendered":"Endlager in Deutschland: Hier k\u00f6nnte unser Atomm\u00fcll lagern | News"},"content":{"rendered":"<p>Wir haben personalisierte Videos f\u00fcr dich!<\/p>\n<p> Um mit Inhalten von Drittanbietern zu interagieren oder diese darzustellen, brauchen wir deine Zustimmung. <\/p>\n<p> externen Inhalt aktivieren  Um eingebettete Inhalte anzuzeigen, ist Ihre jederzeit widerrufliche Einwilligung (\u00fcber den Schalter oder \u00fcber &#8220; <a class=\"embed-placeholder__text-link\" href=\"#\" rel=\"noopener noreferrer\" title=\"Tracking widerrufen\"> Widerruf Tracking und Cookies<\/a> &#8220; am Seitenende) zur Verarbeitung personenbezogener Daten n\u00f6tig.  Dabei k\u00f6nnen Daten in Drittl\u00e4nder wie die USA \u00fcbermittelt werden (Art. 49 Abs. 1 lit. a DSGVO). Mit dem Aktivieren des Inhalts stimmen Sie zu. Weitere Infos finden Sie <a class=\"embed-placeholder__text-link\" href=\"#\" rel=\"noopener noreferrer\" title=\"Zu den Privatsph\u00e4re Einstellungen\"> hier<\/a>. <\/p>\n","protected":false},"excerpt":{"rendered":"Wir haben personalisierte Videos f\u00fcr dich! Um mit Inhalten von Drittanbietern zu interagieren oder diese darzustellen, brauchen wir&hellip;\n","protected":false},"author":2,"featured_media":570115,"comment_status":"","ping_status":"","sticky":false,"template":"","format":"standard","meta":{"footnotes":""},"categories":[2],"tags":[331,3924,332,3922,137400,1130,5029,772,3364,29,30,13,1351,14,3923,15,3921,137401,859,12,65583,861],"class_list":{"0":"post-570114","1":"post","2":"type-post","3":"status-publish","4":"format-standard","5":"has-post-thumbnail","7":"category-deutschland","8":"tag-aktuelle-nachrichten","9":"tag-aktuelle-nachrichten-aus-deutschland","10":"tag-aktuelle-news","11":"tag-aktuelle-news-aus-deutschland","12":"tag-atomendlager","13":"tag-atomkraftwerk","14":"tag-atommuelltransport","15":"tag-bayern","16":"tag-de","17":"tag-deutschland","18":"tag-germany","19":"tag-headlines","20":"tag-mecklenburg-vorpommern","21":"tag-nachrichten","22":"tag-nachrichten-aus-deutschland","23":"tag-news","24":"tag-news-aus-deutschland","25":"tag-radioaktiv","26":"tag-sachsen","27":"tag-schlagzeilen","28":"tag-seo-optimierungen-ct","29":"tag-thueringen"},"share_on_mastodon":{"url":"https:\/\/pubeurope.com\/@de\/115536923693023810","error":""},"_links":{"self":[{"href":"https:\/\/www.europesays.com\/de\/wp-json\/wp\/v2\/posts\/570114","targetHints":{"allow":["GET"]}}],"collection":[{"href":"https:\/\/www.europesays.com\/de\/wp-json\/wp\/v2\/posts"}],"about":[{"href":"https:\/\/www.europesays.com\/de\/wp-json\/wp\/v2\/types\/post"}],"author":[{"embeddable":true,"href":"https:\/\/www.europesays.com\/de\/wp-json\/wp\/v2\/users\/2"}],"replies":[{"embeddable":true,"href":"https:\/\/www.europesays.com\/de\/wp-json\/wp\/v2\/comments?post=570114"}],"version-history":[{"count":0,"href":"https:\/\/www.europesays.com\/de\/wp-json\/wp\/v2\/posts\/570114\/revisions"}],"wp:featuredmedia":[{"embeddable":true,"href":"https:\/\/www.europesays.com\/de\/wp-json\/wp\/v2\/media\/570115"}],"wp:attachment":[{"href":"https:\/\/www.europesays.com\/de\/wp-json\/wp\/v2\/media?parent=570114"}],"wp:term":[{"taxonomy":"category","embeddable":true,"href":"https:\/\/www.europesays.com\/de\/wp-json\/wp\/v2\/categories?post=570114"},{"taxonomy":"post_tag","embeddable":true,"href":"https:\/\/www.europesays.com\/de\/wp-json\/wp\/v2\/tags?post=570114"}],"curies":[{"name":"wp","href":"https:\/\/api.w.org\/{rel}","templated":true}]}}