{"id":570204,"date":"2025-11-12T14:44:16","date_gmt":"2025-11-12T14:44:16","guid":{"rendered":"https:\/\/www.europesays.com\/de\/570204\/"},"modified":"2025-11-12T14:44:16","modified_gmt":"2025-11-12T14:44:16","slug":"bau-der-a20-bei-bad-segeberg-kann-beginnen-bund-zieht-klage-zurueck","status":"publish","type":"post","link":"https:\/\/www.europesays.com\/de\/570204\/","title":{"rendered":"Bau der A20 bei Bad Segeberg kann beginnen: BUND zieht Klage zur\u00fcck"},"content":{"rendered":"<p>        <img decoding=\"async\" src=\"https:\/\/www.europesays.com\/de\/wp-content\/uploads\/2025\/11\/a20-116.webp\" alt=\"Eine Luftaufnahme von der Baustelle der Autobahn A20 nahe Bad Segeberg\" title=\"Eine Luftaufnahme von der Baustelle der Autobahn A20 nahe Bad Segeberg | NDR, Tobias Gellert\" class=\"responsive\"\/><\/p>\n<p>AUDIO: BUND und Land SH einigen sich bei Weiterbau A20 (1 Min)<\/p>\n<p>\n            Stand: 12.11.2025 15:28 Uhr<\/p>\n<p class=\"preface\">Das Land Schleswig-Holstein und die Umweltschutzorganisation BUND haben sich au\u00dfergerichtlich geeinigt: Ein zehn Kilometer langer A20-Abschnitt im Kreis Segeberg kann gebaut werden &#8211; mit besonderem Schutz f\u00fcr Flederm\u00e4use.<\/p>\n<p class=\"textauthor\">von Constantin Gill<\/p>\n<p class=\"\">Jetzt ist es amtlich: Der BUND zieht seine Klage beim Bundesverwaltungsgericht gegen die Baugenehmigung des A20-Abschnitts zwischen Weede und Wittenborn zur\u00fcck. Und im Gegenzug richtet das Land eine Stiftung f\u00fcr den Fledermausschutz ein. Mit 14 Millionen Euro Stiftungskapital. Eine entsprechende Vereinbarung haben Vertreter der Landesregierung und der Umweltverb\u00e4nde heute bei einem Termin bei der Autobahn- und Stra\u00dfenmeisterei Bad Segeberg unterzeichnet. BUND, NABU und Land hatten <a href=\"https:\/\/www.ndr.de\/nachrichten\/schleswig-holstein\/A20-Verbaende-und-Minister-wollen-wirklich-miteinander-reden,autobahn3708.html\" title=\"A20: Verb\u00e4nde und Minister wollen &quot;wirklich miteinander reden&quot;\" rel=\"nofollow noopener\" target=\"_blank\">seit dem Fr\u00fchjahr<\/a> Gespr\u00e4che gef\u00fchrt.<\/p>\n<p>    G\u00fcnther erhofft sich weniger Stau vor Bad Segeberg<\/p>\n<p class=\"\">Es geht um das Teilst\u00fcck der A20, das vor allem in und um Bad Segeberg f\u00fcr Entlastung sorgen soll. Nach 16 Jahren juristischen Tauziehens ist aus Sicht des Landes nun die letzte H\u00fcrde genommen. Der Bau soll demnach in der ersten H\u00e4lfte des kommenden Jahres starten.<\/p>\n<blockquote><p>\n        Unser Ziel ist es, dass ab 2031 weder die Pendlerinnen und Pendler, noch der G\u00fcterverkehr oder die G\u00e4ste der Karl-May-Spiele vor Bad Segeberg im Stau stehen.<\/p>\n<p>                Ministerpr\u00e4sident Daniel G\u00fcnther<\/p>\n<\/blockquote>\n<p>                    <a href=\"https:\/\/www.europesays.com\/de\/wp-content\/uploads\/2025\/11\/a20-120.webp\" class=\"zoomimage\" title=\"Bild vergr\u00f6\u00dfern\"><\/p>\n<p>        <img decoding=\"async\" src=\"https:\/\/www.europesays.com\/de\/wp-content\/uploads\/2025\/11\/a20-120.webp\" alt=\"B\u00fcrgermeister Toni K\u00f6ppen zeigt Vertrag zum Bau der A20 w\u00e4hrend Pressekonferenz\" title=\"Bad Segebergs B\u00fcrgermeister Toni K\u00f6ppen (parteilos) freut sich \u00fcber die Einigung, die heute besiegelt wurde.  | NDR, Tobias Gellert\" class=\"responsive\" loading=\"lazy\"\/><\/p>\n<p>                    <\/a><\/p>\n<p>                    Bad Segebergs B\u00fcrgermeister Toni K\u00f6ppen (parteilos) freut sich \u00fcber die Einigung, die heute besiegelt wurde. <\/p>\n<p class=\"\">Ministerpr\u00e4sident Daniel G\u00fcnther (CDU) h\u00e4tte sich zwar fr\u00fcher einen Weiterbau der A20 gew\u00fcnscht &#8211; schlie\u00dflich hatte er schon im Wahlkampf 2017 angek\u00fcndigt, die A20 fertig bauen zu wollen &#8211; er lobt aber die nun erfolgte Einigung. Sie zeige, &#8222;dass \u00d6kologie und \u00d6konomie sich in Einklang bringen lassen&#8220;. Zum Deal mit den Umweltverb\u00e4nden z\u00e4hlen neben der zugesagten Stiftung weitere Naturschutzprojekte, die der Bund finanziert. Der Umweltverband BUND ist nach wie vor kein Fan der A20, sieht die Sache aber pragmatisch: Mit der Einigung erreiche man mehr als mit einer Klage.<\/p>\n<blockquote><p>\n        Wir hoffen, dass eine kapitalstarke Fledermausstiftung in Landeshand mehr Sympathie f\u00fcr die bedrohten Tiere und ihre Bed\u00fcrfnisse schafft. (&#8230;) Ihre Flederm\u00e4use sind ein einzigartiger Schatz, mit dem Segeberg zuk\u00fcnftig deutlich mehr werben und ein weiteres Klientel neben Karl-May-Fans anziehen kann.<\/p>\n<p>                Ole Eggers, Landesgesch\u00e4ftsf\u00fchrer BUND SH <\/p>\n<\/blockquote>\n<p>    Finanzierung der A20 d\u00fcrfte stehen<\/p>\n<p>                    <a href=\"https:\/\/www.europesays.com\/de\/wp-content\/uploads\/2025\/11\/autobahn3704.webp\" class=\"zoomimage\" title=\"Bild vergr\u00f6\u00dfern\"><\/p>\n<p>        <img decoding=\"async\" src=\"https:\/\/www.europesays.com\/de\/wp-content\/uploads\/2025\/11\/autobahn3704.webp\" alt=\"Schleswig-Holsteins Wirtschaftsminister Claus Ruhe Madsen trifft sich mit Vertretern der Umweltverb\u00e4nde.\" title=\"M\u00e4rz 2025: Wirtschaftsminister Madsen startet Gespr\u00e4che mit den Umweltverb\u00e4nden. | NDR, Constantin Gill\" class=\"responsive\" loading=\"lazy\"\/><\/p>\n<p>                    <\/a><\/p>\n<p>                    M\u00e4rz 2025: Wirtschaftsminister Madsen startet Gespr\u00e4che mit den Umweltverb\u00e4nden.<\/p>\n<p class=\"\">Die Einigung kommt rechtzeitig vor der Verabschiedung des Bundeshaushalts: Das Projekt kann nach der Zustimmung des Kabinetts gestern noch eingebracht werden. Vom Bund kommen positive Signale: Bundesverkehrsminister Patrick Schnieder (CDU) hatte bereits zugesagt, Ma\u00dfnahmen zu finanzieren, f\u00fcr die es Baurecht gibt. Sein Haus plane, &#8222;Baufreigaben f\u00fcr alle Projekte, die baureif sind, sehr zeitnah zu erteilen, sobald sich der Haushalt konkretisiert hat. Dies gilt auch f\u00fcr die A20&#8220;, so Schnieder.<\/p>\n<p>    Weitere Schritte in Planung<\/p>\n<p class=\"\">Baurecht gibt es nicht nur f\u00fcr den Segeberger Teilabschnitt der A20, sondern auch f\u00fcr die Elbquerung nach Niedersachsen. F\u00fcr zwei weitere Abschnitte soll es in diesem und im n\u00e4chsten Jahr Planfeststellungsbeschl\u00fcsse geben. Antr\u00e4ge f\u00fcr weitere Teilstrecken sollen im zweiten Halbjahr 2027 folgen.<\/p>\n<p>    Jubel bei der Wirtschaft, SPD gie\u00dft Wasser in den Wein<\/p>\n<p class=\"\">Bei der Wirtschaft sorgt der Kompromiss f\u00fcr Erleichterung: UV Nord und IHK hoffen, dass der Weiterbau nun bald startet. Die Landes-CDU spricht von einem &#8222;historischen Tag f\u00fcr das wichtigste Verkehrsprojekt des Landes&#8220; und die Gr\u00fcnen-Fraktion sieht in der Einigung das &#8222;Potential, den Grundstein f\u00fcr eine neue Kultur der Zusammenarbeit zwischen Verkehrsministerium und Umweltverb\u00e4nden zu legen.&#8220; Die Opposition lobt zwar auch, dass es mit der A20 weitergehen soll. Allerdings sieht SPD-Vize Ulf K\u00e4mpfer keinen Grund zum Feiern: Denn die &#8222;massive Verz\u00f6gerung&#8220; der Planung wirke fort. Und er wirft der Landesregierung vor, &#8222;dem BUND sein Klagerecht auf Kosten der Schleswig-Holsteinischen Steuerzahler f\u00fcr 14 Millionen abzukaufen.&#8220;<\/p>\n<p>    FDP: Nach der Fledermaus ist vor der Haselmaus<\/p>\n<p class=\"\">Auch die FDP-Fraktion moniert: Die &#8222;jahrelange Blockadehaltung&#8220; der Umweltverb\u00e4nde sei belohnt worden. Fraktionschef Vogt rechnet damit, dass es bei den n\u00e4chsten Teilabschnitten weitere Klagen geben wird. &#8222;Da wird es dann vermutlich wieder um die Zwergschw\u00e4ne oder die Haselmaus gehen.&#8220; Kommende Woche wird sich der Landtag mit der Einigung zur A20 besch\u00e4ftigen: Die Koalitionsfraktionen von CDU und Gr\u00fcnen haben dazu eine aktuelle Stunde beantragt.<\/p>\n<p>        <img decoding=\"async\" src=\"https:\/\/www.europesays.com\/de\/wp-content\/uploads\/2025\/11\/azwanzig-104.webp\" alt=\"Ein Auto f\u00e4hrt an einem Hinweisschild vorbei auf die Autobahn 20\" title=\"Ein Auto f\u00e4hrt an einem Hinweisschild vorbei auf die Autobahn 20 | picture alliance\/dpa\" class=\"responsive\" loading=\"lazy\"\/><\/p>\n<p>Nach NDR Informationen soll eine Stiftung gegr\u00fcndet werden &#8211; in die SH mehrere Millionen Euro einbringen wird.<\/p>\n<p>        <img decoding=\"async\" src=\"https:\/\/www.europesays.com\/de\/wp-content\/uploads\/2025\/11\/baustelle-264.webp\" alt=\"Baustellenmarkierungen auf der Autobahn A20.\" title=\"Baustellenmarkierungen auf der Autobahn A20. | picture alliance\/dpa | Markus Scholz\" class=\"responsive\" loading=\"lazy\"\/><\/p>\n<p>Der Rechtsstreit um das Gel\u00e4nde eines Edeka-Marktes in Bad Segeberg ist beigelegt. Eine zweite Klage vom BUND bleibt bestehen.<\/p>\n<p>        <img decoding=\"async\" src=\"https:\/\/www.europesays.com\/de\/wp-content\/uploads\/2025\/11\/autobahn3702.webp\" alt=\"Schleswig-Holsteins Wirtschaftsminister Claus Ruhe Madsen trifft sich mit Vertretern der Umweltverb\u00e4nde.\" title=\"Schleswig-Holsteins Wirtschaftsminister Claus Ruhe Madsen trifft sich mit Vertretern der Umweltverb\u00e4nde. | NDR, Constantin Gill\" class=\"responsive\" loading=\"lazy\"\/><\/p>\n<p>Damit der Weiterbau kommen kann, hofft Wirtschaftsminister Madsen auf Kompromisse mit den Umweltverb\u00e4nden.<\/p>\n","protected":false},"excerpt":{"rendered":"AUDIO: BUND und Land SH einigen sich bei Weiterbau A20 (1 Min) Stand: 12.11.2025 15:28 Uhr Das Land&hellip;\n","protected":false},"author":2,"featured_media":570205,"comment_status":"","ping_status":"","sticky":false,"template":"","format":"standard","meta":{"footnotes":""},"categories":[5],"tags":[109724,5543,13,5544,1789,37428,14,15,12,7387,10,8,9,11,12031],"class_list":{"0":"post-570204","1":"post","2":"type-post","3":"status-publish","4":"format-standard","5":"has-post-thumbnail","7":"category-nachrichten","8":"tag-a20","9":"tag-autobahn","10":"tag-headlines","11":"tag-infrastruktur","12":"tag-klage","13":"tag-kreis-segeberg","14":"tag-nachrichten","15":"tag-news","16":"tag-schlagzeilen","17":"tag-strassenbau","18":"tag-top-news","19":"tag-top-meldungen","20":"tag-topmeldungen","21":"tag-topnews","22":"tag-umweltschutz"},"share_on_mastodon":{"url":"https:\/\/pubeurope.com\/@de\/115537266052861863","error":""},"_links":{"self":[{"href":"https:\/\/www.europesays.com\/de\/wp-json\/wp\/v2\/posts\/570204","targetHints":{"allow":["GET"]}}],"collection":[{"href":"https:\/\/www.europesays.com\/de\/wp-json\/wp\/v2\/posts"}],"about":[{"href":"https:\/\/www.europesays.com\/de\/wp-json\/wp\/v2\/types\/post"}],"author":[{"embeddable":true,"href":"https:\/\/www.europesays.com\/de\/wp-json\/wp\/v2\/users\/2"}],"replies":[{"embeddable":true,"href":"https:\/\/www.europesays.com\/de\/wp-json\/wp\/v2\/comments?post=570204"}],"version-history":[{"count":0,"href":"https:\/\/www.europesays.com\/de\/wp-json\/wp\/v2\/posts\/570204\/revisions"}],"wp:featuredmedia":[{"embeddable":true,"href":"https:\/\/www.europesays.com\/de\/wp-json\/wp\/v2\/media\/570205"}],"wp:attachment":[{"href":"https:\/\/www.europesays.com\/de\/wp-json\/wp\/v2\/media?parent=570204"}],"wp:term":[{"taxonomy":"category","embeddable":true,"href":"https:\/\/www.europesays.com\/de\/wp-json\/wp\/v2\/categories?post=570204"},{"taxonomy":"post_tag","embeddable":true,"href":"https:\/\/www.europesays.com\/de\/wp-json\/wp\/v2\/tags?post=570204"}],"curies":[{"name":"wp","href":"https:\/\/api.w.org\/{rel}","templated":true}]}}