{"id":570230,"date":"2025-11-12T15:00:12","date_gmt":"2025-11-12T15:00:12","guid":{"rendered":"https:\/\/www.europesays.com\/de\/570230\/"},"modified":"2025-11-12T15:00:12","modified_gmt":"2025-11-12T15:00:12","slug":"klima-aktivisten-muessen-3000-euro-zahlen","status":"publish","type":"post","link":"https:\/\/www.europesays.com\/de\/570230\/","title":{"rendered":"Klima-Aktivisten m\u00fcssen 3000 Euro zahlen"},"content":{"rendered":"<p class=\"mb-6 text-xs md:text-m lg:text-l font-serif group-[.font-sans]:font-sans \">\n    Nachdem der Dekan der Ulmer M\u00fcnstergemeinde zun\u00e4chst Strafantrag wegen Hausfriedensbruch gegen die <a href=\"https:\/\/www.augsburger-allgemeine.de\/orte\/aa-muenster\" target=\"_self\" class=\"underline \" rel=\"noopener\">M\u00fcnster<\/a>-Kletterer und eine Rechnung mit einer hohen vierstelligen Geldforderung gestellt hatte, kam es nun zu einer au\u00dfergerichtlichen Einigung, mit der alle Strafanzeigen und Schadenersatzforderungen vom Tisch sind. Das teilten die Aktivisten am Dienstag mit.\n  <\/p>\n<p class=\"mb-6 text-xs md:text-m lg:text-l font-serif group-[.font-sans]:font-sans \">\n    Drei junge Menschen waren Anfang Juli 2024 auf das Ulmer M\u00fcnster in 70 Meter H\u00f6he geklettert, mussten mit einer Hebeb\u00fchne heruntergeholt werden und wurden vorl\u00e4ufig festgenommen. Auch das SEK war im Einsatz. Die Kletterer hatten ein 100-Quadratmeter-Banner mit der Frage \u201eW\u00e4re Jesus Klimaaktivist?\u201c entrollt.\n  <\/p>\n<p>            Das Banner am Ulmer M\u00fcnster sorgte f\u00fcr Diskussionen<\/p>\n<p class=\"mb-6 text-xs md:text-m lg:text-l font-serif group-[.font-sans]:font-sans \">\n    Die Aktivisten weisen darauf hin, dass hinterher einige Kirchengemeinden in ganz Deutschland diese Frage selbst an ihre Kirchen h\u00e4ngten und Podiumsdiskussionen, Gespr\u00e4chsabende und Gottesdienste dazu organisierten.\n  <\/p>\n<p class=\"mb-6 text-xs md:text-m lg:text-l font-serif group-[.font-sans]:font-sans \">\n    Am Tag der verbotenen Aktion erkl\u00e4rte M\u00fcnster-Dekan Torsten Krannich: \u201eIch w\u00fcrde sagen, dass sich Jesus ohne Frage f\u00fcr den Schutz der Welt einsetzen w\u00fcrde.\u201c Aber er glaube nicht, dass Jesus zu radikalen Taten greifen w\u00fcrde. \u201eJesus w\u00fcrde nicht da hochklettern.\u201c\u00a0\n  <\/p>\n<p>            3000 Euro f\u00fcr die Hebeb\u00fchne und die Antwaltskosten<\/p>\n<p class=\"mb-6 text-xs md:text-m lg:text-l font-serif group-[.font-sans]:font-sans \">\n    Die nun gefundene au\u00dfergerichtliche Einigung beinhaltet, dass alle beteiligten Klimaaktivisten in Zukunft keine Banner mehr an das Ulmer M\u00fcnster h\u00e4ngen, das Bild der Aktion von ihrer Website nehmen und 3000 Euro f\u00fcr die Hebeb\u00fchnenkosten und die Anwaltskosten der Ulmer Kirchen bezahlen. Im Gegenzug haben die Ulmer Kirchen laut Aktivisten alle Strafanzeigen und sonstigen Geldforderungen zur\u00fcckgenommen, damit sei die Sache juristisch beendet.\n  <\/p>\n<p class=\"mb-6 text-xs md:text-m lg:text-l font-serif group-[.font-sans]:font-sans \">\n    \u201eEs freut uns, dass wir uns jetzt wieder auf das wahre Problem der Klimakrise konzentrieren k\u00f6nnen, ohne uns von\u00a0l\u00e4stigen juristischen Streitereien ablenken zu lassen\u201c, erkl\u00e4rt der 22-j\u00e4hrige Klima-Kletterer Samuel Bosch. Die Aktivisten wollen versuchen, die 3000 Euro per Online-Crowdfunding zu bezahlen. (AZ)\n  <\/p>\n<ul data-module-id=\"DragDropModule\" class=\"flex flex-wrap justify-start group-[.no-bookmarks]:hidden\">\n<li class=\"mb-3 mr-3\">\n    89073 Ulm<\/p>\n<p>      Icon Haken im Kreis gesetzt<\/p>\n<p>      Icon Plus im Kreis<\/p>\n<\/li>\n<li class=\"mb-3 mr-3\">\n    Geldforderung<\/p>\n<p>      Icon Haken im Kreis gesetzt<\/p>\n<p>      Icon Plus im Kreis<\/p>\n<\/li>\n<li class=\"mb-3 mr-3\">\n    Hausfriedensbruch<\/p>\n<p>      Icon Haken im Kreis gesetzt<\/p>\n<p>      Icon Plus im Kreis<\/p>\n<\/li>\n<\/ul>\n","protected":false},"excerpt":{"rendered":"Nachdem der Dekan der Ulmer M\u00fcnstergemeinde zun\u00e4chst Strafantrag wegen Hausfriedensbruch gegen die M\u00fcnster-Kletterer und eine Rechnung mit einer&hellip;\n","protected":false},"author":2,"featured_media":570231,"comment_status":"","ping_status":"","sticky":false,"template":"","format":"standard","meta":{"footnotes":""},"categories":[1843],"tags":[3364,29,137419,30,19187,8970,137418,1209,137421,137420],"class_list":{"0":"post-570230","1":"post","2":"type-post","3":"status-publish","4":"format-standard","5":"has-post-thumbnail","7":"category-muenster","8":"tag-de","9":"tag-deutschland","10":"tag-geldforderung","11":"tag-germany","12":"tag-hausfriedensbruch","13":"tag-muenster","14":"tag-muenstergemeinde","15":"tag-nordrhein-westfalen","16":"tag-samuel-bosch","17":"tag-torsten-krannich"},"share_on_mastodon":{"url":"https:\/\/pubeurope.com\/@de\/115537328404521589","error":""},"_links":{"self":[{"href":"https:\/\/www.europesays.com\/de\/wp-json\/wp\/v2\/posts\/570230","targetHints":{"allow":["GET"]}}],"collection":[{"href":"https:\/\/www.europesays.com\/de\/wp-json\/wp\/v2\/posts"}],"about":[{"href":"https:\/\/www.europesays.com\/de\/wp-json\/wp\/v2\/types\/post"}],"author":[{"embeddable":true,"href":"https:\/\/www.europesays.com\/de\/wp-json\/wp\/v2\/users\/2"}],"replies":[{"embeddable":true,"href":"https:\/\/www.europesays.com\/de\/wp-json\/wp\/v2\/comments?post=570230"}],"version-history":[{"count":0,"href":"https:\/\/www.europesays.com\/de\/wp-json\/wp\/v2\/posts\/570230\/revisions"}],"wp:featuredmedia":[{"embeddable":true,"href":"https:\/\/www.europesays.com\/de\/wp-json\/wp\/v2\/media\/570231"}],"wp:attachment":[{"href":"https:\/\/www.europesays.com\/de\/wp-json\/wp\/v2\/media?parent=570230"}],"wp:term":[{"taxonomy":"category","embeddable":true,"href":"https:\/\/www.europesays.com\/de\/wp-json\/wp\/v2\/categories?post=570230"},{"taxonomy":"post_tag","embeddable":true,"href":"https:\/\/www.europesays.com\/de\/wp-json\/wp\/v2\/tags?post=570230"}],"curies":[{"name":"wp","href":"https:\/\/api.w.org\/{rel}","templated":true}]}}