{"id":570318,"date":"2025-11-12T16:25:17","date_gmt":"2025-11-12T16:25:17","guid":{"rendered":"https:\/\/www.europesays.com\/de\/570318\/"},"modified":"2025-11-12T16:25:17","modified_gmt":"2025-11-12T16:25:17","slug":"berlin-brandenburg-a13-nach-lkw-brand-wieder-frei-erneute-sperrung-moeglich","status":"publish","type":"post","link":"https:\/\/www.europesays.com\/de\/570318\/","title":{"rendered":"Berlin &#038; Brandenburg: A13 nach Lkw-Brand wieder frei \u2013 Erneute Sperrung m\u00f6glich"},"content":{"rendered":"<p>Berlin &amp; BrandenburgA13 nach Lkw-Brand wieder frei \u2013 Erneute Sperrung m\u00f6glich<img decoding=\"async\" class=\"Image_img__fQCi0 Image_Img_16_9__4BLfH\" loading=\"eager\" fetchpriority=\"high\" src=\"https:\/\/www.europesays.com\/de\/wp-content\/uploads\/2025\/11\/Die-A13-in-Richtung-Berlin-ist-teilweise-wieder-freigegeben.webp.webp\" alt=\"Die-A13-in-Richtung-Berlin-ist-teilweise-wieder-freigegeben\"\/>TeilenFolgen auf:<a href=\"https:\/\/www.whatsapp.com\/channel\/0029Va5cdVJD8SDp5YZgYF01\" title=\"Auf WhatsApp folgen\" target=\"_blank\" rel=\"noopener\"><img decoding=\"async\" src=\"https:\/\/www.n-tv.de\/socialIcons\/whatsapp.svg\" alt=\"whatsapp\" class=\"ArticleShare_icon__FsrC2\"\/><\/a><a href=\"https:\/\/news.google.com\/publications\/CAAiEPMdif5mpRNxiLOeUpHCwwsqFAgKIhDzHYn-ZqUTcYiznlKRwsML?hl=de&amp;gl=DE&amp;ceid=DE%3Ade\" title=\"Auf Google News folgen\" target=\"_blank\" rel=\"noopener\"><img decoding=\"async\" src=\"https:\/\/www.n-tv.de\/socialIcons\/google.svg\" alt=\"whatsapp\" class=\"ArticleShare_icon__FsrC2\"\/><\/a><\/p>\n<p class=\"Typography_text-m__XI0da Typography_weight-bold__uT6mq storyline_lead_text_leadtext__q_wg8\">Nach dem Lkw-Brand auf der A13 rollen auf der linken Spur die Autos wieder \u2013 aber wie lange bleibt die Strecke offen? Warum es erneut zur Sperrung kommen kann.<\/p>\n<p class=\"Typography_text-default__P3otY Typography_weight-normal__pqUbH storyline_paragraph_p__qSR5N\">Mittenwalde (dpa\/bb) &#8211; Die A13 ist wegen eines Lkw-Brandes zwischen den Anschlussstellen Mittenwalde und Ragow in Richtung Berlin zun\u00e4chst wieder befahrbar. Seit dem Mittag sei die linke Fahrspur wieder freigegeben, es k\u00f6nne jedoch im Laufe des Tages erneut zu einer zeitweisen Sperrung im Zuge der Bergungsarbeiten kommen, teilte die Polizei mit.<\/p>\n<p class=\"Typography_text-default__P3otY Typography_weight-normal__pqUbH storyline_paragraph_p__qSR5N\">Ein Sattelauflieger eines Lastwagens war am Morgen in H\u00f6he der Ausfahrt Mittenwalde in Brand geraten, wie es von Polizei und Feuerwehr hie\u00df. Verletzt wurde niemand. Zur Brandursache gab es noch keine Informationen. Einsatzkr\u00e4fte der Feuerwehr waren vor Ort, um den Brand zu l\u00f6schen. Der Verkehr wurde \u00fcber die Anschlussstelle Gro\u00df K\u00f6ris umgeleitet. Bereits in der Nacht hatte ein Lkw auf der A113 in Berlin gebrannt. Diese ist seit dem Vormittag wieder freigegeben.<\/p>\n<p class=\"Typography_text-s__wu_cm Typography_weight-normal__pqUbH Typography_color-darkgrey__sZEnP article-detail-footer_source__KslPc\">Quelle: dpa<\/p>\n","protected":false},"excerpt":{"rendered":"Berlin &amp; BrandenburgA13 nach Lkw-Brand wieder frei \u2013 Erneute Sperrung m\u00f6glichTeilenFolgen auf: Nach dem Lkw-Brand auf der A13&hellip;\n","protected":false},"author":2,"featured_media":570319,"comment_status":"","ping_status":"","sticky":false,"template":"","format":"standard","meta":{"footnotes":""},"categories":[1816],"tags":[1960,1958,1959,1957,1956,1890,29,30],"class_list":{"0":"post-570318","1":"post","2":"type-post","3":"status-publish","4":"format-standard","5":"has-post-thumbnail","7":"category-brandenburg","8":"tag-aktuelle-nachrichten-aus-berlin-und-brandenburg","9":"tag-aktuelle-nachrichten-aus-brandenburg","10":"tag-aktuelle-news-aus-berlin-und-brandenburg","11":"tag-aktuelle-news-aus-brandenburg","12":"tag-berlin-und-brandenburg","13":"tag-brandenburg","14":"tag-deutschland","15":"tag-germany"},"share_on_mastodon":{"url":"https:\/\/pubeurope.com\/@de\/115537662963479334","error":""},"_links":{"self":[{"href":"https:\/\/www.europesays.com\/de\/wp-json\/wp\/v2\/posts\/570318","targetHints":{"allow":["GET"]}}],"collection":[{"href":"https:\/\/www.europesays.com\/de\/wp-json\/wp\/v2\/posts"}],"about":[{"href":"https:\/\/www.europesays.com\/de\/wp-json\/wp\/v2\/types\/post"}],"author":[{"embeddable":true,"href":"https:\/\/www.europesays.com\/de\/wp-json\/wp\/v2\/users\/2"}],"replies":[{"embeddable":true,"href":"https:\/\/www.europesays.com\/de\/wp-json\/wp\/v2\/comments?post=570318"}],"version-history":[{"count":0,"href":"https:\/\/www.europesays.com\/de\/wp-json\/wp\/v2\/posts\/570318\/revisions"}],"wp:featuredmedia":[{"embeddable":true,"href":"https:\/\/www.europesays.com\/de\/wp-json\/wp\/v2\/media\/570319"}],"wp:attachment":[{"href":"https:\/\/www.europesays.com\/de\/wp-json\/wp\/v2\/media?parent=570318"}],"wp:term":[{"taxonomy":"category","embeddable":true,"href":"https:\/\/www.europesays.com\/de\/wp-json\/wp\/v2\/categories?post=570318"},{"taxonomy":"post_tag","embeddable":true,"href":"https:\/\/www.europesays.com\/de\/wp-json\/wp\/v2\/tags?post=570318"}],"curies":[{"name":"wp","href":"https:\/\/api.w.org\/{rel}","templated":true}]}}