{"id":570395,"date":"2025-11-12T17:09:29","date_gmt":"2025-11-12T17:09:29","guid":{"rendered":"https:\/\/www.europesays.com\/de\/570395\/"},"modified":"2025-11-12T17:09:29","modified_gmt":"2025-11-12T17:09:29","slug":"us-militaer-vor-venezuela-planen-die-usa-einen-angriff-auf-venezuela","status":"publish","type":"post","link":"https:\/\/www.europesays.com\/de\/570395\/","title":{"rendered":"US-Milit\u00e4r vor Venezuela: Planen die USA einen Angriff auf Venezuela?"},"content":{"rendered":"<p class=\"paragraph article__item\">Die <a href=\"https:\/\/www.zeit.de\/politik\/ausland\/2025-10\/usa-venezuela-bombenangriffe-trump-rubio-maduro-drogen-gxe\" target=\"_blank\" rel=\"noopener\">US-Regierung<\/a> unter Pr\u00e4sident Donald Trump hat <a href=\"https:\/\/www.zeit.de\/politik\/ausland\/2025-11\/venezuela-usa-angriff-donald-trump-nicolas-maduro\/komplettansicht\" target=\"_blank\" rel=\"noopener\">weitere Streitkr\u00e4fte in die Karibik<\/a>\u00a0geschickt. Seit August sind zus\u00e4tzliche Soldaten, Kriegsschiffe und Kampfjets vor der venezolanischen K\u00fcste stationiert, darunter der <a href=\"https:\/\/www.zeit.de\/politik\/ausland\/2025-10\/usa-venezuela-spannungen-streitkraefte\" target=\"_blank\" rel=\"noopener\">Flugzeugtr\u00e4ger\u00a0USS Gerald R. Ford<\/a>. Ziel der Operation ist nach offiziellen Angaben die <a href=\"https:\/\/www.zeit.de\/2025\/46\/venezuela-us-militaer-donald-trump-drogenboote-gxe\" target=\"_blank\" rel=\"noopener\">Bek\u00e4mpfung des Drogenschmuggels<\/a>. Beobachter werten die zunehmende milit\u00e4rische Mobilisierung aber als m\u00f6gliches Signal f\u00fcr einen\u00a0<a href=\"https:\/\/www.zeit.de\/politik\/ausland\/2025-11\/usa-pete-hegseth-angriff-boot-drogen-karibik\" target=\"_blank\" rel=\"noopener\">bevorstehenden Angriff<\/a>\u00a0auf\u00a0<a href=\"https:\/\/www.zeit.de\/politik\/ausland\/2025-11\/venezuela-usa-maduro-militaer-mobilisierung-boote-bombenangriffe\" target=\"_blank\" rel=\"noopener\">Venezuela<\/a>. Eine milit\u00e4rische Aktion dieser Art w\u00e4re nach Einsch\u00e4tzung von <a href=\"https:\/\/www.zeit.de\/politik\/ausland\/2025-11\/frankreich-grossbritannien-besorgt-usa-karibik-luftschlaege\" target=\"_blank\" rel=\"noopener\">V\u00f6lkerrechtsexperten<\/a> jedoch rechtlich umstritten. In <a class=\"rtr-entity\" href=\"https:\/\/www.zeit.de\/thema\/venezuela\" target=\"_blank\" rel=\"noopener\">Venezuela<\/a> selbst sind die Reaktionen geteilt: Einige Menschen bef\u00fcrchten Chaos und Gewalt durch einen m\u00f6glichen Angriff, andere glauben, dass nur so ein politischer Wandel im Land m\u00f6glich wird. Wie sich die Lage vor Ort weiterentwickeln k\u00f6nnte, besprechen wir mit ZEIT-Redakteur\u00a0<a href=\"https:\/\/www.zeit.de\/autoren\/K\/Alexander_Kauschanski\/index\" target=\"_blank\" rel=\"noopener\">Alexander Kauschanski<\/a>.\n<\/p>\n<p class=\"paragraph article__item\">In <a class=\"rtr-entity\" href=\"https:\/\/www.zeit.de\/thema\/brandenburg\" target=\"_blank\" rel=\"noopener\">Brandenburg<\/a> haben vier Landtagsabgeordnete des <a href=\"https:\/\/www.zeit.de\/politik\/deutschland\/2025-11\/bsw-zukunft-sahra-wagenknecht-parteivorsitz-fuehrungsetage\" target=\"_blank\" rel=\"noopener\">B\u00fcndnis Sahra Wagenknecht (BSW)<\/a> die Partei verlassen. Jouleen Gruhn, Melanie Matzies, Andr\u00e9 von Ossowski und Reinhard Simon begr\u00fcndeten ihren Austritt mit &#8222;autorit\u00e4ren Tendenzen&#8220; und &#8222;radikalisierten Positionen&#8220; innerhalb <a href=\"https:\/\/www.zeit.de\/politik\/deutschland\/2025-11\/sahra-wagenknecht-bsw-rueckzug-parteivorsitz\" target=\"_blank\" rel=\"noopener\">des BSW<\/a>. Sie wollen jedoch parteilos in der Landtagsfraktion bleiben. Ausl\u00f6ser des Konflikts war ein <a href=\"https:\/\/www.zeit.de\/politik\/deutschland\/2025-11\/bsw-brandenburg-medienstaatsvertrag-gxe\" target=\"_blank\" rel=\"noopener\">Streit \u00fcber zwei Medienstaatsvertr\u00e4ge<\/a>. Mehrere BSW-Abgeordnete lehnen diese ab, weil sie eine st\u00e4rkere Reform und weniger staatliche Kontrolle beim Jugendmedienschutz fordern.\u00a0<a href=\"https:\/\/www.zeit.de\/politik\/deutschland\/2025-11\/sahra-wagenknecht-kandidiert-nicht-fuer-bsw-vorsitz\" target=\"_blank\" rel=\"noopener\">Sahra Wagenknecht<\/a> kritisierte den Austritt als &#8222;problematisch&#8220; und warf den Abgeordneten vor, sich von zentralen Parteipositionen zu distanzieren. <a href=\"https:\/\/www.zeit.de\/autoren\/N\/Martin_Nejezchleba\/index\" target=\"_blank\" rel=\"noopener\">Martin Nejezchleba<\/a>, Redakteur bei der ZEIT im Osten, ordnet ein, worum es in dem Streit genau geht.\u00a0\n<\/p>\n<p class=\"paragraph article__item\"><strong>Au\u00dferdem im Update:<\/strong>\u00a0Bei einem <a href=\"https:\/\/www.zeit.de\/gesellschaft\/zeitgeschehen\/2025-11\/libyen-bootsunglueck-kueste-mittelmeer-migranten-vermisst-gxe\" target=\"_blank\" rel=\"noopener\">Bootsungl\u00fcck vor der K\u00fcste Libyens<\/a>\u00a0sind nach Angaben der UN mehr als 40 Menschen ums Leben gekommen. Das Schlauchboot war am 3. November in Zuwara gestartet und kenterte vermutlich nach einem Motorschaden durch hohe Wellen. Insgesamt werden 42 Insassen vermisst. Libyen ist seit 2011 eine wichtige Transitroute f\u00fcr Migranten nach Europa. Nach UN-Angaben sind in diesem Jahr bereits \u00fcber 1.000 Menschen im zentralen Mittelmeer gestorben.\n<\/p>\n<p class=\"paragraph article__item\">\u00a0\n<\/p>\n<p class=\"paragraph article__item\">Und sonst so? <a href=\"https:\/\/www.tagesschau.de\/inland\/lindner-wechsel-autobranche-100.html\" target=\"_blank\" rel=\"noopener\">Christian Lindner hat einen neuen Job<\/a>.\n<\/p>\n<p class=\"paragraph article__item\">\u00a0\n<\/p>\n<p class=\"paragraph article__item\">Moderation und Produktion: <a href=\"https:\/\/www.zeit.de\/autoren\/S\/Helena_Schmidt\/index\" target=\"_blank\" rel=\"noopener\">Helena Schmidt<\/a>\n<\/p>\n<p class=\"paragraph article__item\">Mitarbeit:\u00a0<a href=\"https:\/\/www.zeit.de\/autoren\/R\/Celine-Yasemin_Rolle\/index\" target=\"_blank\" rel=\"noopener\">Celine Yasemin Rolle<\/a>\n<\/p>\n<p class=\"paragraph article__item\">Alle Folgen unseres Podcasts finden Sie\u00a0<a href=\"https:\/\/www.zeit.de\/was-jetzt\" target=\"_blank\" rel=\"noopener\">hier<\/a>. Fragen, Kritik, Anregungen? Sie erreichen uns unter\u00a0<a href=\"https:\/\/www.zeit.de\/politik\/2025-11\/mailto:wasjetzt@zeit.de\" target=\"_blank\" rel=\"noopener\">wasjetzt@zeit.de<\/a>.\n<\/p>\n<p class=\"paragraph article__item\">Wenn Sie immer auf dem Laufenden bleiben wollen, abonnieren Sie\u00a0<a href=\"https:\/\/www.whatsapp.com\/channel\/0029VaBT8La9mrGZuNla6q0Z\" target=\"_blank\" rel=\"noopener\">hier<\/a>\u00a0die ZEIT auf WhatsApp.<\/p>\n","protected":false},"excerpt":{"rendered":"Die US-Regierung unter Pr\u00e4sident Donald Trump hat weitere Streitkr\u00e4fte in die Karibik\u00a0geschickt. Seit August sind zus\u00e4tzliche Soldaten, Kriegsschiffe&hellip;\n","protected":false},"author":2,"featured_media":4586,"comment_status":"","ping_status":"","sticky":false,"template":"","format":"standard","meta":{"footnotes":""},"categories":[3977],"tags":[331,332,1890,13871,106,13,451,14,15,16,12,4017,4018,4016,137472,64,1700,4019,4020],"class_list":{"0":"post-570395","1":"post","2":"type-post","3":"status-publish","4":"format-standard","5":"has-post-thumbnail","7":"category-usa","8":"tag-aktuelle-nachrichten","9":"tag-aktuelle-news","10":"tag-brandenburg","11":"tag-buendnis-sahra-wagenknecht","12":"tag-donald-trump","13":"tag-headlines","14":"tag-militaer","15":"tag-nachrichten","16":"tag-news","17":"tag-politik","18":"tag-schlagzeilen","19":"tag-united-states","20":"tag-united-states-of-america","21":"tag-us","22":"tag-us-militaer-vor-venezuela","23":"tag-usa","24":"tag-venezuela","25":"tag-vereinigte-staaten","26":"tag-vereinigte-staaten-von-amerika"},"share_on_mastodon":{"url":"https:\/\/pubeurope.com\/@de\/115537835854544486","error":""},"_links":{"self":[{"href":"https:\/\/www.europesays.com\/de\/wp-json\/wp\/v2\/posts\/570395","targetHints":{"allow":["GET"]}}],"collection":[{"href":"https:\/\/www.europesays.com\/de\/wp-json\/wp\/v2\/posts"}],"about":[{"href":"https:\/\/www.europesays.com\/de\/wp-json\/wp\/v2\/types\/post"}],"author":[{"embeddable":true,"href":"https:\/\/www.europesays.com\/de\/wp-json\/wp\/v2\/users\/2"}],"replies":[{"embeddable":true,"href":"https:\/\/www.europesays.com\/de\/wp-json\/wp\/v2\/comments?post=570395"}],"version-history":[{"count":0,"href":"https:\/\/www.europesays.com\/de\/wp-json\/wp\/v2\/posts\/570395\/revisions"}],"wp:featuredmedia":[{"embeddable":true,"href":"https:\/\/www.europesays.com\/de\/wp-json\/wp\/v2\/media\/4586"}],"wp:attachment":[{"href":"https:\/\/www.europesays.com\/de\/wp-json\/wp\/v2\/media?parent=570395"}],"wp:term":[{"taxonomy":"category","embeddable":true,"href":"https:\/\/www.europesays.com\/de\/wp-json\/wp\/v2\/categories?post=570395"},{"taxonomy":"post_tag","embeddable":true,"href":"https:\/\/www.europesays.com\/de\/wp-json\/wp\/v2\/tags?post=570395"}],"curies":[{"name":"wp","href":"https:\/\/api.w.org\/{rel}","templated":true}]}}