{"id":570457,"date":"2025-11-12T17:43:13","date_gmt":"2025-11-12T17:43:13","guid":{"rendered":"https:\/\/www.europesays.com\/de\/570457\/"},"modified":"2025-11-12T17:43:13","modified_gmt":"2025-11-12T17:43:13","slug":"wildbach-in-koeln-tiroler-band-tritt-zum-ersten-mal-im-karneval-auf","status":"publish","type":"post","link":"https:\/\/www.europesays.com\/de\/570457\/","title":{"rendered":"WILDBACH in K\u00f6ln &#8211; Tiroler Band tritt zum ersten Mal im Karneval auf"},"content":{"rendered":"<p>Was sagen die H\u00f6hner zu der Premiere?WILDBACH in K\u00f6ln &#8211; Tiroler Band tritt zum ersten Mal im Karneval auf12. November 2025 um 18:15 Uhr<\/p>\n<p>von <strong>Parviz Khosrawi<\/strong><\/p>\n<p class=\"AnnotatedMarkup_paragraph__IUT9l\">WILDBACH ist eine Band aus Tirol. Die Musiker rund um Frontmann Ritzer Balthasar wollen jetzt aber auch in K\u00f6ln Fu\u00df fassen. Im G\u00fcrzenich hatten sie bei der Party des Kleinen Erdm\u00e4nnchen e.V. ihre erste Feuertaufe.<\/p>\n<p>Tiroler \u00fcberzeugten K\u00f6lner Verein<\/p>\n<p class=\"AnnotatedMarkup_paragraph__IUT9l\">Der S\u00e4nger von WILDBACH tr\u00e4gt keinen Tirolerhut, sondern einen \u00fcberdimensionalen Zylinder. Es ist sein Markenzeichen. Seiner Ansicht nach sind die Rheinl\u00e4nder trotz 600 Kilometern r\u00e4umlicher Distanz gar nicht so weit entfernt von den Tirolern. Die Kleinen Erdm\u00e4nnchen waren sehr offen f\u00fcr eine Zusammenarbeit und lie\u00dfen die Tiroler am Dienstag (11.11.) auf ihrer Party die B\u00fchne rocken. F\u00fcr den Pr\u00e4sidenten und ersten Vorsitzenden Ren\u00e9 Boldt ist die Tiroler Truppe eine echte Bereicherung. Auch wenn er anfangs noch sehr skeptisch war. Doch die Band hat ihn \u00fcberzeugt. Deshalb durften die \u00d6sterreicher auch den Mottosong der Kleinen Erdm\u00e4nnchen singen: \u201eK\u00f6lsche f\u00fcr K\u00f6lsche\u201c.<\/p>\n<p>H\u00f6hner sind vom Erfolg \u00fcberzeugt<\/p>\n<p class=\"AnnotatedMarkup_paragraph__IUT9l\">Was dazu wohl die K\u00f6lner Profis sagen? Direkt nach WILDBACH stehen die H\u00f6hner auf der B\u00fchne. Wir haben die Band Mitglieder vor ihrem Auftritt dazu gebracht, sich den Song der \u00d6sis anzuh\u00f6ren. Das Feedback ist positiv. \u201eWarum nicht?\u201c, sagt Patrick L\u00fcck. \u201eEs hat gut funktioniert &#8211; die Leute haben es gefeiert.\u201d Sein Kollege Jens Streifling urteilt: \u201eDen k\u00f6lschen Song fand ich ganz lustig &#8211; der hat Hitpotential.\u201d<\/p>\n<p>Anzeige:<\/p>\n<p>Empfehlungen unserer Partner<\/p>\n<p>K\u00f6lner helfen K\u00f6lnern<\/p>\n<p class=\"AnnotatedMarkup_paragraph__IUT9l\">Die Kleinen Erdm\u00e4nnchen sind ein Verein, der sich mit Wohlt\u00e4tigkeitsveranstaltungen f\u00fcr Bed\u00fcrftige engagiert. Jetzt haben sie auch noch ein paar \u00d6sterreichern geholfen, im K\u00f6lner Karneval Fu\u00df zu fassen &#8211; denn Tirol und die Domstadt am Rhein liegen zwar 600 Kilometer auseinander, sind aber emotional gar nicht so weit voneinander entfernt.<\/p>\n","protected":false},"excerpt":{"rendered":"Was sagen die H\u00f6hner zu der Premiere?WILDBACH in K\u00f6ln &#8211; Tiroler Band tritt zum ersten Mal im Karneval&hellip;\n","protected":false},"author":2,"featured_media":570458,"comment_status":"","ping_status":"","sticky":false,"template":"","format":"standard","meta":{"footnotes":""},"categories":[1828],"tags":[13204,29,30,1420,810,5827,5828,1209,5830,5829,5825,5826,5824,55793,9292],"class_list":{"0":"post-570457","1":"post","2":"type-post","3":"status-publish","4":"format-standard","5":"has-post-thumbnail","7":"category-koeln","8":"tag-karneval","9":"tag-deutschland","10":"tag-germany","11":"tag-koeln","12":"tag-musik","13":"tag-nachrichten-nrw","14":"tag-news-nrw","15":"tag-nordrhein-westfalen","16":"tag-regionale-nachrichten-nrw","17":"tag-rtl-nachrichten-nrw","18":"tag-rtl-nrw","19":"tag-rtl-regional","20":"tag-rtl-west","21":"tag-rtl-west-archiv","22":"tag-tirol"},"share_on_mastodon":{"url":"https:\/\/pubeurope.com\/@de\/115537969470130870","error":""},"_links":{"self":[{"href":"https:\/\/www.europesays.com\/de\/wp-json\/wp\/v2\/posts\/570457","targetHints":{"allow":["GET"]}}],"collection":[{"href":"https:\/\/www.europesays.com\/de\/wp-json\/wp\/v2\/posts"}],"about":[{"href":"https:\/\/www.europesays.com\/de\/wp-json\/wp\/v2\/types\/post"}],"author":[{"embeddable":true,"href":"https:\/\/www.europesays.com\/de\/wp-json\/wp\/v2\/users\/2"}],"replies":[{"embeddable":true,"href":"https:\/\/www.europesays.com\/de\/wp-json\/wp\/v2\/comments?post=570457"}],"version-history":[{"count":0,"href":"https:\/\/www.europesays.com\/de\/wp-json\/wp\/v2\/posts\/570457\/revisions"}],"wp:featuredmedia":[{"embeddable":true,"href":"https:\/\/www.europesays.com\/de\/wp-json\/wp\/v2\/media\/570458"}],"wp:attachment":[{"href":"https:\/\/www.europesays.com\/de\/wp-json\/wp\/v2\/media?parent=570457"}],"wp:term":[{"taxonomy":"category","embeddable":true,"href":"https:\/\/www.europesays.com\/de\/wp-json\/wp\/v2\/categories?post=570457"},{"taxonomy":"post_tag","embeddable":true,"href":"https:\/\/www.europesays.com\/de\/wp-json\/wp\/v2\/tags?post=570457"}],"curies":[{"name":"wp","href":"https:\/\/api.w.org\/{rel}","templated":true}]}}