{"id":570630,"date":"2025-11-12T19:20:16","date_gmt":"2025-11-12T19:20:16","guid":{"rendered":"https:\/\/www.europesays.com\/de\/570630\/"},"modified":"2025-11-12T19:20:16","modified_gmt":"2025-11-12T19:20:16","slug":"dahoam-is-dahoam-vorschau-winkler-schmiedet-finstere-plaene-unterhaltung","status":"publish","type":"post","link":"https:\/\/www.europesays.com\/de\/570630\/","title":{"rendered":"\u201eDahoam is Dahoam\u201c-Vorschau: Winkler schmiedet finstere Pl\u00e4ne | Unterhaltung"},"content":{"rendered":"<p><b>Lansing wird auch diese Woche wieder Schauplatz zahlreicher turbulenter und gef\u00fchlvoller Entwicklungen.<\/b><\/p>\n<p>Seit vielen Jahren begeistert \u201eDahoam is Dahoam\u201c die Zuschauer im BR mit den Geschichten rund um das Leben im fiktiven bayerischen Ort Lansing. Von Montag bis Donnerstag d\u00fcrfen sich Fans auf tiefe Emotionen und spannende \u00dcberraschungen freuen.<\/p>\n<p>Worum es in den Folgen der Woche vom 10. bis 13. November 2025 bei \u201eDahoam is Dahoam\u201c geht, lesen Sie hier.<\/p>\n<p>Worum geht es diese Woche bei \u201eDahoam is Dahoam\u201c?<\/p>\n<p>Die <a href=\"https:\/\/www.bild.de\/themen\/specials\/tv-programm-und-vorschau-aktuelle-news-infos-Rmd0rNOS7Nc7tW2AtfVM\" class=\"text-link\" rel=\"nofollow noopener\" target=\"_blank\">Vorschau<\/a> von \u201eDahoam is Dahoam\u201c in der Woche vom 10. bis 13. November 2025:<\/p>\n<p>Es herrscht Gef\u00fchlschaos in Bayern: Uschi (Silke Popp, 52) zweifelt an ihrem Urteil \u00fcber Winkler (Florian Stadler, 52). Hat sie sein Liebesgest\u00e4ndnis tats\u00e4chlich falsch gedeutet und empfindet er wirklich etwas f\u00fcr Sophia (Patricia Freund, 29)? W\u00e4hrend sie versucht, Klarheit zu gewinnen, schmiedet Winkler selbst finstere Pl\u00e4ne.<\/p>\n<p>Nach der erlittenen Dem\u00fctigung will er sich an Uschi r\u00e4chen und scheint bereit, Sophia skrupellos als Mittel zum Zweck zu benutzen.<\/p>\n<p><img decoding=\"async\" width=\"992\" height=\"558\" alt=\"Zwischen Lien (Nui Nguyen, 23) und Leon (Joel Akg\u00fcn, 23) kriselt es gewaltig\" src=\"https:\/\/www.europesays.com\/de\/wp-content\/uploads\/2025\/11\/3c994e1fa36229ce870e898cd9a9677b,960a7dc8\"   class=\"landscape\" loading=\"lazy\"\/><\/p>\n<p class=\"fig__caption__text\">Maja (Godiva Adela, 18) ben\u00f6tigt dringend einen passenden Nachhilfelehrer<\/p>\n<p>Foto: BR\/Lena Semmelroggen<\/p>\n<p>Unterdessen k\u00e4mpft Sarah (Sophie Reiml, 30) nach einer missgl\u00fcckten Nachhilfestunde mit Tina (Anita Eichhorn, 34) darum, Maja (Godiva Adela, 18) zu helfen. Ob Philipp (Alter unbekannt) vielleicht die bessere Wahl als Nachhilfelehrer ist?<\/p>\n<p>Auch Vera (Sybille Waury, 55) steht vor einer Herausforderung: Als sie erf\u00e4hrt, dass Lien (Nui Nguyen, 23) das Medikament Nervodown gestohlen hat und in der Schule Schwierigkeiten hat, versucht sie behutsam, zu ihr durchzudringen.<\/p>\n<p>Doch gelingt es ihr, Lien zu erreichen, bevor die Situation au\u00dfer Kontrolle ger\u00e4t? Das erfahren Sie diese Woche bei \u201eDahoam is Dahoam\u201c.<\/p>\n<p>Mehr zum ThemaWann l\u00e4uft \u201eDahoam is Dahoam\u201c?<\/p>\n<p>Die Folgen von <a href=\"https:\/\/www.bild.de\/unterhaltung\/tv-fernsehformate\/dahoam-is-dahoam-alle-infos-zur-bayerischen-daily-soap-6864f569aa0dfb270f803217\" class=\"text-link\" rel=\"nofollow noopener\" target=\"_blank\">\u201eDahoam is Dahoam\u201c<\/a> laufen f\u00fcr gew\u00f6hnlich von Montag bis Donnerstag um 19:30 Uhr im BR. Die Episoden der Serie sind au\u00dferdem in der <a href=\"https:\/\/www.bild.de\/themen\/organisationen\/ard\/organisation-news-fotos-videos-19409060.bild.html\" class=\"text-link\" rel=\"nofollow noopener\" target=\"_blank\">ARD<\/a>-Mediathek verf\u00fcgbar.<\/p>\n","protected":false},"excerpt":{"rendered":"Lansing wird auch diese Woche wieder Schauplatz zahlreicher turbulenter und gef\u00fchlvoller Entwicklungen. Seit vielen Jahren begeistert \u201eDahoam is&hellip;\n","protected":false},"author":2,"featured_media":570631,"comment_status":"","ping_status":"","sticky":false,"template":"","format":"standard","meta":{"footnotes":""},"categories":[1773],"tags":[3204,2305,29,214,2287,30,2286,471,1780,45,215],"class_list":{"0":"post-570630","1":"post","2":"type-post","3":"status-publish","4":"format-standard","5":"has-post-thumbnail","7":"category-serien","8":"tag-br","9":"tag-daily-soap","10":"tag-deutschland","11":"tag-entertainment","12":"tag-g-standard","13":"tag-germany","14":"tag-seo-nicht-benutzen","15":"tag-serien","16":"tag-series","17":"tag-texttospeech","18":"tag-unterhaltung"},"share_on_mastodon":{"url":"https:\/\/pubeurope.com\/@de\/115538351710249172","error":""},"_links":{"self":[{"href":"https:\/\/www.europesays.com\/de\/wp-json\/wp\/v2\/posts\/570630","targetHints":{"allow":["GET"]}}],"collection":[{"href":"https:\/\/www.europesays.com\/de\/wp-json\/wp\/v2\/posts"}],"about":[{"href":"https:\/\/www.europesays.com\/de\/wp-json\/wp\/v2\/types\/post"}],"author":[{"embeddable":true,"href":"https:\/\/www.europesays.com\/de\/wp-json\/wp\/v2\/users\/2"}],"replies":[{"embeddable":true,"href":"https:\/\/www.europesays.com\/de\/wp-json\/wp\/v2\/comments?post=570630"}],"version-history":[{"count":0,"href":"https:\/\/www.europesays.com\/de\/wp-json\/wp\/v2\/posts\/570630\/revisions"}],"wp:featuredmedia":[{"embeddable":true,"href":"https:\/\/www.europesays.com\/de\/wp-json\/wp\/v2\/media\/570631"}],"wp:attachment":[{"href":"https:\/\/www.europesays.com\/de\/wp-json\/wp\/v2\/media?parent=570630"}],"wp:term":[{"taxonomy":"category","embeddable":true,"href":"https:\/\/www.europesays.com\/de\/wp-json\/wp\/v2\/categories?post=570630"},{"taxonomy":"post_tag","embeddable":true,"href":"https:\/\/www.europesays.com\/de\/wp-json\/wp\/v2\/tags?post=570630"}],"curies":[{"name":"wp","href":"https:\/\/api.w.org\/{rel}","templated":true}]}}