{"id":570793,"date":"2025-11-12T20:54:14","date_gmt":"2025-11-12T20:54:14","guid":{"rendered":"https:\/\/www.europesays.com\/de\/570793\/"},"modified":"2025-11-12T20:54:14","modified_gmt":"2025-11-12T20:54:14","slug":"drogenbeauftragter-streeck-keine-teuren-krebs-medikamente-mehr-fuer-hundertjaehrige-politik","status":"publish","type":"post","link":"https:\/\/www.europesays.com\/de\/570793\/","title":{"rendered":"Drogenbeauftragter Streeck: Keine teuren Krebs-Medikamente mehr f\u00fcr Hundertj\u00e4hrige? | Politik"},"content":{"rendered":"<p>Berlin \u2013 <b>Der Drogenbeauftragte der Bundesregierung Hendrik Streeck (CDU) regt eine neue Diskussion \u00fcber die hohen Kosten im deutschen Gesundheitssystem an.<\/b><\/p>\n<p>Im Talk \u201eMeinungsfreiheit\u201c auf WELT TV (geh\u00f6rt wie BILD zu Axel Springer) stellte der Mediziner am Mittwoch grunds\u00e4tzlich infrage, ob man sehr alten Menschen noch besonders teure Medikamente verordnen solle. Es brauche in der medizinischen Selbstverwaltung \u201eklarere und verbindliche Leitlinien, dass bestimmte Medikamente auch nicht immer ausprobiert werden sollten\u201c, so Streeck. <\/p>\n<p><b>Und weiter: \u201eEs gibt Phasen im Leben, wo man bestimmte Medikamente auch nicht mehr einfach so benutzen sollte\u201c, erkl\u00e4rte der <\/b><a href=\"https:\/\/www.bild.de\/politik\/inland\/cdu-general-linnemann-keilt-gegen-renten-kommission-6914611c35739e1972508809\" class=\"text-link\" target=\"_blank\" rel=\"noopener\"><b>CDU<\/b><\/a><b>-Politiker.<\/b><\/p>\n<p>\u201eEs gibt einfach zum Beispiel Erkrankungen, wie fortgeschrittene <a href=\"https:\/\/www.bild.de\/themen\/specials\/krebs\/gesundheit-news-fotos-videos-17039560.bild.html\" class=\"text-link\" target=\"_blank\" rel=\"noopener\">Krebserkrankungen<\/a>, wo dann pl\u00f6tzlich eine neue Studie herausgekommen ist, dass diese neue Studie helfen k\u00f6nnte, vielleicht hier die Sterblichkeit um 10 Prozent zu reduzieren\u201c, f\u00fchrt der Virologe weiter aus.<\/p>\n<p>Diskussion \u00fcber Therapien f\u00fcr Hundertj\u00e4hrige: \u201eBestimmte Medikamente dann nicht mehr\u2026\u201c<a class=\"anchor video-teaser__anchor\" href=\"https:\/\/www.bild.de\/politik\/diskussion-ueber-therapien-fuer-hundertjaehrige-bestimmte-medikamente-dann-nicht-mehr-6914cd810407e2fef73cab49\" target=\"_blank\" rel=\"noopener\"><img decoding=\"async\" width=\"992\" height=\"558\" alt=\"\" src=\"https:\/\/www.europesays.com\/de\/wp-content\/uploads\/2025\/11\/849d654b39d4142adacc9426fcfc75b7-landscape,ab1ea336\"   class=\"landscape teaser__image\" loading=\"lazy\"\/><\/a><\/p>\n<p>Quelle: WELT12.11.2025<\/p>\n<p>\u25ba Sein Punkt sind die enormen Ausgaben, die damit verbunden sind: \u201eWenn man das aber bei einer 100-J\u00e4hrigen macht\u201c, stehe das seiner Meinung nach in keinem Verh\u00e4ltnis mehr. Dann m\u00fcsse man fragen, ob man \u201ewirklich diese teuren Medikamente\u201c anwenden m\u00fcsse.\n<\/p>\n<p>Hintergrund: Die Kosten bzw. Ausgaben des deutschen Gesundheitssystems liegen auf einem sehr hohen Niveau und steigen weiter an. 2024 stehen rund 538 Milliarden Euro zu Buche, ein Anstieg von etwa 7,5 Prozent gegen\u00fcber 2023.<\/p>\n<p>Mehr zum ThemaStreeck nimmt eigenen Vater als Beispiel<\/p>\n<p><b>Streeck verdeutlicht anhand eines pers\u00f6nlichen Beispiels, wie unn\u00fctz Kosten verursacht w\u00fcrden. Er verweist auf die Erfahrungen rund um den Tod seines eigenen Vaters, der an Lungenkrebs starb:<\/b><\/p>\n<p>\u201eEs wurde in den letzten Wochen, wo er gestorben ist, so viel Geld ausgegeben. Und es hat nichts gebracht. Es wurden die neuesten Therapien aufgefahren. Es hat nichts gebracht. Und er hat mehr dort ausgegeben als je in seinem ganzen Leben im Gesundheitswesen.\u201c  <\/p>\n","protected":false},"excerpt":{"rendered":"Berlin \u2013 Der Drogenbeauftragte der Bundesregierung Hendrik Streeck (CDU) regt eine neue Diskussion \u00fcber die hohen Kosten im&hellip;\n","protected":false},"author":2,"featured_media":570794,"comment_status":"","ping_status":"","sticky":false,"template":"","format":"standard","meta":{"footnotes":""},"categories":[2],"tags":[162,29,30,13,11843,9469,166,1080,18115,137537,14,15,12,127914,45,10,8,9,11,13412],"class_list":{"0":"post-570793","1":"post","2":"type-post","3":"status-publish","4":"format-standard","5":"has-post-thumbnail","7":"category-deutschland","8":"tag-coronavirus","9":"tag-deutschland","10":"tag-germany","11":"tag-headlines","12":"tag-immuntherapie","13":"tag-infektionskrankheit","14":"tag-krankenkassen","15":"tag-krebs","16":"tag-medikamente","17":"tag-medikamentoese-behandlung","18":"tag-nachrichten","19":"tag-news","20":"tag-schlagzeilen","21":"tag-streeck-hendrik","22":"tag-texttospeech","23":"tag-top-news","24":"tag-top-meldungen","25":"tag-topmeldungen","26":"tag-topnews","27":"tag-viren"},"share_on_mastodon":{"url":"https:\/\/pubeurope.com\/@de\/115538721194886018","error":""},"_links":{"self":[{"href":"https:\/\/www.europesays.com\/de\/wp-json\/wp\/v2\/posts\/570793","targetHints":{"allow":["GET"]}}],"collection":[{"href":"https:\/\/www.europesays.com\/de\/wp-json\/wp\/v2\/posts"}],"about":[{"href":"https:\/\/www.europesays.com\/de\/wp-json\/wp\/v2\/types\/post"}],"author":[{"embeddable":true,"href":"https:\/\/www.europesays.com\/de\/wp-json\/wp\/v2\/users\/2"}],"replies":[{"embeddable":true,"href":"https:\/\/www.europesays.com\/de\/wp-json\/wp\/v2\/comments?post=570793"}],"version-history":[{"count":0,"href":"https:\/\/www.europesays.com\/de\/wp-json\/wp\/v2\/posts\/570793\/revisions"}],"wp:featuredmedia":[{"embeddable":true,"href":"https:\/\/www.europesays.com\/de\/wp-json\/wp\/v2\/media\/570794"}],"wp:attachment":[{"href":"https:\/\/www.europesays.com\/de\/wp-json\/wp\/v2\/media?parent=570793"}],"wp:term":[{"taxonomy":"category","embeddable":true,"href":"https:\/\/www.europesays.com\/de\/wp-json\/wp\/v2\/categories?post=570793"},{"taxonomy":"post_tag","embeddable":true,"href":"https:\/\/www.europesays.com\/de\/wp-json\/wp\/v2\/tags?post=570793"}],"curies":[{"name":"wp","href":"https:\/\/api.w.org\/{rel}","templated":true}]}}