{"id":570953,"date":"2025-11-12T22:33:12","date_gmt":"2025-11-12T22:33:12","guid":{"rendered":"https:\/\/www.europesays.com\/de\/570953\/"},"modified":"2025-11-12T22:33:12","modified_gmt":"2025-11-12T22:33:12","slug":"umbruch-mit-hindernissen-beim-fv-moenchengladbach","status":"publish","type":"post","link":"https:\/\/www.europesays.com\/de\/570953\/","title":{"rendered":"Umbruch mit Hindernissen beim FV M\u00f6nchengladbach"},"content":{"rendered":"<p>Der Saisonbeginn lief dar\u00fcber hinaus gar nicht nach Wunsch. Auch wenn man sich im ersten Saisonspiel gegen Aufstiegskandidat Fortuna D\u00fcsseldorf noch einen Punkt erk\u00e4mpfte. Doch bereits im zweiten Spiel, dem Derby beim SV Glehn, verlor der FV sehr ungl\u00fccklich in der Nachspielzeit noch, kassierte au\u00dferdem eine Rote Karte und verlor verletzungsbedingt Maresa Patzelt. Diese war eine der Verbliebenen aus der Niederrheinliga-Zeit und ist wichtig f\u00fcr die Offensivarbeit des FV: Erst am vergangenen Wochenende kehrte sie zur\u00fcck. \u201eWir hatten also gleich enormes Verletzungspech\u201c, sagt auch R\u00f6hrhoff. Im ohnehin d\u00fcnn besetzten Angriff der Mannschaft fehlt weiterhin Moesha Drie\u00dfen, Finja Beckers f\u00e4llt die gesamte Hinrunde aus. Carolin Baaken ist durch einen Auslandsaufenthalt raus, daf\u00fcr ist Anna Julia Lange wieder dabei und traf bereits vier Mal.<\/p>\n<p class=\"richtext text-em-55 !leading-serif mx-6 desktop:mx-0\">Auch beim dritten Spiel bei Fortuna Wuppertal (1:2) war ein Punktgewinn nicht weit, und wieder verlor der FV eine Spielerin nach einer Roten Karte. Die zun\u00e4chst noch intakte Moral zum Saisonbeginn war in den folgenden Spielen weg: Es kam zu entt\u00e4uschende Niederlagen wie das 0:5 bei der SSVg Velbert oder das 1:5 beim TuSpo Richrath dabei. Was der FV sich meist mitnahm: Die Offensive ist zu harmlos. \u201eDa zahlen wir Lehrgeld, da fehlt uns die Durchschlagskraft\u201c, sagt R\u00f6hrhoff. Entsprechend hat das Team erst elf Tore erzielt. Auch defensive Fehler, die einer reiferen Mannschaft vielleicht nicht passieren w\u00fcrden, seien h\u00e4ufig drin.<\/p>\n<p class=\"text_ohne_einzug richtext text-em-55 !leading-serif mx-6 desktop:mx-0\">Doch der unerfahrenen Truppe gilt das Vertrauen des Vereins, der sich bewusst f\u00fcr die Jugend und gegen externe Neuverpflichtungen entschieden hat. Und es gibt Hoffnung. Emely Bauer, die auch aus der Bezirksliga-Mannschaft des FV der Vorsaison gekommen ist, hat sich zur Stammspielerin und Leistungstr\u00e4gerin entwickelt. Die Formkurve des Teams zeigte zuletzt nach oben. Nach einem Remis beim SC Grimlinghausen folgte der erste Saisonsieg gegen Tusa D\u00fcsseldorf II (3:2), danach gab es weiteres Remis. Somit ist die Mannschaft seit drei Partien ungeschlagen. Auch wenn die alten Probleme noch bestehen, ist der Aufw\u00e4rtstrend erkennbar.<\/p>\n<p class=\"text_ohne_einzug richtext text-em-55 !leading-serif mx-6 desktop:mx-0\">Bei der allgemein guten Trainingsbeteiligung der M\u00e4dchen ist der Vorsitzende optimistisch, zumal auch die Verletzten irgendwann zur\u00fcckkehren. \u201eWir werden noch genug Punkte holen f\u00fcr den Klassenerhalt. Das ist das erkl\u00e4rte Ziel und das geht nicht \u00fcber Nacht, sondern braucht Zeit\u201c, sagt R\u00f6hrhoff. Dieses und wohl auch das kommende Jahr sieht er als \u00dcbergangsphase, bevor der FV wieder einen Angriff auf den Niederrheinliga-Aufstieg angehen kann. Denn in der Liga sieht sich der Verein grunds\u00e4tzlich.<\/p>\n<p class=\"text_ohne_einzug richtext text-em-55 !leading-serif mx-6 desktop:mx-0\">W\u00e4hrend Uwe R\u00f6hrhoff sein Amt als Vorsitzender k\u00fcnftig niederlegen und bei der kommenden Jahreshauptversammlung im Dezember einen Nachfolger w\u00e4hlen lassen will, soll das Trainertram aus Antonio Quaico und seinen beiden Co-Trainern Anna Kl\u00fctsch und Festim Murati weiter fest im Sattel bleiben. Auch wenn sich die Bilanz beileibe nicht gut liest. \u201eToni ist super loyal und sehr beliebt. Er durchl\u00e4uft die gleiche Lernkurve wie die M\u00e4dchen. Ich bin \u00fcberzeugt, dass er die Klasse schafft\u201c, sagt der Vorsitzende. Quiaco habe sich in der Krise f\u00fcr sein erstes Traineramt zur Verf\u00fcgung gestellt und stets sein Bestes gegeben.<\/p>\n<p>   INFO: Der Nachwuchs schl\u00e4gt sich gut B-Juniorinnen Die B-Jugend ist aktuell der Unterbau des FV M\u00f6nchengladbach. Sie tritt in der Niederrheinliga an und liegt nach einem soliden Saisonstart mit acht Punkten aus sechs Spielen auf Tabellenplatz sieben. <\/p>\n<p class=\"link-child-black dark:link-child-white text-black-solid dark:text-white-solid font-sans text-50 leading-md richtext link-child-black dark:link-child-white font-sans text-50 !leading-md mb-6 desktop:mb-8 last:mb-0\">C-Juniorinnen Die C-Jugend (U15) spielt in der C-Juniorinnen-Leistungsklasse und liegt ungeschlagen auf Platz zwei hinter dem VfR Warbeyen. Beide Mannschaften spielen also in der jeweils h\u00f6chsten Spielklasse des Verbandes.<\/p>\n","protected":false},"excerpt":{"rendered":"Der Saisonbeginn lief dar\u00fcber hinaus gar nicht nach Wunsch. Auch wenn man sich im ersten Saisonspiel gegen Aufstiegskandidat&hellip;\n","protected":false},"author":2,"featured_media":570954,"comment_status":"","ping_status":"","sticky":false,"template":"","format":"standard","meta":{"footnotes":""},"categories":[1849],"tags":[3364,29,548,663,3934,137555,137556,30,17794,13,4455,14,15,1209,12],"class_list":{"0":"post-570953","1":"post","2":"type-post","3":"status-publish","4":"format-standard","5":"has-post-thumbnail","7":"category-moenchengladbach","8":"tag-de","9":"tag-deutschland","10":"tag-eu","11":"tag-europa","12":"tag-europe","13":"tag-frauen-landesliga-niederrhein","14":"tag-fv-moenchengladbach-2020","15":"tag-germany","16":"tag-gruppe-2","17":"tag-headlines","18":"tag-moenchengladbach","19":"tag-nachrichten","20":"tag-news","21":"tag-nordrhein-westfalen","22":"tag-schlagzeilen"},"share_on_mastodon":{"url":"https:\/\/pubeurope.com\/@de\/115539109810667937","error":""},"_links":{"self":[{"href":"https:\/\/www.europesays.com\/de\/wp-json\/wp\/v2\/posts\/570953","targetHints":{"allow":["GET"]}}],"collection":[{"href":"https:\/\/www.europesays.com\/de\/wp-json\/wp\/v2\/posts"}],"about":[{"href":"https:\/\/www.europesays.com\/de\/wp-json\/wp\/v2\/types\/post"}],"author":[{"embeddable":true,"href":"https:\/\/www.europesays.com\/de\/wp-json\/wp\/v2\/users\/2"}],"replies":[{"embeddable":true,"href":"https:\/\/www.europesays.com\/de\/wp-json\/wp\/v2\/comments?post=570953"}],"version-history":[{"count":0,"href":"https:\/\/www.europesays.com\/de\/wp-json\/wp\/v2\/posts\/570953\/revisions"}],"wp:featuredmedia":[{"embeddable":true,"href":"https:\/\/www.europesays.com\/de\/wp-json\/wp\/v2\/media\/570954"}],"wp:attachment":[{"href":"https:\/\/www.europesays.com\/de\/wp-json\/wp\/v2\/media?parent=570953"}],"wp:term":[{"taxonomy":"category","embeddable":true,"href":"https:\/\/www.europesays.com\/de\/wp-json\/wp\/v2\/categories?post=570953"},{"taxonomy":"post_tag","embeddable":true,"href":"https:\/\/www.europesays.com\/de\/wp-json\/wp\/v2\/tags?post=570953"}],"curies":[{"name":"wp","href":"https:\/\/api.w.org\/{rel}","templated":true}]}}